{"id":158655,"date":"2025-10-06T00:18:19","date_gmt":"2025-10-06T00:18:19","guid":{"rendered":"https:\/\/www.europesays.com\/es\/158655\/"},"modified":"2025-10-06T00:18:19","modified_gmt":"2025-10-06T00:18:19","slug":"libros-de-ayer-y-hoy-2","status":"publish","type":"post","link":"https:\/\/www.europesays.com\/es\/158655\/","title":{"rendered":"Libros de ayer y hoy"},"content":{"rendered":"<p>La danza que sue\u00f1a la tortuga, cumbre de Emilio Carballido<\/p>\n<p><a href=\"https:\/\/mexico.quadratin.com.mx\/cdn-cgi\/l\/email-protection\" class=\"__cf_email__\" data-cfemail=\"81ede0e8f2ede0f0f4e4e3f3e8edede0e3e0c1f8e0e9eeeeafe2eeecafecf9\" rel=\"nofollow noopener\" target=\"_blank\">[email\u00a0protected]<\/a><\/p>\n<p>La danza que sue\u00f1a la tortuga, cumbre en los cien a\u00f1os de Emilio Carballido, acerca al p\u00fablico mexicano al gran dramaturgo veracruzano. Y m\u00e1s cuando el a\u00f1o actual se le dedica.<\/p>\n<p>En estos Libros de ayer y hoy, hemos tratado algunas de sus obras, la \u00faltima, Rosalba y los Llaveros, pero hemos insistido en La danza que sue\u00f1a la tortuga, por su vinculaci\u00f3n con Federico Garc\u00eda Lorca. <\/p>\n<p>M\u00e1s cuando en este momento la obra est\u00e1 en cartelera en el teatro Orientaci\u00f3n Luisa Josefina Hern\u00e1ndez, en el Centro Cultural del Bosque. <\/p>\n<p>Es una obra que dirige Nohem\u00ed Espinosa que durar\u00e1 hasta el 23 de noviembre y tiene un elenco interesante integrado por Sonia Covoh, Carmen Mastache, Omar Betancourt, Cris Ramos, Erika de la LLave, Berenice Rios\u00e9, Yadira P\u00e9rez y Jorge Z\u00e1rate.<\/p>\n<p>CARBALLIDO, UN CREADOR QUE LLEG\u00d3 A REBASAR TODOS LOS G\u00c9NEROS<\/p>\n<p>Vale recordar como homenaje, lo que hemos hecho llegar al lector. Al saber que el centenario de Emilio Carballido se conmemorar\u00e1 todo el a\u00f1o, vino a la memoria que por un tiempo vivi\u00f3 en San Pedro de los Pinos cerca de donde vivo. <\/p>\n<p>Y curiosamente frente a su casa vivi\u00f3 tambi\u00e9n un largo tiempo Vicente Le\u00f1ero que seg\u00fan declar\u00f3 a la muerte del autor veracruzano, que nunca tuvo trato con \u00e9l, cosa que lamentaba, pese a la cercan\u00eda y al hecho de que Le\u00f1ero tambi\u00e9n incursion\u00f3 en la dramaturgia. <\/p>\n<p>Algunas veces pas\u00e9 por donde estaba la escultura de ese creador de teatro en esa zona, estatua que en esos robos de metal tan corriente, fue sustra\u00edda. <\/p>\n<p>Se robaron su escultura pero no el recuerdo y su grandeza, ni toda la injerencia literaria y teatral que lo configura en la generaci\u00f3n mexicana de los 50, con una obra que llega a rebasar casi todos los g\u00e9neros literarios, guiones de cine, cuentos, libretos de \u00f3pera y todo ese caudal que ahora se menciona con orgullo al recordar su nacimiento hace cien a\u00f1os el 22 de mayo de 1925. <\/p>\n<p>La \u00faltima nota al respecto de esta columna, fue precisamente en el pasado mes de mayo.<\/p>\n<p>Pero ahora, cuando su recuerdo se estampa en una de sus obras m\u00e1s conocidas, hacemos llegar datos ya compartidos, que configuran su obra y que lo ligan en el nombre, a otro gran creador, el espa\u00f1ol Federico Garc\u00eda Lorca.<\/p>\n<p>M\u00c1S DE 200 0BRAS REFULGEN EN LA HERENCIA DE EMILIO CARBALLIDO <\/p>\n<p>Entre sus obras m\u00e1s conocidas, est\u00e1n Rosalba y los Llaveros, Las visitaciones del diablo que se convirti\u00f3 en pel\u00edcula, Yo tambi\u00e9n hablo de la rosa, Te juro Juana que tengo ganas\u2026Rosa de dos aromas, El tren que corr\u00eda, Los zapatos de fierro, Silencio pollos pelones\u2026 <\/p>\n<p>La danza que sue\u00f1a la tortuga, entre decenas y decenas de obras que rebasan las 200. El destacado dramaturgo nacido en C\u00f3rdoba en 1925 y fallecido en 2008, es considerado uno de los exponentes m\u00e1s representativos del teatro tradicional mexicano. <\/p>\n<p>Ya he hablado en otras ocasiones de esta obra, La danza que sue\u00f1a la tortuga, por la vinculaci\u00f3n que se hace con el poeta espa\u00f1ol mencionado. Y por una singular cercan\u00eda: la fecha de nacimiento de Carballido, con el d\u00eda conmemorativo de la tortuga, fecha creada por activistas para sudefensa, el 23 de mayo.<\/p>\n<p>EL T\u00cdTULO DE LA OBRA SE MENCIONA EN EL PEQUE\u00d1O VALS VIEN\u00c9S DE LORCA<\/p>\n<p>La obra mencionada fue escrita y presentada en 1954. Carballido cambi\u00f3 su t\u00edtulo original para darle entrada a una frase de Garc\u00eda Lorca de su poemario Poeta en Nueva York. Trata de un tema familiar en el que el autor se centra en la clase media alta veracruzana, los valores que imperaban entonces y la forma como se aplicaban sobre todo en las mujeres. Se trata de dos solteronas y un joven, una de las cuales en un mal entendido compromete en matrimonio al joven que es su sobrino. <\/p>\n<p>En la comedia, que eso es, se plantean sin embargo, no solo las estructuras predominantes del machismo, en ese caso del hermano mayor y como en un acto que destaca el valor de la obra, las dos hermanas se solidarizan y salen a relucir valores de lucha femenina que ahora predominan en grupos de mujeres. <\/p>\n<p>En aquellas ocasiones que hice referencia a esta obra, recalqu\u00e9 la pertinencia del poema de Lorca, porque como un gran luchador que fue, \u00e9l impregn\u00f3 su poes\u00eda de una trascendencia que se expresa no solo en la obra de teatro de un gran dramaturgo, sino en poes\u00eda, m\u00fasica, pintura, etc\u00e9tera. <\/p>\n<p>Ah\u00ed va otra vez la parte del poema Peque\u00f1o vals vien\u00e9s, del granadino. Te quiero, te quiero, te quiero, con la butaca y el libro muerto,<br \/>por el melanc\u00f3lico pasillo, en el oscuro desv\u00e1n del lirio, en nuestra cama de la luna y en la danza que sue\u00f1a la tortuga.<\/p>\n<p>\u00a1Ay! \u00a1Ay! \u00a1Ay! \u00a1Ay!<\/p>\n<p>Todo ese vals de quebrada cintura.<\/p>\n","protected":false},"excerpt":{"rendered":"La danza que sue\u00f1a la tortuga, cumbre de Emilio Carballido [email\u00a0protected] La danza que sue\u00f1a la tortuga, cumbre&hellip;\n","protected":false},"author":2,"featured_media":158656,"comment_status":"","ping_status":"","sticky":false,"template":"","format":"standard","meta":{"footnotes":""},"categories":[172],"tags":[224,146,147,25,24,225,23],"class_list":{"0":"post-158655","1":"post","2":"type-post","3":"status-publish","4":"format-standard","5":"has-post-thumbnail","7":"category-libros","8":"tag-books","9":"tag-entertainment","10":"tag-entretenimiento","11":"tag-es","12":"tag-espana","13":"tag-libros","14":"tag-spain"},"share_on_mastodon":{"url":"","error":""},"_links":{"self":[{"href":"https:\/\/www.europesays.com\/es\/wp-json\/wp\/v2\/posts\/158655","targetHints":{"allow":["GET"]}}],"collection":[{"href":"https:\/\/www.europesays.com\/es\/wp-json\/wp\/v2\/posts"}],"about":[{"href":"https:\/\/www.europesays.com\/es\/wp-json\/wp\/v2\/types\/post"}],"author":[{"embeddable":true,"href":"https:\/\/www.europesays.com\/es\/wp-json\/wp\/v2\/users\/2"}],"replies":[{"embeddable":true,"href":"https:\/\/www.europesays.com\/es\/wp-json\/wp\/v2\/comments?post=158655"}],"version-history":[{"count":0,"href":"https:\/\/www.europesays.com\/es\/wp-json\/wp\/v2\/posts\/158655\/revisions"}],"wp:featuredmedia":[{"embeddable":true,"href":"https:\/\/www.europesays.com\/es\/wp-json\/wp\/v2\/media\/158656"}],"wp:attachment":[{"href":"https:\/\/www.europesays.com\/es\/wp-json\/wp\/v2\/media?parent=158655"}],"wp:term":[{"taxonomy":"category","embeddable":true,"href":"https:\/\/www.europesays.com\/es\/wp-json\/wp\/v2\/categories?post=158655"},{"taxonomy":"post_tag","embeddable":true,"href":"https:\/\/www.europesays.com\/es\/wp-json\/wp\/v2\/tags?post=158655"}],"curies":[{"name":"wp","href":"https:\/\/api.w.org\/{rel}","templated":true}]}}