{"id":158675,"date":"2025-10-06T00:36:14","date_gmt":"2025-10-06T00:36:14","guid":{"rendered":"https:\/\/www.europesays.com\/es\/158675\/"},"modified":"2025-10-06T00:36:14","modified_gmt":"2025-10-06T00:36:14","slug":"la-jornada-la-formula-1-cambia-de-televisora-en-mexico-a-partir-del-gp-de-singapur","status":"publish","type":"post","link":"https:\/\/www.europesays.com\/es\/158675\/","title":{"rendered":"La Jornada &#8211; La F\u00f3rmula 1 cambia de televisora en M\u00e9xico a partir del GP de Singapur"},"content":{"rendered":"<p>La F\u00f3rmula Uno anunci\u00f3 este s\u00e1bado que Grupo Televisa ser\u00e1 su nuevo socio para la transmisi\u00f3n en M\u00e9xico de su campeonato mundial a partir del Gran Premio de Singapur, que se llevar\u00e1 cabo este domingo, y hasta la temporada 2028, con lo que Fox Sports dejar\u00e1 de emitir el resto del actual torneo.<\/p>\n<p>La categor\u00eda reina del automovilismo indic\u00f3 en su cuenta de Instagram que los aficionados mexicanos podr\u00e1n disfrutar las siete carreras que faltan por disputar en la presente temporada en los sistemas Izzi y Sky a trav\u00e9s de los canales de Sky Sports.<\/p>\n<p>\u201c\u00a1Hoy la adrenalina aumenta porque la F1 tiene nueva casa! Vive el Gran Premio de Singapur por Sky Sports F1 este domingo a las 06:00 horas\u201d, confirm\u00f3 a su vez Izzi en sus redes sociales.<\/p>\n<p>De acuerdo con diversos reportes, Fox Sports, empresa de Grupo Lauman, no podr\u00e1 televisar la parte final de la temporada 2025 tras perder sus derechos de transmisi\u00f3n con efecto inmediato por falta de pago. \u00a0<\/p>\n<p>Consumidores se quejaron desde ayer y este mismo s\u00e1bado de que no pudieron ver las pr\u00e1cticas y la clasificaci\u00f3n del Gran Premio de Singapur en ninguno de los tres canales de Fox Sports, y tampoco en Fox Sports Premium, su plataforma de streaming.\u00a0<\/p>\n","protected":false},"excerpt":{"rendered":"La F\u00f3rmula Uno anunci\u00f3 este s\u00e1bado que Grupo Televisa ser\u00e1 su nuevo socio para la transmisi\u00f3n en M\u00e9xico&hellip;\n","protected":false},"author":2,"featured_media":158676,"comment_status":"","ping_status":"","sticky":false,"template":"","format":"standard","meta":{"footnotes":""},"categories":[270],"tags":[168,25,24,306,271,272,15639,3170,2306,7080,23,167,16750],"class_list":{"0":"post-158675","1":"post","2":"type-post","3":"status-publish","4":"format-standard","5":"has-post-thumbnail","7":"category-formula-1","8":"tag-deportes","9":"tag-es","10":"tag-espana","11":"tag-f1","12":"tag-formula-1","13":"tag-formula1","14":"tag-fox-sports","15":"tag-gp","16":"tag-gran-premio","17":"tag-noticia","18":"tag-spain","19":"tag-sports","20":"tag-televisa"},"share_on_mastodon":{"url":"","error":""},"_links":{"self":[{"href":"https:\/\/www.europesays.com\/es\/wp-json\/wp\/v2\/posts\/158675","targetHints":{"allow":["GET"]}}],"collection":[{"href":"https:\/\/www.europesays.com\/es\/wp-json\/wp\/v2\/posts"}],"about":[{"href":"https:\/\/www.europesays.com\/es\/wp-json\/wp\/v2\/types\/post"}],"author":[{"embeddable":true,"href":"https:\/\/www.europesays.com\/es\/wp-json\/wp\/v2\/users\/2"}],"replies":[{"embeddable":true,"href":"https:\/\/www.europesays.com\/es\/wp-json\/wp\/v2\/comments?post=158675"}],"version-history":[{"count":0,"href":"https:\/\/www.europesays.com\/es\/wp-json\/wp\/v2\/posts\/158675\/revisions"}],"wp:featuredmedia":[{"embeddable":true,"href":"https:\/\/www.europesays.com\/es\/wp-json\/wp\/v2\/media\/158676"}],"wp:attachment":[{"href":"https:\/\/www.europesays.com\/es\/wp-json\/wp\/v2\/media?parent=158675"}],"wp:term":[{"taxonomy":"category","embeddable":true,"href":"https:\/\/www.europesays.com\/es\/wp-json\/wp\/v2\/categories?post=158675"},{"taxonomy":"post_tag","embeddable":true,"href":"https:\/\/www.europesays.com\/es\/wp-json\/wp\/v2\/tags?post=158675"}],"curies":[{"name":"wp","href":"https:\/\/api.w.org\/{rel}","templated":true}]}}