{"id":158677,"date":"2025-10-06T00:38:27","date_gmt":"2025-10-06T00:38:27","guid":{"rendered":"https:\/\/www.europesays.com\/es\/158677\/"},"modified":"2025-10-06T00:38:27","modified_gmt":"2025-10-06T00:38:27","slug":"la-vida-nunca-volvera-a-ser-la-misma","status":"publish","type":"post","link":"https:\/\/www.europesays.com\/es\/158677\/","title":{"rendered":"&#8216;La vida nunca volver\u00e1 a ser la misma&#8217;"},"content":{"rendered":"<p>Una tragedia familiar para los Lukaku<\/p>\n<p class=\"mb-4 text-lg md:leading-8 break-words\">Lukaku anunci\u00f3 el fallecimiento de su padre, Roger, a los 58 a\u00f1os. Junto a su hermano Jordan, el delantero del Napoli comparti\u00f3 un emotivo homenaje en Instagram, escribiendo: \u201cLa vida nunca volver\u00e1 a ser la misma.\u201d<\/p>\n<p class=\"mb-4 text-lg md:leading-8 break-words\">\u00a0<\/p>\n<p>El emotivo gesto de Lukaku en Instagram para su padre<\/p>\n<p class=\"mb-4 text-lg md:leading-8 break-words\">Como parte de su luto, el delantero belga ha eliminado todas las publicaciones anteriores de su perfil de Instagram, dejando \u00fanicamente una foto junto a su padre. En ella, agradece a Roger por protegerlo y guiarlo, reconociendo que el dolor \u201cfluye como r\u00edos\u201d. Este gesto simb\u00f3lico refleja la profundidad de su tristeza en un momento ya dif\u00edcil debido a una lesi\u00f3n.<\/p>\n<p class=\"mb-4 text-lg md:leading-8 break-words\">En la publicaci\u00f3n, Lukaku escribi\u00f3:<br \/>\u00abGracias por ense\u00f1arme todo lo que s\u00e9. Siempre estar\u00e9 agradecido y te apreciar\u00e9. La vida nunca volver\u00e1 a ser la misma. Me protegiste y guiaste como nadie m\u00e1s pudo haberlo hecho. Nunca volver\u00e9 a ser el mismo. El dolor y las l\u00e1grimas fluyen libremente. Pero Dios me dar\u00e1 la fuerza para levantarme. Gracias por todo.\u00bb<\/p>\n<p>El hombre que molde\u00f3 las carreras de sus hijos<\/p>\n<p class=\"mb-4 text-lg md:leading-8 break-words\">Roger Lukaku, exdelantero de Zaire que tambi\u00e9n jug\u00f3 en B\u00e9lgica y Turqu\u00eda, tuvo una influencia compleja pero significativa en la vida de sus hijos. Aunque su relaci\u00f3n con Romelu y Jordan se vio afectada tras su divorcio, en 2023 Roger expres\u00f3 su deseo de reconciliaci\u00f3n: \u00abEspero que este art\u00edculo vuelva a abrir las compuertas. Siento que alg\u00fan d\u00eda las cosas estar\u00e1n bien de nuevo, porque la situaci\u00f3n actual me est\u00e1 lastimando mucho.\u00bb A pesar de los desaf\u00edos del pasado, Romelu reconoci\u00f3 que su padre le ense\u00f1\u00f3 \u201ctodo lo que s\u00e9\u201d.<\/p>\n<p>Qu\u00e9 le depara el futuro a Lukaku y al Napoli<img alt=\"Qu\u00e9 le depara el futuro a Lukaku y al Napoli\" loading=\"lazy\" width=\"960\" height=\"540\" decoding=\"async\" data-nimg=\"1\" class=\"rounded-lg\" style=\"color:transparent\" src=\"https:\/\/www.europesays.com\/es\/wp-content\/uploads\/2025\/10\/fee35cddfdd2c9c48ba4a33d4671f0e1.jpeg\"\/><\/p>\n<p>Qu\u00e9 le depara el futuro a Lukaku y al Napoli<\/p>\n<p class=\"mb-4 text-lg md:leading-8 break-words\">Lukaku, quien la temporada pasada registr\u00f3 14 goles y 10 asistencias en la Serie A, se encuentra actualmente en recuperaci\u00f3n de una lesi\u00f3n en el muslo que podr\u00eda mantenerlo fuera hasta principios de 2026. El Napoli espera que pueda regresar en plena forma, pero por ahora el f\u00fatbol queda en segundo plano mientras su delantero se concentra en la familia, en sanar y, eventualmente, en reunir fuerzas para volver al campo.<\/p>\n<p class=\"mb-4 text-lg md:leading-8 break-words\">Reportaje adicional de Stefano Silvestri.<\/p>\n","protected":false},"excerpt":{"rendered":"Una tragedia familiar para los Lukaku Lukaku anunci\u00f3 el fallecimiento de su padre, Roger, a los 58 a\u00f1os.&hellip;\n","protected":false},"author":2,"featured_media":158678,"comment_status":"","ping_status":"","sticky":false,"template":"","format":"standard","meta":{"footnotes":""},"categories":[268],"tags":[168,25,24,280,282,4536,47248,47249,47247,281,23,167],"class_list":{"0":"post-158677","1":"post","2":"type-post","3":"status-publish","4":"format-standard","5":"has-post-thumbnail","7":"category-futbol","8":"tag-deportes","9":"tag-es","10":"tag-espana","11":"tag-football","12":"tag-futbol","13":"tag-instagram","14":"tag-napoli","15":"tag-pero-dios","16":"tag-roger-lukaku","17":"tag-soccer","18":"tag-spain","19":"tag-sports"},"share_on_mastodon":{"url":"","error":""},"_links":{"self":[{"href":"https:\/\/www.europesays.com\/es\/wp-json\/wp\/v2\/posts\/158677","targetHints":{"allow":["GET"]}}],"collection":[{"href":"https:\/\/www.europesays.com\/es\/wp-json\/wp\/v2\/posts"}],"about":[{"href":"https:\/\/www.europesays.com\/es\/wp-json\/wp\/v2\/types\/post"}],"author":[{"embeddable":true,"href":"https:\/\/www.europesays.com\/es\/wp-json\/wp\/v2\/users\/2"}],"replies":[{"embeddable":true,"href":"https:\/\/www.europesays.com\/es\/wp-json\/wp\/v2\/comments?post=158677"}],"version-history":[{"count":0,"href":"https:\/\/www.europesays.com\/es\/wp-json\/wp\/v2\/posts\/158677\/revisions"}],"wp:featuredmedia":[{"embeddable":true,"href":"https:\/\/www.europesays.com\/es\/wp-json\/wp\/v2\/media\/158678"}],"wp:attachment":[{"href":"https:\/\/www.europesays.com\/es\/wp-json\/wp\/v2\/media?parent=158677"}],"wp:term":[{"taxonomy":"category","embeddable":true,"href":"https:\/\/www.europesays.com\/es\/wp-json\/wp\/v2\/categories?post=158677"},{"taxonomy":"post_tag","embeddable":true,"href":"https:\/\/www.europesays.com\/es\/wp-json\/wp\/v2\/tags?post=158677"}],"curies":[{"name":"wp","href":"https:\/\/api.w.org\/{rel}","templated":true}]}}