{"id":158681,"date":"2025-10-06T00:42:11","date_gmt":"2025-10-06T00:42:11","guid":{"rendered":"https:\/\/www.europesays.com\/es\/158681\/"},"modified":"2025-10-06T00:42:11","modified_gmt":"2025-10-06T00:42:11","slug":"adara-y-tony-cargan-contra-noel-en-una-de-las-peleas-mas-tensas-de-supervivientes-vago-y-soso","status":"publish","type":"post","link":"https:\/\/www.europesays.com\/es\/158681\/","title":{"rendered":"Adara y Tony cargan contra Noel en una de las peleas m\u00e1s tensas de &#8216;Supervivientes&#8217;: \u00ab\u00a1Vago y soso!\u00bb"},"content":{"rendered":"<p class=\"c-paragraph\">El traslado de <b>Noel Bayarri<\/b> a la playa contraria ha desatado las cr\u00edticas de sus antiguos compa\u00f1eros de <b><a href=\"https:\/\/www.20minutos.es\/tags\/temas\/supervivientes.html\" title=\"Supervivientes\" rel=\"nofollow noopener\" target=\"_blank\">Supervivientes All Stars<\/a><\/b>. Tony fue el primero en se\u00f1alar su actitud: \u00abDesde que se ha juntado con <b><a href=\"https:\/\/www.20minutos.es\/tags\/personas\/ivan-gonzalez.html\" title=\"Iv\u00e1n Gonz\u00e1lez\" rel=\"nofollow noopener\" target=\"_blank\">Iv\u00e1n<\/a><\/b> no me est\u00e1 gustando, se ha venido muy arriba. Los comentarios que hizo en la palapa, <b>se cree que est\u00e1 por encima del bien y del mal<\/b>\u00ab.<\/p>\n<p class=\"c-paragraph\"><b><a href=\"https:\/\/www.20minutos.es\/tags\/personas\/adara-molinero.html\" title=\"Adara Molinero\" rel=\"nofollow noopener\" target=\"_blank\">Adara Molinero<\/a><\/b> coincidi\u00f3 en la misma idea. \u00abSe <b>cree que es Brad Pitt<\/b> y que tiene que hacer un <b>sobreesfuerzo para ser fiel<\/b>\u00ab, dijo con iron\u00eda. Tony a\u00f1adi\u00f3 las palabras de su compa\u00f1ero: \u00abDice que hacemos trajes, por lo menos <b>lo hacemos con clase<\/b>. \u00c9l lo hace baratucho. Adem\u00e1s te dijo que como superviviente eras <b>un cero a la izquierda<\/b>, como si fuera Robinson Crussoe\u00bb.<\/p>\n<p class=\"c-paragraph\">Por alusiones, Jorge Javier pidi\u00f3 a Noel que respondiera en directo. \u00ab<b>Los trajes vuelan en los Cayos Cochinos<\/b>. Lo primero, lo del <b>sexismo<\/b> vamos a dejarlo ya porque eso ya pas\u00f3. Y me hace gracia que Tony diga que yo no hac\u00eda nada cuando <b>Adara es la que menos<\/b> hace de las dos playas\u00bb, replic\u00f3 el extronista.<\/p>\n<p class=\"c-paragraph\">Las palabras encendieron a Adara, que no dud\u00f3 en contraatacar. \u00ab\u00bfPor qu\u00e9 lo digas t\u00fa, no? Lo dices t\u00fa y te quedas con toda la verdad. <b>Tiene guasa la cosa<\/b>. <b>Vago y soso<\/b>, lo tiene todo\u00bb, lanz\u00f3 contra Noel, que contest\u00f3 con sarcasmo: \u00ab\u00c9chenme de aqu\u00ed, <b>que gane Adara<\/b>, que es la m\u00e1s guapa, la m\u00e1s lista, la mejor superviviente, Dios en <b><a href=\"https:\/\/www.20minutos.es\/tags\/instituciones-empresas\/telecinco.html\" title=\"Telecinco\" rel=\"nofollow noopener\" target=\"_blank\">Telecinco<\/a><\/b>\u00ab.<\/p>\n<p class=\"c-paragraph\">La tensi\u00f3n subi\u00f3 un grado m\u00e1s cuando <b>Adara cerr\u00f3 la discusi\u00f3n con un ataque directo<\/b>. \u00abNo, aqu\u00ed nos partimos el culo contigo, eres el alma de la fiesta, hay que decirlo. Gracias por la publicidad, pero soso eres. <b>Fuera parec\u00edas otra cosa<\/b>, pero aqu\u00ed madre m\u00eda. Meterle al mar un rato que se llene de sal. Eres infumable\u00bb, sentenci\u00f3.<\/p>\n","protected":false},"excerpt":{"rendered":"El traslado de Noel Bayarri a la playa contraria ha desatado las cr\u00edticas de sus antiguos compa\u00f1eros de&hellip;\n","protected":false},"author":2,"featured_media":158682,"comment_status":"","ping_status":"","sticky":false,"template":"","format":"standard","meta":{"footnotes":""},"categories":[171],"tags":[24893,19884,19913,146,147,25,24,7230,23,31410,214],"class_list":{"0":"post-158681","1":"post","2":"type-post","3":"status-publish","4":"format-standard","5":"has-post-thumbnail","7":"category-tv","8":"tag-adara","9":"tag-cargan","10":"tag-contra","11":"tag-entertainment","12":"tag-entretenimiento","13":"tag-es","14":"tag-espana","15":"tag-noel","16":"tag-spain","17":"tag-tony","18":"tag-tv"},"share_on_mastodon":{"url":"","error":""},"_links":{"self":[{"href":"https:\/\/www.europesays.com\/es\/wp-json\/wp\/v2\/posts\/158681","targetHints":{"allow":["GET"]}}],"collection":[{"href":"https:\/\/www.europesays.com\/es\/wp-json\/wp\/v2\/posts"}],"about":[{"href":"https:\/\/www.europesays.com\/es\/wp-json\/wp\/v2\/types\/post"}],"author":[{"embeddable":true,"href":"https:\/\/www.europesays.com\/es\/wp-json\/wp\/v2\/users\/2"}],"replies":[{"embeddable":true,"href":"https:\/\/www.europesays.com\/es\/wp-json\/wp\/v2\/comments?post=158681"}],"version-history":[{"count":0,"href":"https:\/\/www.europesays.com\/es\/wp-json\/wp\/v2\/posts\/158681\/revisions"}],"wp:featuredmedia":[{"embeddable":true,"href":"https:\/\/www.europesays.com\/es\/wp-json\/wp\/v2\/media\/158682"}],"wp:attachment":[{"href":"https:\/\/www.europesays.com\/es\/wp-json\/wp\/v2\/media?parent=158681"}],"wp:term":[{"taxonomy":"category","embeddable":true,"href":"https:\/\/www.europesays.com\/es\/wp-json\/wp\/v2\/categories?post=158681"},{"taxonomy":"post_tag","embeddable":true,"href":"https:\/\/www.europesays.com\/es\/wp-json\/wp\/v2\/tags?post=158681"}],"curies":[{"name":"wp","href":"https:\/\/api.w.org\/{rel}","templated":true}]}}