{"id":158683,"date":"2025-10-06T00:45:06","date_gmt":"2025-10-06T00:45:06","guid":{"rendered":"https:\/\/www.europesays.com\/es\/158683\/"},"modified":"2025-10-06T00:45:06","modified_gmt":"2025-10-06T00:45:06","slug":"el-celta-suma-un-punto-ante-el-atletico-en-una-noche-historica-para-iago-aspas","status":"publish","type":"post","link":"https:\/\/www.europesays.com\/es\/158683\/","title":{"rendered":"El Celta suma un punto ante el Atl\u00e9tico en una noche hist\u00f3rica para Iago Aspas"},"content":{"rendered":"<p data-start=\"221\" data-end=\"540\"><img loading=\"lazy\" decoding=\"async\" class=\"alignnone wp-image-155946 size-full\" src=\"https:\/\/www.europesays.com\/es\/wp-content\/uploads\/2025\/10\/WhatsApp-Image-2025-10-06-at-01.46.46.jpeg\" alt=\"\" width=\"1024\" height=\"682\"  \/><\/p>\n<p data-start=\"195\" data-end=\"723\">Abanca Bala\u00eddos guard\u00f3 un emotivo minuto de silencio en memoria del socio n\u00famero 3 del Celta antes del inicio del encuentro. Con ese respeto a\u00fan en el ambiente, comenz\u00f3 un partido que termin\u00f3 con reparto de puntos entre el Celta y el Atl\u00e9tico de Madrid (1-1) en la jornada 8 de LALIGA EA SPORTS. El equipo celeste sum\u00f3 un punto ante un rival exigente en un d\u00eda en el que celebraba un momento especial para su capit\u00e1n, <a href=\"https:\/\/rccelta.es\/equipo\/actualidad\/iago-aspas-iguala-a-manolo-como-el-jugador-con-mas-partidos-oficiales-en-la-historia-del-celta\/\" rel=\"nofollow noopener\" target=\"_blank\">Iago Aspas, quien igual\u00f3 a Manolo \u201cO Gran Capit\u00e1n\u201d como el jugador con m\u00e1s partidos oficiales en la historia del club, 533.<\/a><\/p>\n<p data-start=\"725\" data-end=\"1243\">El encuentro arranc\u00f3 con un golpe inesperado para el conjunto vigu\u00e9s. En el minuto 6, Carl Starfelt desvi\u00f3 de forma desafortunada un centro rojiblanco hacia su propia porter\u00eda y adelant\u00f3 al Atl\u00e9tico. Los de Simeone dominaron los primeros compases, manejando el ritmo y el control del juego, pero el guion cambi\u00f3 justo antes del descanso. En el minuto 40, Cl\u00e9ment Lenglet fue expulsado por doble amarilla, dejando a los madrile\u00f1os con un jugador menos y abriendo el partido a una segunda mitad completamente distinta.<\/p>\n<p data-start=\"1245\" data-end=\"1669\">Tras el descanso, el Celta dio un paso al frente. El equipo se hizo due\u00f1o del bal\u00f3n, empujado por una afici\u00f3n que no dej\u00f3 de alentar. La insistencia encontr\u00f3 su premio en el minuto 68, cuando Iago Aspas, siempre en el lugar preciso, aprovech\u00f3 un rechace dentro del \u00e1rea, tras una intervenci\u00f3n del guardameta, y marc\u00f3 el tanto del empate.\u00a0Con el 1-1 en el marcador, el Celta mantuvo la presi\u00f3n hasta el final, buscando un segundo gol que no lleg\u00f3. El Atl\u00e9tico, ordenado en defensa, resisti\u00f3 con un jugador menos y se apoy\u00f3 en un inspirado Oblak, que evit\u00f3 la remontada con varias paradas decisivas.<\/p>\n<p data-start=\"2188\" data-end=\"2447\">El conjunto vigu\u00e9s afrontar\u00e1 ahora un par\u00f3n liguero con buenas sensaciones y con un compromiso solidario a la vista. Este mi\u00e9rcoles 8, Abanca Bala\u00eddos acoger\u00e1 el encuentro ben\u00e9fico \u201cXuntos contra o lume\u201d, antes de volver a la competici\u00f3n frente a la Real Sociedad.<\/p>\n<p class=\"parrafo\"><strong>FICHA T\u00c9CNICA:<\/strong><\/p>\n<p class=\"parrafo\"><strong>1 \u2013 Celta: <\/strong>Radu; Javi Rodr\u00edguez, Starfelt, Marcos Alonso; Carreira (Moriba 84), Dami\u00e1n, Beltr\u00e1n (Hugo \u00c1lvarez 55\u2032), Mingueza; Swedberg (Bryan Zaragoza 63\u2032), Jutgla (Aspas 63\u2032) y Borja Iglesias (Dur\u00e1n 84\u2032).<\/p>\n<p class=\"parrafo\"><strong>1 \u2013 Atl\u00e9tico de Madrid: <\/strong>Oblak; Llorente, Le Normand, Lenglet, Hancko; Giuliano (Molina 82\u2032), Koke (Gallagher 77\u2032), Barrios, Nico Gonz\u00e1lez; Griezmann (Gal\u00e1n 46\u2032) (Baena 77\u2032) y Juli\u00e1n \u00c1lvarez (Sorloth 82\u2032).<\/p>\n<p class=\"parrafo\"><strong>Goles:\u00a0<\/strong>0-1 (Starfelt p.p. 7\u2032); 1-1 (Aspas 68\u2032).<\/p>\n<p class=\"parrafo\"><strong>\u00c1rbitro:\u00a0<\/strong>C\u00e9sar Soto (Comit\u00e9 riojano). Amonest\u00f3 al local Borja Iglesias (65\u2032), al visitante Baena (78\u2032) y expuls\u00f3 por doble amarilla a Lenglet (25\u2032, 40\u2032).<\/p>\n<p><strong>Incidencias:<\/strong> Partido correspondiente a la Jornada 8 de LALIGA EA SPORTS disputado en Abanca Bala\u00eddos ante 20.877 espectadores.<\/p>\n","protected":false},"excerpt":{"rendered":"Abanca Bala\u00eddos guard\u00f3 un emotivo minuto de silencio en memoria del socio n\u00famero 3 del Celta antes del&hellip;\n","protected":false},"author":2,"featured_media":158684,"comment_status":"","ping_status":"","sticky":false,"template":"","format":"standard","meta":{"footnotes":""},"categories":[93],"tags":[168,25,24,23,167],"class_list":{"0":"post-158683","1":"post","2":"type-post","3":"status-publish","4":"format-standard","5":"has-post-thumbnail","7":"category-deportes","8":"tag-deportes","9":"tag-es","10":"tag-espana","11":"tag-spain","12":"tag-sports"},"share_on_mastodon":{"url":"","error":""},"_links":{"self":[{"href":"https:\/\/www.europesays.com\/es\/wp-json\/wp\/v2\/posts\/158683","targetHints":{"allow":["GET"]}}],"collection":[{"href":"https:\/\/www.europesays.com\/es\/wp-json\/wp\/v2\/posts"}],"about":[{"href":"https:\/\/www.europesays.com\/es\/wp-json\/wp\/v2\/types\/post"}],"author":[{"embeddable":true,"href":"https:\/\/www.europesays.com\/es\/wp-json\/wp\/v2\/users\/2"}],"replies":[{"embeddable":true,"href":"https:\/\/www.europesays.com\/es\/wp-json\/wp\/v2\/comments?post=158683"}],"version-history":[{"count":0,"href":"https:\/\/www.europesays.com\/es\/wp-json\/wp\/v2\/posts\/158683\/revisions"}],"wp:featuredmedia":[{"embeddable":true,"href":"https:\/\/www.europesays.com\/es\/wp-json\/wp\/v2\/media\/158684"}],"wp:attachment":[{"href":"https:\/\/www.europesays.com\/es\/wp-json\/wp\/v2\/media?parent=158683"}],"wp:term":[{"taxonomy":"category","embeddable":true,"href":"https:\/\/www.europesays.com\/es\/wp-json\/wp\/v2\/categories?post=158683"},{"taxonomy":"post_tag","embeddable":true,"href":"https:\/\/www.europesays.com\/es\/wp-json\/wp\/v2\/tags?post=158683"}],"curies":[{"name":"wp","href":"https:\/\/api.w.org\/{rel}","templated":true}]}}