{"id":158710,"date":"2025-10-06T01:08:08","date_gmt":"2025-10-06T01:08:08","guid":{"rendered":"https:\/\/www.europesays.com\/es\/158710\/"},"modified":"2025-10-06T01:08:08","modified_gmt":"2025-10-06T01:08:08","slug":"asi-clono-el-sevilla-el-modelo-del-psg-para-tumbar-al-barca-un-jugador-del-talento-de-pedri-no-sabia-que-hacer-con-el-balon-futbol","status":"publish","type":"post","link":"https:\/\/www.europesays.com\/es\/158710\/","title":{"rendered":"As\u00ed &#8216;clon\u00f3&#8217; el Sevilla el modelo del PSG para tumbar al Bar\u00e7a: \u00abUn jugador del talento de Pedri no sab\u00eda qu\u00e9 hacer con el bal\u00f3n\u00bb | F\u00fatbol"},"content":{"rendered":"<p>El VAR vuelve a ser protagonista en el S\u00e1nchez Pizju\u00e1n, Alejandro Mu\u00f1iz Ruiz fue llamado por Del Cerro Grande para revisar el posible de Ronald Ara\u00fajo sobre Isaac Romero. El \u00e1rbitro del partido decret\u00f3 pena m\u00e1xima y Alexis S\u00e1nchez, exjugador del Barcelona, adelant\u00f3 en el marcador al Sevilla. El conjunto entrenado por Almeyda comenz\u00f3 <a href=\"https:\/\/cadenaser.com\/nacional\/2025\/10\/05\/sevilla-fc-fc-barcelona-en-directo-el-partido-de-la-jornada-8-de-laliga-en-vivo-cadena-ser\/\" target=\"_blank\" rel=\"nofollow noopener\" title=\"https:\/\/cadenaser.com\/nacional\/2025\/10\/05\/sevilla-fc-fc-barcelona-en-directo-el-partido-de-la-jornada-8-de-laliga-en-vivo-cadena-ser\/\">el partido siendo mejor que el Bar\u00e7a <\/a>y as\u00ed se demostr\u00f3 en el marcador. De hecho, el club andaluz se puso con dos goles de ventaja que luego recortar\u00eda Rashford antes de ir al descanso. \u00abEl penalti se lo inventa el VAR\u00bb, comenta Santi Gim\u00e9nez sobre el penalti de Araujo sobre Isaac Romero. \u00abUn penalti injusto que hace justicia con lo que estaba pasando en el campo\u00bb, a\u00f1ade Santi Gim\u00e9nez sobre lo que se estaba viendo en el terreno de juego.<\/p>\n<p>El Barcelona se fue perdiendo por la m\u00ednima al descanso y Lewandowski en el minuto 76 pudo haber empatado el partido, pero el lanzamiento de penalti se fue fuera. \u00abLa defensa del Bar\u00e7a hoy, temblorosos, fallones, Gerard Mart\u00edn como siempre\u00bb, declara Jes\u00fas Gallego sobre el rendimiento de la defensa cul\u00e9 en el partido de hoy. \u00abCuando Kound\u00e9 tiene la p\u00e1jara, la pilla bien\u00bb, aclara Santi Gim\u00e9nez sobre el mal partido del lateral franc\u00e9s. \u00abHan anulado el pivote De Jong-Pedri desde el minuto uno\u00bb, explica Bruno Alemany uno de los motivos por los que el Barcelona ha sufrido tanto en la primera parte y durante todo el partido. El propio Pedri ha explicado que no sab\u00eda que hacer con el bal\u00f3n cuando lo recib\u00edan. <\/p>\n<p>M\u00e1s informaci\u00f3n<\/p>\n<p>\u00abLo que m\u00e1s me preocupa es la poca contundencia de Frenkie de Jong en los balones divididos, que los pierde todos y donde est\u00e1 Dani Olmo\u00bb, analiza Santi Gim\u00e9nez sobre el partido de Frenkie de Jong y Olmo. \u00abEste Dani Olmo y el del a\u00f1o pasado no tiene nada que ver, es intrascendente\u00bb, a\u00f1ade Gim\u00e9nez sobre el rendimiento del mediapunta espa\u00f1ol esta temporada. El jugador espa\u00f1ol lleva 1 gol y dos asistencias en lo que llevamos de liga, n\u00fameros que no est\u00e1n para nada cerca de los que hizo el a\u00f1o pasado.<\/p>\n<p>\u00abTenemos que pensar que hay dos jugadores diferenciales que no est\u00e1n, Raphinha y Lamine y el Bar\u00e7a lo nota cuando no est\u00e1n\u00bb, explica Sandoval sobre otra de las claves del bajo rendimiento del Bar\u00e7a cuando no est\u00e1n esos dos jugadores. \u00abI\u00f1igo ense\u00f1\u00f3 el camino de como hacer da\u00f1o al Barcelona, robar y salir a la espalda\u00bb, a\u00f1ade Sandoval sobre las posibles t\u00e1cticas a utilizar para hacer da\u00f1o al Barcelona. <\/p>\n<p>\u00abFlick tiene que encontrar la tecla de lo que est\u00e1 fallando\u00bb, comenta Lluis Flaquer sobre la peque\u00f1a crisis de juego del conjunto catal\u00e1n. \u00ab\u00bfSigue siendo viable insistir en esa misma idea de juego tan arriesgada o Flick tiene que tratar de alterar alguna cosa?\u00bb, pregunta Flaquer sobre la t\u00e1ctica de la defensa adelantada que lleva usando el entrenador alem\u00e1n desde que lleg\u00f3 al Barcelona. \u00abNo hubiera sido justo que el Bar\u00e7a remontara. Al final ha pasado lo que tendr\u00eda que haber pasado\u00bb, afirma Santi Gim\u00e9nez sobre el resultado del partido. <\/p>\n","protected":false},"excerpt":{"rendered":"El VAR vuelve a ser protagonista en el S\u00e1nchez Pizju\u00e1n, Alejandro Mu\u00f1iz Ruiz fue llamado por Del Cerro&hellip;\n","protected":false},"author":2,"featured_media":158711,"comment_status":"","ping_status":"","sticky":false,"template":"","format":"standard","meta":{"footnotes":""},"categories":[93],"tags":[168,25,24,23,167,16252,16253],"class_list":{"0":"post-158710","1":"post","2":"type-post","3":"status-publish","4":"format-standard","5":"has-post-thumbnail","7":"category-deportes","8":"tag-deportes","9":"tag-es","10":"tag-espana","11":"tag-spain","12":"tag-sports","13":"tag-zsoccer","14":"tag-zsport"},"share_on_mastodon":{"url":"","error":""},"_links":{"self":[{"href":"https:\/\/www.europesays.com\/es\/wp-json\/wp\/v2\/posts\/158710","targetHints":{"allow":["GET"]}}],"collection":[{"href":"https:\/\/www.europesays.com\/es\/wp-json\/wp\/v2\/posts"}],"about":[{"href":"https:\/\/www.europesays.com\/es\/wp-json\/wp\/v2\/types\/post"}],"author":[{"embeddable":true,"href":"https:\/\/www.europesays.com\/es\/wp-json\/wp\/v2\/users\/2"}],"replies":[{"embeddable":true,"href":"https:\/\/www.europesays.com\/es\/wp-json\/wp\/v2\/comments?post=158710"}],"version-history":[{"count":0,"href":"https:\/\/www.europesays.com\/es\/wp-json\/wp\/v2\/posts\/158710\/revisions"}],"wp:featuredmedia":[{"embeddable":true,"href":"https:\/\/www.europesays.com\/es\/wp-json\/wp\/v2\/media\/158711"}],"wp:attachment":[{"href":"https:\/\/www.europesays.com\/es\/wp-json\/wp\/v2\/media?parent=158710"}],"wp:term":[{"taxonomy":"category","embeddable":true,"href":"https:\/\/www.europesays.com\/es\/wp-json\/wp\/v2\/categories?post=158710"},{"taxonomy":"post_tag","embeddable":true,"href":"https:\/\/www.europesays.com\/es\/wp-json\/wp\/v2\/tags?post=158710"}],"curies":[{"name":"wp","href":"https:\/\/api.w.org\/{rel}","templated":true}]}}