{"id":158717,"date":"2025-10-06T01:13:09","date_gmt":"2025-10-06T01:13:09","guid":{"rendered":"https:\/\/www.europesays.com\/es\/158717\/"},"modified":"2025-10-06T01:13:09","modified_gmt":"2025-10-06T01:13:09","slug":"imagen-negativa-de-milei-sube-a-63-a-tres-semanas-de-los-comicios-en-argentina","status":"publish","type":"post","link":"https:\/\/www.europesays.com\/es\/158717\/","title":{"rendered":"Imagen negativa de Milei sube a 63 % a tres semanas de los comicios en Argentina"},"content":{"rendered":"<p>Buenos Aires (EFE).- La imagen negativa del presidente de Argentina, Javier Milei, subi\u00f3 al 63,2 %, su nivel m\u00e1s alto en un a\u00f1o, y casi seis de cada diez personas creen que el oficialismo perder\u00e1 en los comicios legislativos del 26 de octubre, de acuerdo a los resultados de un sondeo difundidos este domingo.<\/p>\n<p>De acuerdo a la m\u00e1s reciente encuesta de la firma Zuban C\u00f3rdoba, realizada entre el 28 de septiembre y el 4 de octubre, el nivel de desaprobaci\u00f3n del Gobierno de Milei escal\u00f3 al 64,7 %, mientras que la imagen negativa del presidente trep\u00f3 al 63,2 %.<\/p>\n<p>El sondeo revela que un 56,7 % de los encuestados cree que la formaci\u00f3n de ultraderecha La Libertad Avanza (LLA), que lidera Milei, perder\u00e1 los comicios legislativos nacionales que se celebrar\u00e1n dentro de tres semanas en Argentina, los cuales definir\u00e1n la composici\u00f3n del Parlamento a partir de diciembre pr\u00f3ximo y determinar\u00e1n las posibilidades del oficialismo para sacar adelante reformas estructurales.<\/p>\n<p><img loading=\"lazy\" data-recalc-dims=\"1\" decoding=\"async\" width=\"900\" height=\"600\" src=\"https:\/\/www.europesays.com\/es\/wp-content\/uploads\/2025\/10\/Milei-comicios-Argentina-2.webp\" alt=\"Milei comicios Argentina\" class=\"wp-image-2197281\" style=\"width:980px;height:auto\"  \/>El presidente de Argentina, Javier Milei, en una fotograf\u00eda del 07 de septiembre de 2025. EFE\/ Juan Ignacio Roncoroni <\/p>\n<p>La imagen negativa de Milei crece<\/p>\n<p>En caso de que el oficialismo no logre un buen resultado electoral, un 27,4 % de los consultados considera que Milei debe renunciar; un 17,6 %, que debe cambiar sus pol\u00edticas econ\u00f3micas; y un 13,4 %, que debe reestructurar su gabinete de Gobierno.<\/p>\n<p>Solo un 12,4 % espera que Milei mantenga el curso de sus pol\u00edticas en caso de un derrota.<\/p>\n<p>La encuesta tambi\u00e9n sonde\u00f3 el impact\u00f3 del esc\u00e1ndalo suscitado la semana pasada, tras una denuncia judicial contra Jos\u00e9 Luis Espert, principal candidato a diputado del oficialismo en la provincia de Buenos Aires, por sus v\u00ednculos con Federico \u2018Fred\u2019 Machado, un empresario requerido por la Justicia de Estados Unidos, donde est\u00e1 acusado por fraude y actividades relacionadas con el narcotr\u00e1fico.<\/p>\n<p><img data-recalc-dims=\"1\" loading=\"lazy\" decoding=\"async\" width=\"900\" height=\"599\" src=\"https:\/\/www.europesays.com\/es\/wp-content\/uploads\/2025\/10\/Milei-comicios-Argentina-4.webp\" alt=\"Milei comicios Argentina\" class=\"wp-image-2197296\" style=\"width:980px;height:auto\"  \/>El presidente de Argentina, Javier Milei (i), junto al diputado Jos\u00e9 Luis Espert (d), en una fotograf\u00eda de archivo. EFE\/ Juan Ignacio Roncoroni <\/p>\n<p>Seg\u00fan el sondeo, un 76,3 % cree que el caso tiene un impacto negativo en el Gobierno; siete de cada diez encuestados tienen una imagen negativa de Espert; un 68,6 % considera que la defensa de Espert -que asegura ser inocente- no es cre\u00edble; y un 62,9 % piensa que Espert deber\u00eda renunciar a su candidatura.<\/p>\n<p>\u00abLas sospechas de corrupci\u00f3n que asolan al Gobierno nacional y al principal candidato de la provincia de Buenos Aires golpean al oficialismo en el peor momento\u00bb, observ\u00f3 Zuban C\u00f3rdoba en su informe.<\/p>\n<p>El respaldo de Trump genera dudas entre los argentinos<\/p>\n<p>La consultora tambi\u00e9n midi\u00f3 el impacto en la opini\u00f3n p\u00fablica del encuentro que el pasado 23 de septiembre Milei mantuvo en Nueva York <a href=\"https:\/\/efe.com\/mundo\/2025-09-30\/milei-trump-argentina-eeuu\/\" target=\"_blank\" rel=\"noreferrer noopener nofollow\">con el presidente de los Estados Unidos, Donald Trump,<\/a> quien dio respaldo electoral al mandatario argentino y prometi\u00f3 una millonaria asistencia financiera para Argentina, en momentos en que el pa\u00eds posee insuficientes recursos para hacer frente a las tensiones cambiarias y los abultados vencimientos de deuda de 2026.<\/p>\n<p>Seg\u00fan la encuesta, a un 60,8 % de los consultados ese encuentro le dej\u00f3 una sensaci\u00f3n negativa y un 64,6 % cree que el respaldo expresado por Trump fue solo un \u00abgesto simb\u00f3lico\u00bb, mientras que la imagen negativa de Trump entre los argentinos es del 60,3 %.<\/p>\n<p>\u00abEl Gobierno deber\u00eda repensar si es inteligente apoyar el resto de la campa\u00f1a en un gui\u00f1o estadounidense, como si Argentina no fuera un pa\u00eds de un mayoritario sentimiento anti-Norteam\u00e9rica, especialmente si ese apoyo no se va a traducir en nada concreto que pueda venderse como logro real\u00bb, coment\u00f3 Zuban C\u00f3rdoba en su informe.<\/p>\n<p>La consultora observ\u00f3 que la econom\u00eda ser\u00e1 el \u00abgran tema\u00bb de aqu\u00ed a las elecciones, en momentos en que las \u00abexpectativas econ\u00f3micas est\u00e1n en su punto m\u00e1s bajo\u00bb, con casi un 60 % de los encuestados que cree que es poco probable que Argentina pueda cumplir con sus obligaciones de deuda el a\u00f1o que viene.<\/p>\n<p>\u00abArgentina se encamina a otro proceso electoral que, probablemente, marque un punto de inflexi\u00f3n con un oficialismo que no logra recuperar la iniciativa y una oposici\u00f3n que, si bien se ve competitiva, no ha tra\u00eddo hasta ahora ideas nuevas a la mesa. Ante una nueva decepci\u00f3n, la pregunta es si el\/la votante elegir\u00e1 alguna opci\u00f3n o se quedar\u00e1 en su casa el domingo 26 de octubre\u00bb, a\u00f1adi\u00f3 la consultora.<\/p>\n","protected":false},"excerpt":{"rendered":"Buenos Aires (EFE).- La imagen negativa del presidente de Argentina, Javier Milei, subi\u00f3 al 63,2 %, su nivel&hellip;\n","protected":false},"author":2,"featured_media":158718,"comment_status":"","ping_status":"","sticky":false,"template":"","format":"standard","meta":{"footnotes":""},"categories":[42],"tags":[283,17,18,4374,13,14,11,61,62,63,64,19,20,29746,9,10,15,16,952,12,21,22,65,66,67],"class_list":{"0":"post-158717","1":"post","2":"type-post","3":"status-publish","4":"format-standard","5":"has-post-thumbnail","7":"category-internacional","8":"tag-argentina","9":"tag-breaking-news","10":"tag-breakingnews","11":"tag-elecciones","12":"tag-featured-news","13":"tag-featurednews","14":"tag-headlines","15":"tag-internacional","16":"tag-international","17":"tag-international-news","18":"tag-internationalnews","19":"tag-latest-news","20":"tag-latestnews","21":"tag-milei","22":"tag-news","23":"tag-noticias","24":"tag-noticias-destacadas","25":"tag-noticiasdestacadas","26":"tag-politica","27":"tag-titulares","28":"tag-ultimas-noticias","29":"tag-ultimasnoticias","30":"tag-world","31":"tag-world-news","32":"tag-worldnews"},"share_on_mastodon":{"url":"","error":""},"_links":{"self":[{"href":"https:\/\/www.europesays.com\/es\/wp-json\/wp\/v2\/posts\/158717","targetHints":{"allow":["GET"]}}],"collection":[{"href":"https:\/\/www.europesays.com\/es\/wp-json\/wp\/v2\/posts"}],"about":[{"href":"https:\/\/www.europesays.com\/es\/wp-json\/wp\/v2\/types\/post"}],"author":[{"embeddable":true,"href":"https:\/\/www.europesays.com\/es\/wp-json\/wp\/v2\/users\/2"}],"replies":[{"embeddable":true,"href":"https:\/\/www.europesays.com\/es\/wp-json\/wp\/v2\/comments?post=158717"}],"version-history":[{"count":0,"href":"https:\/\/www.europesays.com\/es\/wp-json\/wp\/v2\/posts\/158717\/revisions"}],"wp:featuredmedia":[{"embeddable":true,"href":"https:\/\/www.europesays.com\/es\/wp-json\/wp\/v2\/media\/158718"}],"wp:attachment":[{"href":"https:\/\/www.europesays.com\/es\/wp-json\/wp\/v2\/media?parent=158717"}],"wp:term":[{"taxonomy":"category","embeddable":true,"href":"https:\/\/www.europesays.com\/es\/wp-json\/wp\/v2\/categories?post=158717"},{"taxonomy":"post_tag","embeddable":true,"href":"https:\/\/www.europesays.com\/es\/wp-json\/wp\/v2\/tags?post=158717"}],"curies":[{"name":"wp","href":"https:\/\/api.w.org\/{rel}","templated":true}]}}