{"id":158727,"date":"2025-10-06T01:31:04","date_gmt":"2025-10-06T01:31:04","guid":{"rendered":"https:\/\/www.europesays.com\/es\/158727\/"},"modified":"2025-10-06T01:31:04","modified_gmt":"2025-10-06T01:31:04","slug":"el-batacazo-del-barca-en-sevilla-deja-lider-al-real-madrid-antes-del-paron","status":"publish","type":"post","link":"https:\/\/www.europesays.com\/es\/158727\/","title":{"rendered":"el batacazo del Bar\u00e7a en Sevilla deja l\u00edder al Real Madrid antes del par\u00f3n"},"content":{"rendered":"<p>05\/10\/2025<br \/>\n<br \/><strong><br \/>\nActualizado 06\/10\/2025 a las 02:47h.<br \/>\n<\/strong><\/p>\n<p class=\"voc-p\" style=\"\">El <strong>Real Madrid<\/strong> hab\u00eda recuperado el liderato de Primera el s\u00e1bado tras su victoria ante el Villarreal (3-1), pero qued\u00f3 a la espera de lo que hiciera el Barcelona este domingo en su visita al Sevilla. Tras el desplome catal\u00e1n en el <strong>S\u00e1nchez Pizju\u00e1n<\/strong> (4-1), los blancos conservan la primera plaza y, dado que el pr\u00f3ximo fin de semana no hay Liga por el par\u00f3n de selecciones, seguir\u00e1n en esa primera posici\u00f3n al menos hasta el s\u00e1bado 18 de octubre, cuando el Bar\u00e7a recibir\u00e1 al Girona.<\/p>\n<p class=\"voc-p\" style=\"\">El equipo de <strong>Hansi Flick<\/strong> despach\u00f3 en la capital andaluza el peor partido de la temporada, uno de los peores desde que el entrenador alem\u00e1n ocupa el banquillo cul\u00e9, y desat\u00f3 muchas dudas. El Bar\u00e7a sum\u00f3 su segundo tropiezo liguero, ambos a domicilio, tras el empate ante el <strong>Rayo en Vallecas<\/strong>.<\/p>\n<p class=\"voc-p\" style=\"\">Tras los dos grandes favoritos al t\u00edtulo, <strong>Villarreal<\/strong> y <strong>Betis<\/strong> completan el cuarteto de equipos instalados en la zona que da derecho a participar en la Liga de Campeones. <\/p>\n<p class=\"voc-p\" style=\"\">Y detr\u00e1s de ellos, el Atl\u00e9tico. Tras encadenar tres alegr\u00edas \u2014ante <strong>Rayo<\/strong> y <strong>Real<\/strong><strong>Madrid<\/strong> en Liga y frente al <strong>Eintracht<\/strong> en Champions\u2014, ten\u00eda una inmejorable ocasi\u00f3n para recortar distancia con el Bar\u00e7a y no perder m\u00e1s ventaja respecto al Real Madrid. No pudo ser, s\u00f3lo pudo empatar en Vigo (1-1). Se adelant\u00f3 en el marcador gracias a un gol en propia puerta de Starfelt, pero tras la expulsi\u00f3n de <strong>Lenglet<\/strong> antes del descanso el Celta apret\u00f3 y el eterno Iago Aspas firm\u00f3 la igualada. Los gallegos siguen sin ganar en lo que va de curso y los madrile\u00f1os sin dar el paso definitivo en sus citas lejos del Metropolitano.<\/p>\n<p class=\"voc-p\" style=\"\">El <strong>Alav\u00e9s<\/strong> dio un salto importante en la clasificaci\u00f3n tras una victoria contundente ante el <strong>Elche<\/strong> (3-1), una de las revelaciones de la Liga hasta ahora.<\/p>\n<p class=\"voc-p\" style=\"\">Otro <a href=\"https:\/\/www.abc.es\/deportes\/alfinaldelapalmera\/noticias-betis\/ddd-20251005201444-nts.html\" target=\"_self\" data-voc-vtm-id=\"in-text-traffic\" title=\"triunfo, el del Betis en el estadio del Espanyol\" data-mrf-link=\"www.abc.es\" rel=\"nofollow noopener\">triunfo, el del Betis en el estadio del Espanyol<\/a> (1-2), impulsa a los verdiblancos hacia la zona alta de la tabla. El Espanyol, que tuvo el empate en un penalti fallado por Puado en el minuto 100, se mantiene en el centro de la clasificaci\u00f3n. <\/p>\n<p class=\"voc-p\" style=\"\">Tambi\u00e9n sum\u00f3 tres puntos muy necesarios el Rayo en Anoeta (0-1). El gol de Pacha Espino da aire a los vallecanos y hunde a los guipuzcoanos en la zona de descenso.<\/p>\n<p>Reportar un error<\/p>\n","protected":false},"excerpt":{"rendered":"05\/10\/2025 Actualizado 06\/10\/2025 a las 02:47h. El Real Madrid hab\u00eda recuperado el liderato de Primera el s\u00e1bado tras&hellip;\n","protected":false},"author":2,"featured_media":158728,"comment_status":"","ping_status":"","sticky":false,"template":"","format":"standard","meta":{"footnotes":""},"categories":[93],"tags":[2296,38059,4616,51,168,25,24,5564,205,10675,3041,798,23,167],"class_list":{"0":"post-158727","1":"post","2":"type-post","3":"status-publish","4":"format-standard","5":"has-post-thumbnail","7":"category-deportes","8":"tag-barca","9":"tag-batacazo","10":"tag-clasificacion","11":"tag-deja","12":"tag-deportes","13":"tag-es","14":"tag-espana","15":"tag-lider","16":"tag-madrid","17":"tag-paron","18":"tag-queda","19":"tag-real","20":"tag-spain","21":"tag-sports"},"share_on_mastodon":{"url":"","error":""},"_links":{"self":[{"href":"https:\/\/www.europesays.com\/es\/wp-json\/wp\/v2\/posts\/158727","targetHints":{"allow":["GET"]}}],"collection":[{"href":"https:\/\/www.europesays.com\/es\/wp-json\/wp\/v2\/posts"}],"about":[{"href":"https:\/\/www.europesays.com\/es\/wp-json\/wp\/v2\/types\/post"}],"author":[{"embeddable":true,"href":"https:\/\/www.europesays.com\/es\/wp-json\/wp\/v2\/users\/2"}],"replies":[{"embeddable":true,"href":"https:\/\/www.europesays.com\/es\/wp-json\/wp\/v2\/comments?post=158727"}],"version-history":[{"count":0,"href":"https:\/\/www.europesays.com\/es\/wp-json\/wp\/v2\/posts\/158727\/revisions"}],"wp:featuredmedia":[{"embeddable":true,"href":"https:\/\/www.europesays.com\/es\/wp-json\/wp\/v2\/media\/158728"}],"wp:attachment":[{"href":"https:\/\/www.europesays.com\/es\/wp-json\/wp\/v2\/media?parent=158727"}],"wp:term":[{"taxonomy":"category","embeddable":true,"href":"https:\/\/www.europesays.com\/es\/wp-json\/wp\/v2\/categories?post=158727"},{"taxonomy":"post_tag","embeddable":true,"href":"https:\/\/www.europesays.com\/es\/wp-json\/wp\/v2\/tags?post=158727"}],"curies":[{"name":"wp","href":"https:\/\/api.w.org\/{rel}","templated":true}]}}