{"id":158731,"date":"2025-10-06T01:33:09","date_gmt":"2025-10-06T01:33:09","guid":{"rendered":"https:\/\/www.europesays.com\/es\/158731\/"},"modified":"2025-10-06T01:33:09","modified_gmt":"2025-10-06T01:33:09","slug":"hay-temas-en-los-que-tienes-que-frenar","status":"publish","type":"post","link":"https:\/\/www.europesays.com\/es\/158731\/","title":{"rendered":"Hay temas en los que tienes que frenar"},"content":{"rendered":"<p class=\"article-text\">\n        <strong>Mat\u00edas Roure<\/strong> y <strong>Valeria Mazza<\/strong> protagonizaron un peque\u00f1o tira y afloja este s\u00e1bado en la cuarta gala de <strong>Bailando con las estrellas<\/strong>. El concursante, popularmente conocido por ser el camarero de <strong>First Dates<\/strong>, pidi\u00f3 a la presentadora que no volviera a insinuar que hay qu\u00edmica entre \u00e9l y su profesora de baile, <strong>Sara Orriols<\/strong>.\n    <\/p>\n<p>    <a href=\"https:\/\/www.eldiario.es\/vertele\/entrevistas\/samantha-ballentines-drag-race-lucha-costado-vida-normalidad-paliza-atresplayer-atresmedia_1_12652579.html\" data-mrf-recirculation=\"saber-mas\" data-dl-event=\"saber-mas\" rel=\"nofollow noopener\" target=\"_blank\"><\/p>\n<p class=\"know-more__title\">Samantha Ballentines lucha con &#8216;Drag Race&#8217;: \u00abEsta normalidad nos ha costado la vida, y a\u00fan nos pueden dar una paliza\u00bb<\/p>\n<p>            <img decoding=\"async\" class=\"lazy\" loading=\"lazy\" data-src=\"https:\/\/static.eldiario.es\/clip\/cd431019-7db6-43c3-8c71-33be10953566_16-9-aspect-ratio_default_0.jpg\" src=\"data:image\/svg+xml,%3Csvg xmlns=\" http:=\"\" viewbox=\"0 0 880 495\" alt=\"Samantha Ballentines lucha con 'Drag Race': &quot;Esta normalidad nos ha costado la vida, y a\u00fan nos pueden dar una paliza&quot;\"\/><\/p>\n<p>                        <\/a><\/p>\n<p class=\"article-text\">\n        <strong>\u201cHay temas en los que tienes que frenar. Tienes que tener una moral para frenar\u201d<\/strong>, coment\u00f3 hace unos d\u00edas en los ensayos. El v\u00eddeo de su reacci\u00f3n se emiti\u00f3 anoche durante la gala del programa y en presencia de la argentina.\n    <\/p>\n<p class=\"article-text\">\n        Sin perder la sonrisa, Mazza insisti\u00f3 en que \u201ctodos hablan\u201d de la \u201cchispa\u201d que hay entre Mat\u00edas y Sara desde que se estrenaron como pareja de baile hace cuatro semanas.<strong> \u201cSi queremos saber lo que pas\u00f3, \u00bfc\u00f3mo quieres que te lo pregunte?\u201d<\/strong>, a\u00f1adi\u00f3\n    <\/p>\n<p>    <a href=\"https:\/\/www.eldiario.es\/vertele\/noticias\/bailando-con-las-estrellas-concursantes-nominados-eliminacion-sara-escudero-retirada-lesion_1_12658199.html\" data-mrf-recirculation=\"saber-mas-abajo\" data-dl-event=\"saber-mas-abajo\" rel=\"nofollow noopener\" target=\"_blank\"><\/p>\n<p class=\"know-more__title\">&#8216;Bailando con las estrellas&#8217; no tuvo que eliminar a ninguno de sus concursantes: uno de ellos anunci\u00f3 su retirada<\/p>\n<p>            <img decoding=\"async\" class=\"lazy\" loading=\"lazy\" data-src=\"https:\/\/static.eldiario.es\/clip\/8805bbfd-bc07-4dcc-b200-5254092b5f79_16-9-aspect-ratio_default_0.jpg\" src=\"data:image\/svg+xml,%3Csvg xmlns=\" http:=\"\" viewbox=\"0 0 880 495\" alt=\"'Bailando con las estrellas' no tuvo que eliminar a ninguno de sus concursantes: uno de ellos anunci\u00f3 su retirada\"\/><\/p>\n<p>                        <\/a><\/p>\n<p class=\"article-text\">\n        El barman de First Dates reconoci\u00f3 \u2013y no es la primera vez que lo hace\u2013 que \u201chay magia que no se puede explicar\u201d. \u201cEso est\u00e1 pasando, y nada m\u00e1s\u201d, se\u00f1al\u00f3 junto a su compa\u00f1era. Dicho esto, Mat\u00edas pidi\u00f3 que se abandonara el tema: \u201cQueremos bailar. Quiero bailar. Tengo muchas ganas de bailar\u201d. Segundos despu\u00e9s se dieron un abrazo y el concursante subi\u00f3 al escenario para llevar a cabo su coreograf\u00eda.\n    <\/p>\n","protected":false},"excerpt":{"rendered":"Mat\u00edas Roure y Valeria Mazza protagonizaron un peque\u00f1o tira y afloja este s\u00e1bado en la cuarta gala de&hellip;\n","protected":false},"author":2,"featured_media":158732,"comment_status":"","ping_status":"","sticky":false,"template":"","format":"standard","meta":{"footnotes":""},"categories":[91],"tags":[146,147,25,24,47280,5148,47282,23,47281,28981],"class_list":{"0":"post-158731","1":"post","2":"type-post","3":"status-publish","4":"format-standard","5":"has-post-thumbnail","7":"category-entretenimiento","8":"tag-entertainment","9":"tag-entretenimiento","10":"tag-es","11":"tag-espana","12":"tag-matias-roure","13":"tag-mazza","14":"tag-sara-orriols-pareja-baile","15":"tag-spain","16":"tag-tension-bailando-con-las-estrellas","17":"tag-valeria"},"share_on_mastodon":{"url":"","error":""},"_links":{"self":[{"href":"https:\/\/www.europesays.com\/es\/wp-json\/wp\/v2\/posts\/158731","targetHints":{"allow":["GET"]}}],"collection":[{"href":"https:\/\/www.europesays.com\/es\/wp-json\/wp\/v2\/posts"}],"about":[{"href":"https:\/\/www.europesays.com\/es\/wp-json\/wp\/v2\/types\/post"}],"author":[{"embeddable":true,"href":"https:\/\/www.europesays.com\/es\/wp-json\/wp\/v2\/users\/2"}],"replies":[{"embeddable":true,"href":"https:\/\/www.europesays.com\/es\/wp-json\/wp\/v2\/comments?post=158731"}],"version-history":[{"count":0,"href":"https:\/\/www.europesays.com\/es\/wp-json\/wp\/v2\/posts\/158731\/revisions"}],"wp:featuredmedia":[{"embeddable":true,"href":"https:\/\/www.europesays.com\/es\/wp-json\/wp\/v2\/media\/158732"}],"wp:attachment":[{"href":"https:\/\/www.europesays.com\/es\/wp-json\/wp\/v2\/media?parent=158731"}],"wp:term":[{"taxonomy":"category","embeddable":true,"href":"https:\/\/www.europesays.com\/es\/wp-json\/wp\/v2\/categories?post=158731"},{"taxonomy":"post_tag","embeddable":true,"href":"https:\/\/www.europesays.com\/es\/wp-json\/wp\/v2\/tags?post=158731"}],"curies":[{"name":"wp","href":"https:\/\/api.w.org\/{rel}","templated":true}]}}