{"id":158735,"date":"2025-10-06T01:36:10","date_gmt":"2025-10-06T01:36:10","guid":{"rendered":"https:\/\/www.europesays.com\/es\/158735\/"},"modified":"2025-10-06T01:36:10","modified_gmt":"2025-10-06T01:36:10","slug":"lecornu-anuncia-un-gobierno-sin-grandes-cambios-y-sin-la-izquierda-en-francia-internacional","status":"publish","type":"post","link":"https:\/\/www.europesays.com\/es\/158735\/","title":{"rendered":"Lecornu anuncia un Gobierno sin grandes cambios y sin la izquierda en Francia | Internacional"},"content":{"rendered":"<p class=\"\">El <a href=\"https:\/\/elpais.com\/internacional\/2025-09-09\/sebastien-lecornu-nuevo-primer-ministro-de-francia.html\" target=\"_self\" rel=\"nofollow noopener\" title=\"https:\/\/elpais.com\/internacional\/2025-09-09\/sebastien-lecornu-nuevo-primer-ministro-de-francia.html\">primer ministro franc\u00e9s, S\u00e9bastien Lecornu<\/a>, ha comunicado este domingo qui\u00e9n formar\u00e1 parte de su Gobierno, <a href=\"https:\/\/elpais.com\/internacional\/2025-09-10\/el-nuevo-primer-ministro-frances-en-su-toma-de-posesion-habra-que-hacer-rupturas-ser-mas-creativo.html\" target=\"_self\" rel=\"nofollow noopener\" title=\"https:\/\/elpais.com\/internacional\/2025-09-10\/el-nuevo-primer-ministro-frances-en-su-toma-de-posesion-habra-que-hacer-rupturas-ser-mas-creativo.html\">26 d\u00edas despu\u00e9s de ser nombrado en el cargo<\/a> y tras semanas de intensas negociaciones con los partidos. El resultado es una lista de 18 nombres que suena a d\u00e9j\u00e0 vu al mantener a m\u00e1s de una decena de los ministros del antiguo equipo, sobre todo en las carteras clave, y no dar cabida a ning\u00fan representante de los partidos de izquierda. Repiten 13 y solo hay cinco nuevos. El presidente franc\u00e9s, Emmanuel Macron, ha convocado un Consejo de Ministros para el lunes. <\/p>\n<p class=\"\">La lectura del equipo la hizo Emmanuel Moulin, secretario general del El\u00edseo. Lecornu <a href=\"https:\/\/elpais.com\/internacional\/2025-09-10\/el-nuevo-primer-ministro-frances-en-su-toma-de-posesion-habra-que-hacer-rupturas-ser-mas-creativo.html\" target=\"_self\" rel=\"nofollow noopener\" title=\"https:\/\/elpais.com\/internacional\/2025-09-10\/el-nuevo-primer-ministro-frances-en-su-toma-de-posesion-habra-que-hacer-rupturas-ser-mas-creativo.html\">tom\u00f3 posesi\u00f3n el 10 de septiembre<\/a>, tras caer su predecesor, Fran\u00e7ois Bayrou, <a href=\"https:\/\/elpais.com\/internacional\/2025-09-09\/macron-acepta-la-dimision-de-bayrou-y-ya-busca-un-nuevo-primer-ministro.html\" target=\"_self\" rel=\"nofollow noopener\" title=\"https:\/\/elpais.com\/internacional\/2025-09-09\/macron-acepta-la-dimision-de-bayrou-y-ya-busca-un-nuevo-primer-ministro.html\">al perder una moci\u00f3n de confianza<\/a> en la Asamblea por sus pol\u00e9micos recortes presupuestarios. Al asumir el cargo, prometi\u00f3 una \u201cruptura\u201d con el pasado. A la vista de los pocos cambios, la duda es cu\u00e1nto durar\u00e1 el nuevo Ejecutivo antes de ser censurado. <\/p>\n<p class=\"\">\u201cNo hay sorpresas\u201d, reconoci\u00f3 Lecornu en una publicaci\u00f3n en sus redes sociales, en la que admiti\u00f3 tambi\u00e9n que habr\u00e1 que buscar compromisos con la oposici\u00f3n. \u201cSe acaba de formar un Gobierno. Conforme a mis compromisos, une una base com\u00fan que nos apoya en el Parlamento\u201d, agreg\u00f3 el primer ministro. <\/p>\n<p class=\"\">Las reacciones no han tardado. \u201cLa elecci\u00f3n de este Gobierno id\u00e9ntico, al que se ha incluido al hombre que llev\u00f3 a Francia a la bancarrota, es pat\u00e9tica. Nos hemos quedado sin palabras\u201d, ha dicho Marine Le Pen, l\u00edder del partido de extrema derecha Reagrupamiento Nacional, en X. <\/p>\n<p class=\"\">Se refer\u00eda al hecho de que se haya incorporado en el equipo gubernamental al exministro de Econom\u00eda, Bruno Le Maire, que estuvo siete a\u00f1os en el cargo, hasta julio de 2024. Ahora se le recupera para que dirija el Ministerio de Defensa, una de las carteras m\u00e1s estrat\u00e9gicas para Macron. <\/p>\n<p class=\"\">\u201cEsta es la ruptura al estilo Lecornu: usar siempre a los mismos para gobernar y repetir las mismas pol\u00edticas a toda costa\u201d, ha se\u00f1alado Mathilde Panot, presidenta en la Asamblea del grupo de izquierdas La Francia Insumisa. <\/p>\n<p class=\"\">En las \u00faltimas semanas, Lecornu ha multiplicado las consultas con los grupos de la oposici\u00f3n y ha hecho algunas concesiones <a href=\"https:\/\/elpais.com\/internacional\/2025-10-01\/el-primer-ministro-frances-intenta-seducir-a-los-sindicatos-antes-de-otra-jornada-de-huelga.html\" target=\"_self\" rel=\"nofollow noopener\" title=\"https:\/\/elpais.com\/internacional\/2025-10-01\/el-primer-ministro-frances-intenta-seducir-a-los-sindicatos-antes-de-otra-jornada-de-huelga.html\">para tratar de ganar apoyos<\/a>, sobre todo del Partido Socialista. La duda estaba en si conseguir\u00eda integrar a los socialistas en el nuevo Ejecutivo. Su l\u00edder, Olivier Faure, ya advirti\u00f3 el viernes de que <a href=\"https:\/\/elpais.com\/internacional\/2025-07-15\/bayrou-anuncia-un-plan-radical-de-recortes-de-44000-millones-para-frenar-la-deuda-francesa.html\" target=\"_self\" rel=\"nofollow noopener\" title=\"https:\/\/elpais.com\/internacional\/2025-07-15\/bayrou-anuncia-un-plan-radical-de-recortes-de-44000-millones-para-frenar-la-deuda-francesa.html\">el boceto presupuestario<\/a> que les ha presentado el primer ministro no les convence y que apoyar\u00e1n una moci\u00f3n de censura. <\/p>\n<p class=\"\">Este domingo, Lecornu transmiti\u00f3 su hoja de ruta a los partidos de la base gubernamental, los aliados de Macron (los centristas MoDem y Horizons) y Los Republicanos, en la que les instaba a \u201cunirse\u201d, a pesar de las diferencias pol\u00edticas. Advierte de que la prioridad del pa\u00eds \u201ces aprobar unos presupuestos para 2026 y asegurar la estabilidad del pa\u00eds\u201d. <\/p>\n<p class=\"\">\u201cSiendo fieles a nuestros valores, y teniendo en cuenta nuestras diferencias, hemos dise\u00f1ado una hoja de ruta que nos une. Al no tener m\u00e1s que una mayor\u00eda relativa [en la Asamblea], el Gobierno tendr\u00e1 que asumir compromisos con el resto de las formaciones pol\u00edticas sin abandonar sus convicciones\u201d, se\u00f1ala en la misiva. <\/p>\n<p class=\"\">De los 18 ministros, 13 repiten. Se quedan los pesos pesados del antiguo Ejecutivo: Bruno Retailleau, presidente de Los Republicanos, contin\u00faa al frente de Interior, y Gerald Darmanin al frente de Justicia. Tambi\u00e9n sigue Rachida Dati en Cultura, Elisabeth Borne en Educaci\u00f3n o Jean-No\u00ebl Barrot al frente de Exteriores. Todos miembros del Ejecutivo de Bayrou. Todos del centro-derecha.<\/p>\n<p class=\"\">Uno de los pocos cambios est\u00e1 en la cartera de Econom\u00eda y Finanzas, uno de los ministerios sensibles, pues el objetivo de los dos \u00faltimos gobiernos censurados era precisamente reducir el elevado endeudamiento del pa\u00eds. Lo dirigir\u00e1 Roland Lescure, exministro de Industria y que fue tambi\u00e9n vicepresidente en la Asamblea Nacional. Considerado del ala izquierda dentro del macronismo, es el tercer titular de finanzas que tiene el pa\u00eds en un a\u00f1o. <\/p>\n<p class=\"\">Se ha recuperado a \u00c9ric Woerth como responsable de la cartera de Territorios. Ya fue ministro durante el mandato de Nicolas Sarkozy y ha sido procesado en uno de los casos de corrupci\u00f3n que implican al expresidente, cuya sentencia se dict\u00f3 la semana pasada. Woerth fue absuelto. <\/p>\n<p class=\"\">Este Gobierno nace ya tocado y la prueba ser\u00e1 la presentaci\u00f3n del presupuesto para 2026. Deber\u00eda empezar a debatirse este mismo mes para ser aprobado a finales de diciembre como tarde. Lecornu ya ha dicho que no tiene intenci\u00f3n de hacer uso del pol\u00e9mico art\u00edculo 49.3 de la Constituci\u00f3n, que permite aprobar leyes por decreto, sin voto del Parlamento. <\/p>\n<p class=\"\">El ex primer ministro Michel Barnier hizo uso de ello para aprobar las cuentas hace casi un a\u00f1o, que contemplaban recortes hist\u00f3ricos, y por eso fue censurado. Lecornu no lo har\u00e1, pero la duda es si le dar\u00e1 tiempo a presentarlas. Har\u00e1 su declaraci\u00f3n de pol\u00edtica general, su estreno en la Asamblea, este martes. La Francia Insumisa y los ecologistas han anunciado que presentar\u00e1n una moci\u00f3n de censura ese mismo d\u00eda. Tanto los socialistas como el partido de Marine Le Pen han amenazado ya con dejarlo caer. <\/p>\n","protected":false},"excerpt":{"rendered":"El primer ministro franc\u00e9s, S\u00e9bastien Lecornu, ha comunicado este domingo qui\u00e9n formar\u00e1 parte de su Gobierno, 26 d\u00edas&hellip;\n","protected":false},"author":2,"featured_media":158736,"comment_status":"","ping_status":"","sticky":false,"template":"","format":"standard","meta":{"footnotes":""},"categories":[42],"tags":[17,18,4372,730,700,13,14,317,32277,11,61,62,63,64,19,20,9,10,15,16,18264,12104,40458,40457,12,21,22,65,66,67],"class_list":{"0":"post-158735","1":"post","2":"type-post","3":"status-publish","4":"format-standard","5":"has-post-thumbnail","7":"category-internacional","8":"tag-breaking-news","9":"tag-breakingnews","10":"tag-crisis-politicas","11":"tag-emmanuel-macron","12":"tag-europa","13":"tag-featured-news","14":"tag-featurednews","15":"tag-francia","16":"tag-francois-bayrou","17":"tag-headlines","18":"tag-internacional","19":"tag-international","20":"tag-international-news","21":"tag-internationalnews","22":"tag-latest-news","23":"tag-latestnews","24":"tag-news","25":"tag-noticias","26":"tag-noticias-destacadas","27":"tag-noticiasdestacadas","28":"tag-protestas-sociales","29":"tag-recortes-presupuestarios","30":"tag-recortes-sociales","31":"tag-sebastien-lecornu","32":"tag-titulares","33":"tag-ultimas-noticias","34":"tag-ultimasnoticias","35":"tag-world","36":"tag-world-news","37":"tag-worldnews"},"share_on_mastodon":{"url":"","error":""},"_links":{"self":[{"href":"https:\/\/www.europesays.com\/es\/wp-json\/wp\/v2\/posts\/158735","targetHints":{"allow":["GET"]}}],"collection":[{"href":"https:\/\/www.europesays.com\/es\/wp-json\/wp\/v2\/posts"}],"about":[{"href":"https:\/\/www.europesays.com\/es\/wp-json\/wp\/v2\/types\/post"}],"author":[{"embeddable":true,"href":"https:\/\/www.europesays.com\/es\/wp-json\/wp\/v2\/users\/2"}],"replies":[{"embeddable":true,"href":"https:\/\/www.europesays.com\/es\/wp-json\/wp\/v2\/comments?post=158735"}],"version-history":[{"count":0,"href":"https:\/\/www.europesays.com\/es\/wp-json\/wp\/v2\/posts\/158735\/revisions"}],"wp:featuredmedia":[{"embeddable":true,"href":"https:\/\/www.europesays.com\/es\/wp-json\/wp\/v2\/media\/158736"}],"wp:attachment":[{"href":"https:\/\/www.europesays.com\/es\/wp-json\/wp\/v2\/media?parent=158735"}],"wp:term":[{"taxonomy":"category","embeddable":true,"href":"https:\/\/www.europesays.com\/es\/wp-json\/wp\/v2\/categories?post=158735"},{"taxonomy":"post_tag","embeddable":true,"href":"https:\/\/www.europesays.com\/es\/wp-json\/wp\/v2\/tags?post=158735"}],"curies":[{"name":"wp","href":"https:\/\/api.w.org\/{rel}","templated":true}]}}