{"id":158737,"date":"2025-10-06T01:37:17","date_gmt":"2025-10-06T01:37:17","guid":{"rendered":"https:\/\/www.europesays.com\/es\/158737\/"},"modified":"2025-10-06T01:37:17","modified_gmt":"2025-10-06T01:37:17","slug":"yo-nunca-decia-mi-etnia-cuando-buscaba-trabajo","status":"publish","type":"post","link":"https:\/\/www.europesays.com\/es\/158737\/","title":{"rendered":"Yo nunca dec\u00eda mi etnia cuando buscaba trabajo"},"content":{"rendered":"<p class=\"article-text\">\n        Ana Segovia, Noem\u00ed Gonz\u00e1lez, Antonio Maya y Ram\u00f3n Rom\u00e1n est\u00e1n donde quieren estar a nivel laboral, como tantos miles de personas en Espa\u00f1a. Sin embargo, a ellos les une el haber luchado contra el estigma que les ha acompa\u00f1ado desde que nacieron por pertenecer a familias gitanas. M\u00e1s all\u00e1 de los prejuicios impregnados todav\u00eda en la sociedad, son numerosos los casos en los que las personas gitanas han conseguido derribar estereotipos y llegar al lugar que siempre ansiaron.\u00a0\n    <\/p>\n<p class=\"article-text\">\n        La barrera educativa contin\u00faa siendo la principal cortapisa a la que se enfrentan. <a href=\"https:\/\/www.eldiario.es\/sociedad\/1-jovenes-gitanos-gradua-universidad_1_12419819.html\" target=\"_blank\" data-mrf-recirculation=\"links-noticia\" class=\"link\" rel=\"nofollow noopener\">Tan solo el 0,8% de los estudiantes gitanos y gitanas se grad\u00faa en la universidad<\/a>. El dato lo aporta la Fundaci\u00f3n Secretariado Gitano, quien tilda la situaci\u00f3n de \u201calarmante\u201d. Para contrarrestarlo, historias como la de Ana Segovia toman relevancia. Actualmente es la directora del departamento de Incidencia Social de esta Fundaci\u00f3n: \u201cNuestro mayor reto es convencer a la gente de que nos tiene que mirar con otros ojos\u201d, adelanta.\n    <\/p>\n<p class=\"article-text\">\n        Natural de San Roque, un peque\u00f1o pueblo gaditano, se crio con referencias que le marcaron el camino. \u201cMujeres de mi familia ya hab\u00edan ido a la universidad y siempre se le dio mucha importancia a los estudios, a que fu\u00e9semos personas independientes y formadas en el futuro\u201d, comenta. Se licenci\u00f3 en Periodismo en la Universidad de Sevilla, donde m\u00e1s tarde estudi\u00f3 un m\u00e1ster. Todav\u00eda rememora c\u00f3mo era la \u00fanica gitana de su clase y echaba en falta alguien con quien compartir sus miedos e inquietudes.\n    <\/p>\n<p class=\"article-text\">\n        Gracias a una acci\u00f3n desarrollada por Secretariado Gitano, Segovia empez\u00f3 a colaborar con la entidad. La oportunidad definitiva apareci\u00f3 en 2014, cuando entr\u00f3 a formar parte de la Fundaci\u00f3n. Ella ha llegado, no as\u00ed otras tantas personas j\u00f3venes gitanas. \u201cEl principal reto al que nos enfrentamos es la educaci\u00f3n. Los datos nos dicen que solo seis de cada diez chicos gitanos se saca el t\u00edtulo de la ESO, y eso limita much\u00edsimo las oportunidades futuras\u201d, desarrolla.\n    <\/p>\n<p class=\"article-text\">\n        Segovia considera que la falta de referentes puede ser uno de los factores que hacen que la tasa de fracaso y abandono escolar en la poblaci\u00f3n gitana sea m\u00e1s alta que en otros colectivos de la sociedad. A pesar de ello, esta comunicadora de 35 a\u00f1os afincada en Madrid se muestra optimista. \u201cDesde la Fundaci\u00f3n siempre intentamos que se vea la diversidad del pueblo gitano, y siempre que podemos promocionamos que los gitanos accedan a puestos de poder y responsabilidad, o que emprendan\u201d, a\u00f1ade.\n    <\/p>\n<p>    Una aspirante a jueza atravesada por la precariedad<\/p>\n<p class=\"article-text\">\n        Traspasar la frontera de la formaci\u00f3n, sin embargo, no es sin\u00f3nimo de alcanzar la posici\u00f3n que uno anhela. Como tantos otros j\u00f3venes, Nazaret Jim\u00e9nez no puede continuar su carrera laboral debido a la precariedad. Tiene 25 a\u00f1os y es vecina del barrio madrile\u00f1o de Vallecas. Su excelente expediente acad\u00e9mico tras cursar Derecho no es suficiente para encarar las oposiciones a magistrada, que es lo que le gustar\u00eda. Su historia no se diferencia mucho de la de miles de j\u00f3venes espa\u00f1oles.\u00a0\n    <\/p>\n<p class=\"article-text\">\n        Se sac\u00f3 la carrera mientras trabajaba de dependienta, reponedora o cajera, y actualmente coordina un servicio de asistencia a v\u00edctimas dependiente del Ministerio de Igualdad. \u201cLa oposici\u00f3n para jueces y fiscales requiere una preparaci\u00f3n con dedicaci\u00f3n absoluta, adem\u00e1s de que te tienes que permitir estar parado unos cinco a\u00f1os de media o poder pagar a un preparador\u201d, se queja antes de recalcar que ella hubiera opositado \u201csin dudarlo\u201d.\n    <\/p>\n<p class=\"article-text\">\n        Por otra parte, su alto rendimiento acad\u00e9mico no fue suficiente para no sufrir el tan temido estigma para unas y, en ocasiones, invisible para otros. \u201cYo nunca dec\u00eda que era gitana cuando buscaba trabajo porque sab\u00eda que me mirar\u00edan de otra manera. En la universidad tambi\u00e9n me encontr\u00e9 con comentarios feos, as\u00ed que aprendes a convivir con ello, que no normalizarlo\u201d, asevera. Jim\u00e9nez reconoce que le hubiera ayudado que alguna persona gitana hubiera accedido a la judicatura antes que ella. \u201cAhora tengo un amigo gitano y s\u00ed que est\u00e1 prepar\u00e1ndose la oposici\u00f3n. Si le hubiera conocido antes quiz\u00e1 me hubiera animado m\u00e1s a intentarlo\u201d, determina.\n    <\/p>\n<p>    Del despido por ser gitana al emprendimiento<\/p>\n<p class=\"article-text\">\n        Noem\u00ed Gonz\u00e1lez tambi\u00e9n decidi\u00f3 no decir que era gitana mientras trabajaba en una mercer\u00eda muy antigua del centro de Madrid. Ahora tiene 33 a\u00f1os y es la due\u00f1a de K-u\u00f1aKas, un sal\u00f3n de belleza y academia que aglutina a seis personas contratadas entre profesionales y profesoras en Madrid. No siempre fue as\u00ed. \u201cEn la mercer\u00eda estuve dos a\u00f1os. Todo iba fenomenal hasta que entr\u00f3 una amiga de mi madre que me empez\u00f3 a hablar en cal\u00f3\u201d, relata.\u00a0\n    <\/p>\n<p class=\"article-text\">\n        Todo cambi\u00f3 a partir de entonces. \u201cFue un antes y un despu\u00e9s. Los compa\u00f1eros, que hasta hab\u00edan venido a verme al hospital cuando di a luz, me hac\u00edan el vac\u00edo. Empezaron a hablar de poner c\u00e1maras en la zona de taquillas. Yo sal\u00eda del trabajo llorando\u201d, recuerda.\n    <\/p>\n<p>            <img decoding=\"async\" class=\"lazy\" loading=\"lazy\" data-src=\"https:\/\/static.eldiario.es\/clip\/4bba6319-5288-45a6-b49a-a8bd8b3382fb_16-9-discover-aspect-ratio_default_0.jpg\" src=\"data:image\/svg+xml,%3Csvg xmlns=\" http:=\"\" viewbox=\"0 0 1200 675\" alt=\"Noemi\u0301 Gonz\u00e1lez.\"\/><\/p>\n<p class=\"article-text\">\n        Un 30 de diciembre su jefe la despidi\u00f3 tras acusarla de haber robado, a pesar de no tener pruebas de ello. Gonz\u00e1lez consigui\u00f3 el despido improcedente. Unos a\u00f1os despu\u00e9s mont\u00f3 su actual negocio: \u201cAparte del sal\u00f3n de est\u00e9tica y la academia que tenemos en Embajadores, tambi\u00e9n hemos impulsado una academia online, y todos los fines de semana nos desplazamos donde haga falta para dar nuestros cursos\u201d.\n    <\/p>\n<p class=\"article-text\">\n        Esta esteticista, que procede de una familia que desde hace tres generaciones se ha dedicado al peque\u00f1o comercio en Madrid, sabe de la importancia de la educaci\u00f3n. Madre de tres hijos, tampoco ella se libra del estigma: \u201cUn profesor me lleg\u00f3 a decir que no les mandaba deberes porque no sab\u00eda si tendr\u00edamos el nivel suficiente en casa para ayudarles\u201d, se\u00f1ala. En este sentido, Gonz\u00e1lez afirma tajante que \u201cpodemos llegar donde queramos\u201d, y que cree \u201cplenamente en la educaci\u00f3n p\u00fablica, aunque a veces a algunos profesores les falte formaci\u00f3n y cierto tacto\u201d.\n    <\/p>\n<p class=\"article-text\">\n        \u201cTenemos que dejar de generalizar, de incentivar el odio. La cultura gitana es muy diversa, como lo es la sociedad. No hay nada m\u00e1s bello que la diversidad, as\u00ed que no digamos al gitano que se integre, sino que intentemos respetar otras culturas distintas para dejar de creer que todo el mundo debe ser igual para ser aceptado\u201d, reclama la misma Gonz\u00e1lez.\n    <\/p>\n<p>    El primer gitano en la Bolsa de Madrid<\/p>\n<p class=\"article-text\">\n        Superar los muros del estigma es lo que ha conseguido Antonio Maya. Este granadino de 25 a\u00f1os se convirti\u00f3 en el primer gitano supervisor del mercado de valores en la Bolsa de Madrid, contratado por Bolsa de Mercados Espa\u00f1oles. El ambiente de estudio y disciplina, enfatiza, le ha acompa\u00f1ado desde peque\u00f1o. \u201cMis dos padres son abogados, y en parte por eso me decant\u00e9 por estudiar Derecho y Administraci\u00f3n de empresas\u201d, precisa.\n    <\/p>\n<p class=\"article-text\">\n        Una vez graduado en la Universidad de Granada, consigui\u00f3 el puesto en la Bolsa de Madrid. Tras unos a\u00f1os en la capital, ha decidido volverse a su tierra natal para crear la primera academia de inversiones en bolsa presencial de Granada, un proyecto que desea escalar a M\u00e1laga, Sevilla y Madrid.\n    <\/p>\n<p class=\"article-text\">\n        \u201cHe sentido los prejuicios en muchas ocasiones, porque es algo inevitable en la sociedad actual. Lo he sentido en todas las edades, desde mi etapa en el colegio hasta en el trabajo, pero eso no me ha impedido llegar a donde he querido\u201d, expresa Maya. Ahora, \u00e9l se ha convertido en el referente que nunca tuvo. \u201cSi ves que una persona lo ha logrado, \u00bfpor qu\u00e9 no lo ibas a intentar t\u00fa? Me parece crucial que los j\u00f3venes gitanos tengan gente en la que fijarse y que hayan alcanzado puestos de relevancia\u201d, profundiza.\n    <\/p>\n<p>            <img decoding=\"async\" class=\"lazy\" loading=\"lazy\" data-src=\"https:\/\/static.eldiario.es\/clip\/64830113-cec6-47ee-9d27-4bd7fa814ac6_16-9-discover-aspect-ratio_default_0.jpg\" src=\"data:image\/svg+xml,%3Csvg xmlns=\" http:=\"\" viewbox=\"0 0 1200 675\" alt=\"Ramo\u0301n Roma\u0301n.\"\/><\/p>\n<p>    Contra la imagen estereotipada de los medios<\/p>\n<p class=\"article-text\">\n        Muy parecido es lo que piensa Ram\u00f3n Rom\u00e1n, quien a sus 43 a\u00f1os es el gerente de la agencia que cre\u00f3 hace tres a\u00f1os llamada Zendital, dedicada al marketing entre empresas y que gestiona junto a su mujer y una persona contratada. Nacido en V\u00e9lez-M\u00e1laga, ahora reside en el municipio cordob\u00e9s de Lucena. Tras estudiar Comunicaci\u00f3n Audiovisual en la Universidad de M\u00e1laga se form\u00f3 en dise\u00f1o web y marketing digital hasta que dio el paso de emprender. \u201cMi idea era trabajar como periodista. Jes\u00fas Hermida era mi referente\u201d, admite.\n    <\/p>\n<p>    <a href=\"https:\/\/www.eldiario.es\/sociedad\/1-jovenes-gitanos-gradua-universidad_1_12419819.html\" data-mrf-recirculation=\"saber-mas-abajo\" data-dl-event=\"saber-mas-abajo\" rel=\"nofollow noopener\" target=\"_blank\"><\/p>\n<p class=\"know-more__title\">Menos del 1% de los j\u00f3venes gitanos se grad\u00faa en la universidad<\/p>\n<p>            <img decoding=\"async\" class=\"lazy\" loading=\"lazy\" data-src=\"https:\/\/static.eldiario.es\/clip\/86b59d74-9915-4680-a55e-8b60799e9c3a_16-9-aspect-ratio_default_0.jpg\" src=\"data:image\/svg+xml,%3Csvg xmlns=\" http:=\"\" viewbox=\"0 0 880 495\" alt=\"Menos del 1% de los j\u00f3venes gitanos se grad\u00faa en la universidad\"\/><\/p>\n<p>                        <\/a><\/p>\n<p class=\"article-text\">\n        La vida ten\u00eda otro destino para \u00e9l, tambi\u00e9n halag\u00fce\u00f1o. \u201cQuiero pensar que todo lo que hago puede servir para mostrar una imagen de los gitanos distinta de la que se exhibe continuamente en los medios de comunicaci\u00f3n, que cuando alguien busque algo relacionado con nosotros no todo sean cap\u00edtulos de violencia\u201d, prosigue. Seg\u00fan finaliza el propio Rom\u00e1n, \u201cnosotros no somos excepciones, pero la gente tiene que empezar a ver tambi\u00e9n la diversidad del pueblo gitano\u201d.\n    <\/p>\n","protected":false},"excerpt":{"rendered":"Ana Segovia, Noem\u00ed Gonz\u00e1lez, Antonio Maya y Ram\u00f3n Rom\u00e1n est\u00e1n donde quieren estar a nivel laboral, como tantos&hellip;\n","protected":false},"author":2,"featured_media":158738,"comment_status":"","ping_status":"","sticky":false,"template":"","format":"standard","meta":{"footnotes":""},"categories":[8],"tags":[45420,17,18,47286,47284,25,24,47283,47285,13,14,10713,3575,11,19,20,9,10,15,16,20469,23,12,2752,21,22],"class_list":{"0":"post-158737","1":"post","2":"type-post","3":"status-publish","4":"format-standard","5":"has-post-thumbnail","7":"category-espana","8":"tag-barreras","9":"tag-breaking-news","10":"tag-breakingnews","11":"tag-buscaba","12":"tag-decia","13":"tag-es","14":"tag-espana","15":"tag-estigmas","16":"tag-etnia","17":"tag-featured-news","18":"tag-featurednews","19":"tag-gitanos","20":"tag-han","21":"tag-headlines","22":"tag-latest-news","23":"tag-latestnews","24":"tag-news","25":"tag-noticias","26":"tag-noticias-destacadas","27":"tag-noticiasdestacadas","28":"tag-roto","29":"tag-spain","30":"tag-titulares","31":"tag-trabajo","32":"tag-ultimas-noticias","33":"tag-ultimasnoticias"},"share_on_mastodon":{"url":"","error":""},"_links":{"self":[{"href":"https:\/\/www.europesays.com\/es\/wp-json\/wp\/v2\/posts\/158737","targetHints":{"allow":["GET"]}}],"collection":[{"href":"https:\/\/www.europesays.com\/es\/wp-json\/wp\/v2\/posts"}],"about":[{"href":"https:\/\/www.europesays.com\/es\/wp-json\/wp\/v2\/types\/post"}],"author":[{"embeddable":true,"href":"https:\/\/www.europesays.com\/es\/wp-json\/wp\/v2\/users\/2"}],"replies":[{"embeddable":true,"href":"https:\/\/www.europesays.com\/es\/wp-json\/wp\/v2\/comments?post=158737"}],"version-history":[{"count":0,"href":"https:\/\/www.europesays.com\/es\/wp-json\/wp\/v2\/posts\/158737\/revisions"}],"wp:featuredmedia":[{"embeddable":true,"href":"https:\/\/www.europesays.com\/es\/wp-json\/wp\/v2\/media\/158738"}],"wp:attachment":[{"href":"https:\/\/www.europesays.com\/es\/wp-json\/wp\/v2\/media?parent=158737"}],"wp:term":[{"taxonomy":"category","embeddable":true,"href":"https:\/\/www.europesays.com\/es\/wp-json\/wp\/v2\/categories?post=158737"},{"taxonomy":"post_tag","embeddable":true,"href":"https:\/\/www.europesays.com\/es\/wp-json\/wp\/v2\/tags?post=158737"}],"curies":[{"name":"wp","href":"https:\/\/api.w.org\/{rel}","templated":true}]}}