{"id":158743,"date":"2025-10-06T01:41:10","date_gmt":"2025-10-06T01:41:10","guid":{"rendered":"https:\/\/www.europesays.com\/es\/158743\/"},"modified":"2025-10-06T01:41:10","modified_gmt":"2025-10-06T01:41:10","slug":"no-se-a-quien-le-habre-quitado-la-vida-pero-esta-no-era-la-que-me-tocaba","status":"publish","type":"post","link":"https:\/\/www.europesays.com\/es\/158743\/","title":{"rendered":"\u00abNo s\u00e9 a qui\u00e9n le habr\u00e9 quitado la vida, pero esta no era la que me tocaba\u00bb"},"content":{"rendered":"<p style=\"\">No muy lejos del centro de Gij\u00f3n, asoma en una callejuela estrecha el Club Deportivo T\u00edbet. Es el lugar donde se ha forjado uno de los luchadores de artes marciales mixtas (MMA) m\u00e1s importantes de la historia de Espa\u00f1a. <strong>Joel \u00c1lvarez (Asturias, 1993)<\/strong> creci\u00f3  &#8230; en el humilde barrio del Pol\u00edgono, el lugar donde pas\u00f3 muchas horas en la calle junto a sus colegas. La vida le ense\u00f1\u00f3 que el camino recto lo encontrar\u00eda entre las paredes del gimnasio y su descomunal talento dentro del oct\u00e1gono hizo el resto. <\/p>\n<p class=\"voc-p\" style=\"\">Hoy, El Fen\u00f3meno es uno de los atletas m\u00e1s espectaculares de la UFC, atesorando un r\u00e9cord profesional de 22 victorias, todas ellas finalizadas antes del l\u00edmite. Despu\u00e9s de<a href=\"https:\/\/www.abc.es\/deportes\/mma\/joel-alvarez-top-ufc-fenomeno-solo-saco-20250119164727-nt.html\" target=\"_self\" data-voc-vtm-id=\"in-text-traffic\" title=\" nueve combates en el peso ligero\" rel=\"nofollow noopener\"> nueve combates en el peso ligero<\/a> (70,3 kilos) dentro de la mayor liga de MMA del mundo, el pr\u00f3ximo 11 de octubre se estrenar\u00e1 en el w\u00e9lter (77,1 kilos), una categor\u00eda superior que le permitir\u00e1 mantener una mayor actividad debido al &#8216;infierno&#8217; de los recortes de peso, ya que supera el metro noventa de altura. Y no ser\u00e1 un debut cualquiera, lo har\u00e1 con un aviso de tres semanas en R\u00edo de Janeiro, ante Vicente Luque, un brasile\u00f1o que ha llegado a estar en el top 5 y ha vencido a tres excampeones. Es una oportunidad de oro. A falta de seis d\u00edas para la pelea, Joel \u00c1lvarez abre las puertas de su &#8216;casa&#8217; a ABC para analizar su pasado, su presente y su futuro. <\/p>\n<p class=\"voc-p\" style=\"\"><strong>-Llevas desde diciembre de 2024 sin subirte al oct\u00e1gono de la UFC, pero ha llegado la hora de regresar a la competici\u00f3n. Imagino que ya habr\u00e1 ganas, \u00bfno? <\/strong><\/p>\n<p class=\"voc-p\" style=\"\">-S\u00ed, con ganas de volver al ruedo, son muchos meses los que han pasado. Estoy contento, por fin pondr\u00e9 el pie en la nueva categor\u00eda de peso. <\/p>\n<p class=\"voc-p\" style=\"\"><strong>-Nueva categor\u00eda, el peso w\u00e9lter, y un estreno en corto aviso. \u00bfQu\u00e9 te ha llevado a aceptar este combate con tan poca antelaci\u00f3n? <\/strong><\/p>\n<p class=\"voc-p\" style=\"\">-Ten\u00eda ganas de pelear, llevaba un tiempo con la ley del 50-60, mantenernos en ese ritmo, eran tres semanas pero el recorte de peso ya no es una barbaridad como era antes, encima para una pelea con Vicente Luque, que me puedo considerar un fan de \u00e9l, he crecido viendo sus peleas, es una pelea muy atractiva, era una buena oportunidad. Y en un inmejorable escenario como R\u00edo de Janeiro. <\/p>\n<p class=\"voc-p\" style=\"\"><strong>-\u00bfA qu\u00e9 te refieres con la ley del 50-60? \u00bfAl ritmo mantenido fuera de campamento?<\/strong><\/p>\n<p class=\"voc-p\" style=\"\">-Mi carrera ha sido una muestra de ensayo y error, dejando los cimientos a toda la juventud que viene ahora para que no se estrellan tanto como lo he hecho yo. Intentas mantenerte a un ritmillo bueno, pero no de campamento, con un estilo de vida diaria como para cuando suene el tel\u00e9fono subir hasta el 100 y llegar a la pelea sin romperte. Yo antes estaba siempre al cien por cien y he sufrido un mont\u00f3n de lesiones. Luego le encontramos la l\u00f3gica, pec\u00e1bamos de inexperiencia.<\/p>\n<p class=\"voc-p\" style=\"\"><strong>-Hablando de lesiones, tuviste que salir de tu pelea en mayo en Canad\u00e1 contra Benoit Saint Denis por una en la mano. \u00bfC\u00f3mo est\u00e1s de aquello?<\/strong><\/p>\n<p class=\"voc-p\" style=\"\">-Fue un golpe en la mano que pill\u00e9 un codo y se me puso el nudillo como una pelota de golf. Tuve que estar varias semanas sin golpear, yendo al fisio, pero ahora est\u00e1 bien. Gracias a Dios y a hacer las cosas bien estoy otra vez en el camino.<\/p>\n<p class=\"voc-p\" style=\"\"><strong>-Vayamos con el combate que tienes por delante. \u00bfC\u00f3mo fue la llamada de la UFC para decirte que peleabas el 11 de octubre contra Vicente Luque en R\u00edo? \u00bfTe lo pensaste?<\/strong><\/p>\n<p class=\"voc-p\" style=\"\">-Estoy acostumbrado a bajar much\u00edsimos kilos para entrar en el peso ligero. En este caso, el peso era lo que menos me preocupaba, porque estaba bien. Voy a volver a ser padre en diciembre y estaba con la incertidumbre. Al recibir la llamada pens\u00e9 que estaba bien porque as\u00ed pod\u00eda estar en diciembre con mi mujer. <\/p>\n<p class=\"voc-p\" style=\"\"><strong>-Te enfrentas a Vicente Luque, un tipo que tiene 23 combates en la UFC, con 16 victorias, 14 de ellas finalizadas, ha peleado contra cuatro excampeones y ha vencido a tres de ellos. \u00bfC\u00f3mo esperas esta pelea ante un rival de tanta entidad?<\/strong><\/p>\n<p class=\"voc-p\" style=\"\">-Tenemos un estilo similar, los dos somos finalizadores, no buscamos el derribo, vamos al intercambio de golpes aunque tenemos buenas sumisiones. Es una pelea entretenida, estoy muy contento con este combate. Tengo que ser cauteloso, es un cazador como yo; es una pelea muy divertida. <\/p>\n<p class=\"voc-p\" style=\"\"><strong>-Me da la sensaci\u00f3n que tu combate est\u00e1 catalogado por los aficionados como la &#8216;pelea del pueblo&#8217;, es decir, la m\u00e1s atractiva de la cartelera a nivel de estilos y espectacularidad. <\/strong><\/p>\n<p class=\"voc-p\" style=\"\">-Yo creo que s\u00ed, los que realmente saben de este deporte tambi\u00e9n tienen esa sensaci\u00f3n, somos dos luchadores que van a ir a finalizar y darlo todo. Es una pelea que puede terminar en cualquier momento. <\/p>\n<p><img decoding=\"async\" loading=\"lazy\" src=\"https:\/\/www.europesays.com\/es\/wp-content\/uploads\/2025\/10\/joel-alvarez-borja-U88532571318qQA-758x470@diario_abc.jpg\" class=\"voc-d-c-combo-3__img\" width=\"758\" height=\"470\" alt=\"Imagen principal - Joel \u00c1lvarez es la punta de lanza del Club Deportivo T\u00edbet, un gimnasio capitaneado por Borja \u00c1lvarez y Pep\u00edn que act\u00faa de familia para muchos j\u00f3venes que buscan un camino recto a trav\u00e9s de las artes marciales mixtas. \"\/><\/p>\n<p><img decoding=\"async\" loading=\"lazy\" src=\"https:\/\/www.europesays.com\/es\/wp-content\/uploads\/2025\/10\/joel-alvarez-golpe-U13607522272Qhf-464x329@diario_abc.jpg\" class=\"voc-d-c-combo-3__img\" width=\"464\" height=\"329\" alt=\"Imagen secundaria 1 - Joel \u00c1lvarez es la punta de lanza del Club Deportivo T\u00edbet, un gimnasio capitaneado por Borja \u00c1lvarez y Pep\u00edn que act\u00faa de familia para muchos j\u00f3venes que buscan un camino recto a trav\u00e9s de las artes marciales mixtas. \"\/><\/p>\n<p><img decoding=\"async\" loading=\"lazy\" src=\"https:\/\/www.europesays.com\/es\/wp-content\/uploads\/2025\/10\/joel-sentado-U05650313721keO-278x329@diario_abc.jpg\" class=\"voc-d-c-combo-3__img\" width=\"278\" height=\"329\" alt=\"Imagen secundaria 2 - Joel \u00c1lvarez es la punta de lanza del Club Deportivo T\u00edbet, un gimnasio capitaneado por Borja \u00c1lvarez y Pep\u00edn que act\u00faa de familia para muchos j\u00f3venes que buscan un camino recto a trav\u00e9s de las artes marciales mixtas. \"\/><\/p>\n<p>La familia tibetana<br \/>\nJoel \u00c1lvarez es la punta de lanza del Club Deportivo T\u00edbet, un gimnasio capitaneado por Borja \u00c1lvarez y Pep\u00edn que act\u00faa de familia para muchos j\u00f3venes que buscan un camino recto a trav\u00e9s de las artes marciales mixtas.<br \/>\nPABLO ORTEGA<\/p>\n<p class=\"voc-p\" style=\"\"><strong>-\u00bfC\u00f3mo se hace un &#8216;training camp&#8217; para una pelea en tres semanas cuando habitualmente son diez o doce?<\/strong><\/p>\n<p class=\"voc-p\" style=\"\">-Hacer una preparaci\u00f3n para un combate en tres semanas es complicado, tienes que saltarte toda la parte del trabajo de fuerza, hemos ajustado picos de f\u00edsico para llegar bien. Ha tocado llamar r\u00e1pidamente a sparrings para que vinieran, a los que les agradezco mucho que hayan venido. Es complicado porque todo ha sido muy acelerado, pero por otro lado estoy contento porque no tengo todo el estr\u00e9s que supone un campamento, estamos ya pr\u00e1cticamente viajando a Brasil y comenzando la Fight Week. Estamos muy motivados. <\/p>\n<p class=\"voc-p\" style=\"\"><strong>-No es lo mismo debutar en el peso w\u00e9lter contra un nombre desconocido que hacerlo contra un luchador con 23 peleas que estuvo en la lista de contendientes. \u00bfTienes la sensaci\u00f3n de que una buena victoria te pone en la mira del top 15?<\/strong><\/p>\n<p class=\"voc-p\" style=\"\">-Soy fan de Luque, pero si le gano la pelea, si no me colocan en el top 15, me abrir\u00eda a pelear contra alguno de ellos. Hablamos de que ha sido top 5 de la divisi\u00f3n, ha ganado a tres campeones de la UFC, es muy bueno y con mucho nombre. Ahora le ha venido algo de mala racha, pero para m\u00ed es un top 10 natural. <\/p>\n<p class=\"voc-p\" style=\"\"><strong>-\u00bfEl peso w\u00e9lter es sin\u00f3nimo de que vayas a tener mucha actividad?<\/strong><\/p>\n<p class=\"voc-p\" style=\"\">-Lo habl\u00e9 con mi m\u00e1nager, Ali Abdelaziz. Le dije que en el peso ligero iba a estar peleando una vez al a\u00f1o porque el recorte de peso lo sufro yo pero tambi\u00e9n toda mi familia, incluida mi hija, y mi equipo. Con mi hija ahora puedo estar jugando, antes ten\u00eda que estar tirado en el sof\u00e1 descansando. Mi traducci\u00f3n del peso w\u00e9lter es que voy a vivir. <\/p>\n<p class=\"voc-p\" style=\"\"><strong>-Recuerdo una frase que me dijiste hace tiempo: el problema no es solo el recorte de peso, que lo es, sino la descompensaci\u00f3n del cuerpo cuando ya ha pasado. Ahora eso no ser\u00e1 tan acusado. <\/strong><\/p>\n<p class=\"voc-p\" style=\"\">-Claro, es que antes llevaba a mi cuerpo a los 70 kilos y a las dos semanas rebotaba a m\u00e1s de 90. Eso no es sano. Ahora bajar\u00e9 a 77 kilos y rebotar\u00e9 a 10, 12 o 15 kilos como mucho, es todo mucho m\u00e1s natural. No es que vaya a estar m\u00e1s grande, estar\u00e9 m\u00e1s natural, antes viv\u00eda en un d\u00e9ficit continuo, yo soy un t\u00edo grande. <\/p>\n<p class=\"voc-p\" style=\"\"><strong>-\u00bfTe ha afectado mucho la inactividad? Porque al final, pese a que tienes una marca de ropa como Knockout Couture o patrocinadores, no pelear es algo as\u00ed como estar en el paro, porque os pagan por combate. <\/strong><\/p>\n<p class=\"voc-p\" style=\"\">-Est\u00e1 claro que cada vez que peleas hay un impulso en la cuenta del banco. Gracias a Dios yo he hecho buenos movimientos y me van bien econ\u00f3micamente, pero m\u00e1s que por lo econ\u00f3mico es por lo deportivo. Dejar de pisar la jaula es como dejar de familiarizarte con ella, y ahora la cabeza tiene que volver a colocarlo todo, ha sido un par\u00f3n largo y eso se nota. Tengo muchas ganas de volver a vivir una Fight Week. <\/p>\n<p class=\"voc-p\" style=\"\"><strong>-Hablando de ganas, he visto que te hace ilusi\u00f3n pelear en R\u00edo de Janeiro y en una gran cartelera como la que organizan en Brasil. <\/strong><\/p>\n<p class=\"voc-p\" style=\"\">-\u00a1Claro! El Ej\u00e9rcito de Pancho Villa por R\u00edo, eso suena muy bien, ah\u00ed estaremos todos. Es inmejorable la arena, tengo muchas ganas. Somos la antepen\u00faltima pelea, eso va a ser una olla a presi\u00f3n, va a molar mucho. Me gusta ir de visitante, en territorio hostil, eso me gusta. Presi\u00f3n ninguna, hemos tomado la pelea con tres semanas y vamos con la mentalidad de ganar cien por cien, me motiva mucho. <\/p>\n<p class=\"voc-p\" style=\"\"><strong>-Entiendo que pusiste junto a tu equipo en la balanza el riesgo y la oportunidad y lo viste claro. <\/strong><\/p>\n<p class=\"voc-p\" style=\"\">-Ponemos todos los pros y contras en la balanza, pero esta pelea me encanta, es un &#8216;striker&#8217; y casi nunca va a derribar. Si me dan otro nombre como Gilbert Burns, que se tira mucho al jiujitsu brasile\u00f1o, yo no estar\u00eda en tres semanas preparado para pelear contra \u00e9l. O con Colby Covington, con gente que te vaya a luchar cuerpo a cuerpo, necesitar\u00eda un campamento y una preparaci\u00f3n diferente, no podr\u00eda haberla aceptada, pero en el caso de Luque, con su estilo, no est\u00e1n agotador como cuando te empieza alguien a luchar. <\/p>\n<p class=\"voc-p\" style=\"\"><strong>-No es el estilo de Luque, pero ese escenario del &#8216;wrestling&#8217; puede llegar.<\/strong><\/p>\n<p class=\"voc-p\" style=\"\">-No es su estilo, pero claro que se puede dar. Me sorprender\u00eda mucho, lo he estudiado bien. Casi todos los luchadores cuando se ven en peligro se tiran a luchar, este tipo no, se mantiene, se recupera e intenta volver a coger el eje y se faja otra vez.<\/p>\n<p class=\"voc-p\" style=\"\"><strong>-Me has sacado el nombre de Gilbert Burns, tambi\u00e9n hay otros como Geoff Neal o Ian Garry, que son pegadores entretenidos. \u00bfContra qu\u00e9 atletas del top 15 te gustar\u00eda pelear?<\/strong><\/p>\n<p class=\"voc-p\" style=\"\">-Hay muchos que me gustan. Carlos Prates, Stephen Thompson o Leon Edwards, son &#8216;strikers&#8217; que molan mucho. Es una divisi\u00f3n con un top 15 lleno de pegadores.<\/p>\n<p class=\"voc-p\" style=\"\"><strong>-La pelea de Leon Edwards ser\u00eda muy buena.<\/strong><\/p>\n<p class=\"voc-p\" style=\"\">-S\u00ed, s\u00ed, tiene un &#8216;striking&#8217; muy depurado, no es un noqueador pero controla el resultado de la pelea de principio a fin. <\/p>\n<p class=\"voc-p\" style=\"\"><strong>-Ahora toca R\u00edo, pero entiendo que en el futuro para pelear en Estados Unidos sin problema para entrar por el visado, \u00bfno?<\/strong><\/p>\n<p class=\"voc-p\" style=\"\">-S\u00ed, s\u00ed, ahora me toca renovarlo y poder entrar en eventos en Estados Unidos. Tambi\u00e9n me gusta Abu Dabi, Qatar, Europa o Espa\u00f1a (risas). Las Vegas y la costa oeste es una paliza de viaje. Es trabajo y lo que mande la empresa, pero si pueden estar mejor situadas, mejor. <\/p>\n<p class=\"voc-p\" style=\"\"><strong>-Hablemos del plano mental. Ya tienes mucha experiencia en la UFC pero, \u00bfqu\u00e9 se te pasa por la cabeza en estas semanas hasta la pelea? <\/strong><\/p>\n<p class=\"voc-p\" style=\"\">-Te pasa de todo por la cabeza. Te pones en los mejores escenarios, ganando con una patada de doble giro en el aire, que te den tres bonos en la misma noche, hasta que te noqueen en el primer golpe. Es normal, son ideas y venidas de emociones, de miedos&#8230; Es lo que le da la chispa a este deporte. Aunque es lo que hago todos los d\u00edas en el gimnasio, en la semana de la pelea, con la presi\u00f3n medi\u00e1tica, te piensas que los pu\u00f1etazos duelen tres veces m\u00e1s o que tienes tres veces menos de velocidad, y no, es lo que haces todos los d\u00edas. Es verdad que te pasan muchas cosas por la cabeza, pero si no tuviese esas emociones ser\u00eda que ya habr\u00eda perdido la chispa, la pasi\u00f3n por el deporte. <\/p>\n<p class=\"voc-p\" style=\"\"><strong>-Dicen que si no hay mariposas en el est\u00f3mago es que el fuego ya se ha extinguido. <\/strong><\/p>\n<p class=\"voc-p\" style=\"\">-Eso es. Sin esa emoci\u00f3n por pelear&#8230; Yo ahora en la nueva categor\u00eda la tengo incluso m\u00e1s. Antes era pensar que hab\u00eda combate y lo primero que me ven\u00eda a la cabeza era el recorte de peso. Ahora es natural y no esas burradas de antes. Estamos ah\u00ed, estoy m\u00e1s emocionado.<\/p>\n<p class=\"voc-p\" style=\"\"><strong>-Es como si estuvieras comenzando una &#8216;nueva&#8217; carrera. <\/strong><\/p>\n<p class=\"voc-p\" style=\"\">-Yo creo que s\u00ed. Empieza una segunda carrera de eslalon, teniendo en cuenta que ser\u00e1 mi pelea profesional n\u00famero 26 y la d\u00e9cima en la UFC, pero es como una nueva versi\u00f3n de Joel \u00c1lvarez en el peso w\u00e9lter. Quiero hacer disfrutar a los fans y a los que me apoyan, tengo 32 a\u00f1os, no voy a seguir peleando hasta los 40, espero retirarme con 37 o 38 a\u00f1os. En estos a\u00f1os que me quedan quiero hacer pelear y disfrutar a la gente. Y poder retirarme sano. <\/p>\n<p><img decoding=\"async\" loading=\"lazy\" src=\"https:\/\/www.europesays.com\/es\/wp-content\/uploads\/2025\/10\/joel-alvarez-espejo-U82468603030YDd-760x427@diario_abc.jpg\" class=\"voc-img\" width=\"760\" height=\"427\" alt=\"Joel \u00c1lvarez golpe a un saco, mientras los cristales del gimnasio 'sudan'\" data-voc-vtm-id=\"in-text-traffic\"\/><\/p>\n<p>Joel \u00c1lvarez golpe a un saco, mientras los cristales del gimnasio &#8216;sudan&#8217;<\/p>\n<p>PABLO ORTEGA<\/p>\n<p class=\"voc-p\" style=\"\"><strong>-A la gente le interesa mucho saber acerca del momento vestuario, esos instantes en los que est\u00e1n calentando para salir a combatir al oct\u00e1gono. Dicen que es uno de los m\u00e1s dif\u00edciles. <\/strong><\/p>\n<p class=\"voc-p\" style=\"\">-Yo ese momento estoy bien, como ya he calentado y estoy reactivo, en mi rol de peleador, no lo llevo mal. Pienso vamos a quitarnos esto de en medio, a poner la guinda al pastel. Cuando lo paso mal yo es durante las dos horas previas a que te lleven al estadio. Son dos horas en la que estoy solo, en la habitaci\u00f3n de hotel, porque mis patrones ya marcharon al estadio. Y me quedo en la m\u00e1s absoluta soledad, sin mirar el m\u00f3vil ni nada. Y dices: &#8216;Mierda, donde me he metido. Otra vez aqu\u00ed&#8217;. Pero piensas es tu trabajo, mam\u00f3n, sal ah\u00ed y hazlo. Llevo toda la vida haci\u00e9ndolo gratis, ahora te van a pagar una talegada por ello, vas a dar una mejor calidad a tu mujer y a tus hijos, y solo tienes que hacer una cosa, que es pelear. No me est\u00e1n pidiendo que me ponga a hacer ecuaciones o entrevistas, es algo que llevo haciendo toda la vida, lo hac\u00eda gratis, incluso pagando o por 200 euros cuando comenc\u00e9. Tengo una motivaci\u00f3n extra econ\u00f3mica y familiar, es una responsabilidad y peleo de cara a ello. Peleas y traes el sustento a casa o que en casa haya un poco de calamidades por no hayas tenido los huevos de hacer lo que tienes que hacer. Lo naturalizo as\u00ed y pongo la directa al trabajo. <\/p>\n<p class=\"voc-p\" style=\"\"><strong>-As\u00ed que te quedas dos horas reflexionando el por qu\u00e9 est\u00e1s ah\u00ed, esperando a que te lleven para pelear en un oct\u00e1gono delante de miles de personas. <\/strong><\/p>\n<p class=\"voc-p\" style=\"\">-Eso es, al final solo es pelear, tan sencillo. Una vez m\u00e1s. <\/p>\n<p class=\"voc-p\" style=\"\"><strong>-\u00bfY tienes alg\u00fan ritual especial antes de salir a pelear?<\/strong><\/p>\n<p class=\"voc-p\" style=\"\">-En el vestuario es un poco comedia, porque siempre est\u00e1 el de los test antidoping, nos dicen que har\u00e1n controles aleatorios y a m\u00ed siempre me toca (risas). Que no hay fallo, eh. Pero siempre es: &#8216;M\u00edster \u00c1lvarez, te ha tocado&#8217;. Y all\u00e1 vamos. Pero claro est\u00e1s calentando, mientras que tienes que orinar, a veces no llenas el bote&#8230; Luego ya en el oct\u00e1gono, siempre saludo a los cuatro lados y al equipo rival. Mantenerme activo, no quedarme parado, que est\u00e9 fluyendo la sangre para no entrar fr\u00edo. <\/p>\n<p class=\"voc-p\" style=\"\"><strong>-Has dicho que te gustar\u00eda retirarte con 37 o 38 a\u00f1os. \u00bfD\u00f3nde te ves dentro de tres a\u00f1os en la UFC? <\/strong><\/p>\n<p class=\"voc-p\" style=\"\">-Dentro del ranking (top 15) del peso w\u00e9lter. Y espero estar muy c\u00f3modo en la vida. Seguir con mi trabajo de pelear, que no es una pasi\u00f3n, es un trabajo, y ser un padre de familia, poder llevar a mis hijos al cole, tambi\u00e9n poder sacar a los chavales de mi gimnasio a pelear, con 35 a\u00f1os espero estar as\u00ed, y de vez en cuando pelear en la UFC. <\/p>\n<p class=\"voc-p\" style=\"\"><strong>-Vamos con la parte m\u00e1s personal. Viene en camino un segundo hijo. Imagino que ya te mantienes con el chip activo de padre de familia. <\/strong><\/p>\n<p class=\"voc-p\" style=\"\">-Es muy buena pregunta, porque yo antes cuando ve\u00eda a la gente hacerse padre, ve\u00eda que bajaba el rendimiento, igual se le daba mal la pelea, pero lo ve\u00eda. Me acojonaba lo de ser padre y todo lo contrario, voy con una racha de tres victorias, ha sido una motivaci\u00f3n extra. Yo tengo mucha suerte, tengo una mujer maravillosa que se encarga de todo, es administrativa y adem\u00e1s hace todo, se encarga mucho de la ni\u00f1a, de lo que yo necesito comer para mis preparaciones, es una maravilla. Ahora viene otro y va a haber m\u00e1s ruido en la casa (risas). Pero seguir\u00e1n las cosas similares. Cristina es una s\u00faper mujer y puedo centrarme en el trabajo, en las peleas. Y encima me llevo la parte buena de casa, llevo una vida que jam\u00e1s hubiese so\u00f1ado. <\/p>\n<p class=\"voc-p\" style=\"\"><strong>-Hay una frase muy potente que te he escuchado en la que dec\u00edas que \u00abestabas viviendo una vida que no te pertenec\u00eda\u00bb. <\/strong><\/p>\n<p class=\"voc-p\" style=\"\">-Es as\u00ed, no es la vida que me pertenec\u00eda, vivo bien a nivel personal, no solo econ\u00f3mico. Nunca tuve nada, no tengo herencias, no tuve ese s\u00e1cate buenas notas que te pago el carn\u00e9 de coche, siempre fui con una mano delante y otra detr\u00e1s. Solo tuve a mis abuelos y fallecieron cuando yo era joven. Me tuve que hacer a m\u00ed mismo y hacerlo siendo un chaval supuso pasar muchas horas en la calle y buscas el duro f\u00e1cil y con el m\u00ednimo esfuerzo a ser posible y no te metes en cosas buenas. Pero vas viendo c\u00f3mo no te sonr\u00ede la suerte y dices&#8230; \u00a1hostia! Y ahora ver qui\u00e9n soy, no es lo que me deparaba la vida, me esperaba otra cosa, por eso estoy muy agradecido, siguiendo el camino del hombre recto, ser buena persona y hacer las cosas bien para seguir viviendo la vida que no era la m\u00eda. No s\u00e9 a qui\u00e9n se la habr\u00e9 quitado, pero no era la m\u00eda. Quiero disfrutar de ello, estoy lleno de ilusi\u00f3n y no me puedo quejar con mi vida. <\/p>\n<p class=\"voc-p\" style=\"\"><strong>-Cuando uno habla contigo, se da cuenta de que eres &#8216;muy asturiano&#8217;. \u00bfQu\u00e9 impacto tiene Asturias en tu identidad y qu\u00e9 significa para ti?<\/strong><\/p>\n<p class=\"voc-p\" style=\"\">-Asturias es mi tierra, la gente de aqu\u00ed tiene una forma de ser, somos muy familiares y muy hospitalarios. Como decimos aqu\u00ed, somos paisanos y es por lo que nos regimos. Lo primero es ser paisano, y una vez lo seas, vas trazando todo. Somos muy nobles. Ser paisano, ser asturiano es un sentimiento. Mi hermano me dec\u00eda: &#8216;Joel\u00edn, o eres un paisano o eres un mierda&#8217;. Hasta que no fueron pasando los a\u00f1os, no lo comprend\u00ed, hasta que me meti\u00f3 a la obra con 18 a\u00f1os para trabajar, para ser un paisano. Y a\u00fan as\u00ed sal\u00ed un poco rana, porque entenderlo de joven es complicado. <\/p>\n<p class=\"voc-p\" style=\"\"><strong>-Pues este paisano, adem\u00e1s de pelear, se ha convertido en un emprendedor, impulsando su propia marca de ropa Knockout Couture. \u00bfC\u00f3mo est\u00e1 yendo este proyecto?<\/strong><\/p>\n<p class=\"voc-p\" style=\"\">-Estamos muy contentos, ha crecido much\u00edsimo la marca en poco tiempo. Lo vemos con los encargos que nos hacen, mola mucho. El otro d\u00eda fui a un evento a Burgos y hab\u00eda un par de peleadores que llevaban pantalones de la marca y eso mola, est\u00e1 ya repartida por todo el pa\u00eds. Me encanta poner ese estilo real a disposici\u00f3n de todos. <\/p>\n<p class=\"voc-p\" style=\"\"><strong>-Padre de familia, peleador de la UFC, empresario&#8230; \u00bfDe qu\u00e9 te enorgulleces m\u00e1s dentro y fuera del oct\u00e1gono?<\/strong><\/p>\n<p class=\"voc-p\" style=\"\">-De los m\u00edos, de mi gente. Es verlos crecer y eso te enorgullece much\u00edsimo, ver que salen adelante y hacen las cosas bien. Mi mujer, la primera, mientras entrenadores Borja y Pep\u00edn, los chavales del gimnasio. Mis amigos vienen de mismo sitio que yo y est\u00e1n ahora bien, que le vaya bien a todo mi c\u00edrculo es de lo que m\u00e1s me enorgullezco. <\/p>\n<p class=\"voc-p\" style=\"\"><strong>-Joel, muchas gracias y mucha suerte para tu pelea en el UFC R\u00edo. Estaremos all\u00ed cubriendo el evento.<\/strong><\/p>\n<p class=\"voc-p\" style=\"\">-Muchas gracias a vosotros. <\/p>\n","protected":false},"excerpt":{"rendered":"No muy lejos del centro de Gij\u00f3n, asoma en una callejuela estrecha el Club Deportivo T\u00edbet. Es el&hellip;\n","protected":false},"author":2,"featured_media":158744,"comment_status":"","ping_status":"","sticky":false,"template":"","format":"standard","meta":{"footnotes":""},"categories":[276],"tags":[4458,168,981,25,24,4457,10818,20614,23,167,343,2606],"class_list":{"0":"post-158743","1":"post","2":"type-post","3":"status-publish","4":"format-standard","5":"has-post-thumbnail","7":"category-ufc","8":"tag-alvarez","9":"tag-deportes","10":"tag-era","11":"tag-es","12":"tag-espana","13":"tag-joel","14":"tag-peleador","15":"tag-quitado","16":"tag-spain","17":"tag-sports","18":"tag-ufc","19":"tag-vida"},"share_on_mastodon":{"url":"","error":""},"_links":{"self":[{"href":"https:\/\/www.europesays.com\/es\/wp-json\/wp\/v2\/posts\/158743","targetHints":{"allow":["GET"]}}],"collection":[{"href":"https:\/\/www.europesays.com\/es\/wp-json\/wp\/v2\/posts"}],"about":[{"href":"https:\/\/www.europesays.com\/es\/wp-json\/wp\/v2\/types\/post"}],"author":[{"embeddable":true,"href":"https:\/\/www.europesays.com\/es\/wp-json\/wp\/v2\/users\/2"}],"replies":[{"embeddable":true,"href":"https:\/\/www.europesays.com\/es\/wp-json\/wp\/v2\/comments?post=158743"}],"version-history":[{"count":0,"href":"https:\/\/www.europesays.com\/es\/wp-json\/wp\/v2\/posts\/158743\/revisions"}],"wp:featuredmedia":[{"embeddable":true,"href":"https:\/\/www.europesays.com\/es\/wp-json\/wp\/v2\/media\/158744"}],"wp:attachment":[{"href":"https:\/\/www.europesays.com\/es\/wp-json\/wp\/v2\/media?parent=158743"}],"wp:term":[{"taxonomy":"category","embeddable":true,"href":"https:\/\/www.europesays.com\/es\/wp-json\/wp\/v2\/categories?post=158743"},{"taxonomy":"post_tag","embeddable":true,"href":"https:\/\/www.europesays.com\/es\/wp-json\/wp\/v2\/tags?post=158743"}],"curies":[{"name":"wp","href":"https:\/\/api.w.org\/{rel}","templated":true}]}}