{"id":158745,"date":"2025-10-06T01:45:15","date_gmt":"2025-10-06T01:45:15","guid":{"rendered":"https:\/\/www.europesays.com\/es\/158745\/"},"modified":"2025-10-06T01:45:15","modified_gmt":"2025-10-06T01:45:15","slug":"la-nueva-estrella-de-aston-martin-f1-se-queda-boquiabierto-con-el-trabajo-de-adrian-newey-cada-detalle","status":"publish","type":"post","link":"https:\/\/www.europesays.com\/es\/158745\/","title":{"rendered":"La nueva estrella de Aston Martin F1 se queda boquiabierto con el trabajo de Adrian Newey: \u00abCada detalle&#8230;\u00bb"},"content":{"rendered":"<p data-journey-content=\"true\" data-node-id=\"3\" class=\"css-6wxqfj emevuu60\">Durante los \u00faltimos meses, Aston Martin ha llevado a cabo una serie de fichajes con el objetivo de ser m\u00e1s competitivos en 2026. Entre ellos se encuentra el de Andy Cowell, una de las piezas fundamentales del equipo Mercedes durante la era h\u00edbrida, el de Adrian Newey, con un palmar\u00e9s a sus espaldas hist\u00f3rico en Red Bull, Williams y McLaren, y el del reci\u00e9n incorporado a la plantilla, Enrico Cardile, ex de Ferrari y que ya ha analizado en detalle la nueva f\u00e1brica de Silverstone. <\/p>\n<p>Enrico Cardile revela el potencial de Aston Martin F1<\/p>\n<p data-journey-content=\"true\" data-node-id=\"7\" class=\"css-6wxqfj emevuu60\">Desde inicios de temporada,<strong data-node-id=\"7.1\"> el equipo brit\u00e1nico ya apuntaba a 2026 como el objetivo que todos ten\u00edan en mente, <\/strong>dejando entrever que el a\u00f1o 2025 iba a ser una etapa de transici\u00f3n de cara a la nueva normativa. Unos meses en los que desde Silverstone ya han logrado habilitar un nuevo simulador de \u00faltima generaci\u00f3n, terminar las instalaciones de vanguardia en la f\u00e1brica y lo m\u00e1s importante, <a href=\"https:\/\/www.caranddriver.com\/es\/formula-1\/a64185222\/asi-nuevo-arma-aston-martin-f1-tunel-viento-adrian-newey-gloria-2026\/\" target=\"_blank\" data-vars-ga-outbound-link=\"https:\/\/www.caranddriver.com\/es\/formula-1\/a64185222\/asi-nuevo-arma-aston-martin-f1-tunel-viento-adrian-newey-gloria-2026\/\" data-vars-ga-ux-element=\"Hyperlink\" data-vars-ga-call-to-action=\"un t\u00fanel de viento propio que ya est\u00e1 dando sus resultados. \" data-node-id=\"7.3\" class=\"body-link css-168zq96 emevuu60\" rel=\"nofollow noopener\">un t\u00fanel de viento propio que ya est\u00e1 dando sus resultados. <\/a><\/p>\n<p data-journey-content=\"true\" data-node-id=\"9\" class=\"css-6wxqfj emevuu60\">Precisamente en esto ha querido indagar Enrico Cardile en su primera entrevista con los colores del equipo <strong data-node-id=\"9.1\">Aston Martin, en la que ha detallado el potencial que tiene el equipo a nivel de infraestructura de cara a la nueva normativa de motores,<\/strong><a href=\"https:\/\/www.caranddriver.com\/es\/formula-1\/a65453817\/adrian-newey-ambicioso-mensaje-fernando-alonso-aston-martin-f1-2026\/\" target=\"_blank\" data-vars-ga-outbound-link=\"https:\/\/www.caranddriver.com\/es\/formula-1\/a65453817\/adrian-newey-ambicioso-mensaje-fernando-alonso-aston-martin-f1-2026\/\" data-vars-ga-ux-element=\"Hyperlink\" data-vars-ga-call-to-action=\" adem\u00e1s de elogiar el trabajo de Adrian Newey,\" data-node-id=\"9.2\" class=\"body-link css-168zq96 emevuu60\" rel=\"nofollow noopener\"> adem\u00e1s de elogiar el trabajo de Adrian Newey,<\/a> quien seg\u00fan el italiano, es una parte fundamental para estar pendientes de cada detalle del nuevo monoplaza.<\/p>\n<p><img draggable=\"true\" alt=\"fernando alonso aston martin f1\" title=\"Fernando Alonso Aston Martin F1\" loading=\"lazy\" width=\"3816\" height=\"2544\" decoding=\"async\" data-nimg=\"1\" style=\"color:transparent;width:100%;height:auto;\"   src=\"https:\/\/www.europesays.com\/es\/wp-content\/uploads\/2025\/10\/gettyimages-2233948082-68c54c718bb0c.jpg\" class=\"css-0 e1g79fud0\"\/><a target=\"_blank\" rel=\"noopener nofollow\" data-theme-key=\"base-link\" href=\"https:\/\/pinterest.com\/pin\/create\/button\/?url=https:\/\/www.caranddriver.com\/es\/formula-1\/a66077905\/estrella-aston-martin-f1-boquiabierto-trabajo-adrian-newey-detalle\/&amp;description=&amp;media=https:\/\/hips.hearstapps.com\/hmg-prod\/images\/gettyimages-2233948082-68c54c718bb0c.jpg?resize=1600:*\" class=\"pinterest css-on9hn5 e1c1bym14\"><img decoding=\"async\" data-dynamic-svg=\"true\" src=\"https:\/\/www.caranddriver.com\/_assets\/design-tokens\/fre\/static\/icons\/social\/pinterest.e8cf655.svg?primary=%2523ffffff\" loading=\"lazy\" data-testid=\"dynamic-svg-base\" height=\"auto\" width=\"auto\" alt=\"pinterest\" class=\"css-4lml0h e1mlxuuw1\"\/><\/a><\/p>\n<p>NurPhoto<\/p>\n<p data-journey-content=\"true\" data-node-id=\"14\" class=\"css-6wxqfj emevuu60\">\u201cCreo firmemente, que tiene todo lo que se necesita. Mi trabajo es supervisar el desarrollo del coche, <strong data-node-id=\"14.1\">seguir de cerca el rendimiento, aerodin\u00e1mica, el dise\u00f1o del coche, las pruebas, b\u00e1sicamente todas las actividades desde la idea hasta el circuito<\/strong>\u201d, dec\u00eda el nuevo director t\u00e9cnico de Aston Martin.<\/p>\n<p data-journey-content=\"true\" data-node-id=\"16\" class=\"css-6wxqfj emevuu60\">\u201cHay muchas cosas que me han impresionado positivamente, el campus es incre\u00edble y siendo un ingeniero, el t\u00fanel de viento,<strong data-node-id=\"16.1\"> literalmente, te deja sin aliento por toda la tecnolog\u00eda, por todo lo avanzado que est\u00e1<\/strong>\u201d, prosigui\u00f3.<\/p>\n<p data-journey-content=\"true\" data-node-id=\"18\" class=\"css-6wxqfj emevuu60\">\u201cEst\u00e1 la visi\u00f3n inquebrantable de Adrian y el constante empuje para seguir mejorando para refinar cada detalle del coche.<strong data-node-id=\"18.1\"> Necesitaremos tiempo para crecer y mientras crecemos, lo daremos todo para conseguir grandes resultados<\/strong>\u201d, concluy\u00f3 Enrico Cardile. <\/p>\n<p data-journey-content=\"true\" data-node-id=\"20\" class=\"css-6wxqfj emevuu60\">Es as\u00ed como el <a href=\"https:\/\/www.caranddriver.com\/es\/formula-1\/equipos\/a35214665\/aston-martin\/\" target=\"_blank\" data-vars-ga-outbound-link=\"https:\/\/www.caranddriver.com\/es\/formula-1\/equipos\/a35214665\/aston-martin\/\" data-vars-ga-ux-element=\"Hyperlink\" data-vars-ga-call-to-action=\"nuevo director t\u00e9cnico de Aston Martin\" data-node-id=\"20.1\" class=\"body-link css-168zq96 emevuu60\" rel=\"nofollow noopener\">nuevo director t\u00e9cnico de Aston Martin<\/a> ha querido detallar el potencial que tiene el equipo de cara a 2026 en su primera entrevista vestido de verde.<\/p>\n<p>Contenidos relacionados<\/p>\n","protected":false},"excerpt":{"rendered":"Durante los \u00faltimos meses, Aston Martin ha llevado a cabo una serie de fichajes con el objetivo de&hellip;\n","protected":false},"author":2,"featured_media":158746,"comment_status":"","ping_status":"","sticky":false,"template":"","format":"standard","meta":{"footnotes":""},"categories":[270],"tags":[168,253,25,24,306,271,272,23,167],"class_list":{"0":"post-158745","1":"post","2":"type-post","3":"status-publish","4":"format-standard","5":"has-post-thumbnail","7":"category-formula-1","8":"tag-deportes","9":"tag-discover","10":"tag-es","11":"tag-espana","12":"tag-f1","13":"tag-formula-1","14":"tag-formula1","15":"tag-spain","16":"tag-sports"},"share_on_mastodon":{"url":"","error":""},"_links":{"self":[{"href":"https:\/\/www.europesays.com\/es\/wp-json\/wp\/v2\/posts\/158745","targetHints":{"allow":["GET"]}}],"collection":[{"href":"https:\/\/www.europesays.com\/es\/wp-json\/wp\/v2\/posts"}],"about":[{"href":"https:\/\/www.europesays.com\/es\/wp-json\/wp\/v2\/types\/post"}],"author":[{"embeddable":true,"href":"https:\/\/www.europesays.com\/es\/wp-json\/wp\/v2\/users\/2"}],"replies":[{"embeddable":true,"href":"https:\/\/www.europesays.com\/es\/wp-json\/wp\/v2\/comments?post=158745"}],"version-history":[{"count":0,"href":"https:\/\/www.europesays.com\/es\/wp-json\/wp\/v2\/posts\/158745\/revisions"}],"wp:featuredmedia":[{"embeddable":true,"href":"https:\/\/www.europesays.com\/es\/wp-json\/wp\/v2\/media\/158746"}],"wp:attachment":[{"href":"https:\/\/www.europesays.com\/es\/wp-json\/wp\/v2\/media?parent=158745"}],"wp:term":[{"taxonomy":"category","embeddable":true,"href":"https:\/\/www.europesays.com\/es\/wp-json\/wp\/v2\/categories?post=158745"},{"taxonomy":"post_tag","embeddable":true,"href":"https:\/\/www.europesays.com\/es\/wp-json\/wp\/v2\/tags?post=158745"}],"curies":[{"name":"wp","href":"https:\/\/api.w.org\/{rel}","templated":true}]}}