{"id":158747,"date":"2025-10-06T01:54:09","date_gmt":"2025-10-06T01:54:09","guid":{"rendered":"https:\/\/www.europesays.com\/es\/158747\/"},"modified":"2025-10-06T01:54:09","modified_gmt":"2025-10-06T01:54:09","slug":"crisis-sporting-el-sporting-destituye-a-garitano-tras-cinco-derrotas-consecutivas","status":"publish","type":"post","link":"https:\/\/www.europesays.com\/es\/158747\/","title":{"rendered":"CRISIS SPORTING | El Sporting destituye a Garitano tras cinco derrotas consecutivas"},"content":{"rendered":"<p class=\"ft-text ft-helper-closenews\"><strong>Asier Garitano ser\u00e1 destituido en el Sporting de Gij\u00f3n, tal y como avanz\u00f3 LA NUEVA ESPA\u00d1A. El entrenador no se sentar\u00e1<\/strong> el pr\u00f3ximo domingo en el banquillo de El Molin\u00f3n para digirir al equipo frente al Racing de Santander. Desde que finaliz\u00f3 el encuentro en el Skyfi de Castalia y se consum\u00f3 la quinta derrota consecutiva del proyecto, la alta direcci\u00f3n de Orlegi Sports ha mantenido durante toda la tarde de este domingo distintas conversaciones para analizar la conveniencia de un cambio en el banquillo. Los contactos han sido frecuentes a lo largo de una agotadora jornada de domingo a tres bandas entre Estados Unidos -donde reside Alejandro Irarragorri-, M\u00e9xico y Espa\u00f1a. La idea de la destituci\u00f3n del entrenador de Vergara ha ido ganando fuerza durante toda la jornada del domingo. Ya es un hecho. Se le comunicar\u00e1 enseguida.<\/p>\n<p class=\"ft-text\">En la c\u00fapula de Orlegi Sports hay quien piensa que no se pueden volver a repetir errores y ven s\u00edntomas de agotamiento en el equipo, con una ca\u00edda alarmante, y una falta de confianza en los jugadores muy preocupante. En cuaquier caso, estaba previsto este mismo domingo un \u00faltimo encuentro entre los directivos del club rojiblanco -con David Guerra e Israel Villase\u00f1or al frente de la delegaci\u00f3n- con el entrenador. Este encuentro apunta a producirse en el Hotel Insside Barcelona Aeropuerto, donde pernoctar\u00e1 este domingo el equipo. Ah\u00ed se le comunicar\u00e1 la decisi\u00f3n. La expedici\u00f3n ten\u00eda previsto llegar a la Ciudad Condal pasadas las 22:30. Este lunes, la expedici\u00f3n tomar\u00e1 un vuelo a las 9: 35 horas de la ma\u00f1ana y se prev\u00e9 su llegada en el aeropuerto de Asturias a eso de las 10:45. El equipo, de hecho, se ejercita a las 12 horas en Mareo.<\/p>\n<p class=\"ft-text\">La direcci\u00f3n deportiva del Grupo Orlegi, si finalmente se toma la decisi\u00f3n dr\u00e1stica de la destituci\u00f3n, como parece, ya revisa la cartera de entrenadores libres. Sergio Gonz\u00e1lez gusta a los rectores. Pero, en esta b\u00fasqueda, no hay nada decidido. Todav\u00eda.<\/p>\n<p data-close=\"closedContent\" class=\"subscribeHideForDisplay\">Suscr\u00edbete para seguir leyendo<\/p>\n","protected":false},"excerpt":{"rendered":"Asier Garitano ser\u00e1 destituido en el Sporting de Gij\u00f3n, tal y como avanz\u00f3 LA NUEVA ESPA\u00d1A. El entrenador&hellip;\n","protected":false},"author":2,"featured_media":158748,"comment_status":"","ping_status":"","sticky":false,"template":"","format":"standard","meta":{"footnotes":""},"categories":[93],"tags":[384,20044,168,30431,1053,29278,25,24,24308,23,4782,4783,167],"class_list":{"0":"post-158747","1":"post","2":"type-post","3":"status-publish","4":"format-standard","5":"has-post-thumbnail","7":"category-deportes","8":"tag-apunta","9":"tag-castalia","10":"tag-deportes","11":"tag-destitucion","12":"tag-domingo","13":"tag-el-molinon","14":"tag-es","15":"tag-espana","16":"tag-garitano","17":"tag-spain","18":"tag-sporting","19":"tag-sporting-de-gijon","20":"tag-sports"},"share_on_mastodon":{"url":"","error":""},"_links":{"self":[{"href":"https:\/\/www.europesays.com\/es\/wp-json\/wp\/v2\/posts\/158747","targetHints":{"allow":["GET"]}}],"collection":[{"href":"https:\/\/www.europesays.com\/es\/wp-json\/wp\/v2\/posts"}],"about":[{"href":"https:\/\/www.europesays.com\/es\/wp-json\/wp\/v2\/types\/post"}],"author":[{"embeddable":true,"href":"https:\/\/www.europesays.com\/es\/wp-json\/wp\/v2\/users\/2"}],"replies":[{"embeddable":true,"href":"https:\/\/www.europesays.com\/es\/wp-json\/wp\/v2\/comments?post=158747"}],"version-history":[{"count":0,"href":"https:\/\/www.europesays.com\/es\/wp-json\/wp\/v2\/posts\/158747\/revisions"}],"wp:featuredmedia":[{"embeddable":true,"href":"https:\/\/www.europesays.com\/es\/wp-json\/wp\/v2\/media\/158748"}],"wp:attachment":[{"href":"https:\/\/www.europesays.com\/es\/wp-json\/wp\/v2\/media?parent=158747"}],"wp:term":[{"taxonomy":"category","embeddable":true,"href":"https:\/\/www.europesays.com\/es\/wp-json\/wp\/v2\/categories?post=158747"},{"taxonomy":"post_tag","embeddable":true,"href":"https:\/\/www.europesays.com\/es\/wp-json\/wp\/v2\/tags?post=158747"}],"curies":[{"name":"wp","href":"https:\/\/api.w.org\/{rel}","templated":true}]}}