{"id":158761,"date":"2025-10-06T02:02:12","date_gmt":"2025-10-06T02:02:12","guid":{"rendered":"https:\/\/www.europesays.com\/es\/158761\/"},"modified":"2025-10-06T02:02:12","modified_gmt":"2025-10-06T02:02:12","slug":"el-union-sur-yaiza-conquista-un-valioso-empate-en-el-virgen-de-las-nieves","status":"publish","type":"post","link":"https:\/\/www.europesays.com\/es\/158761\/","title":{"rendered":"El Uni\u00f3n Sur Yaiza conquista un valioso empate en el Virgen de Las Nieves"},"content":{"rendered":"<p><a class=\"gofollow\" data-track=\"MTYsNCw2MA==\" href=\"https:\/\/www.facebook.com\/graciplus\/?locale=es_ES\" target=\"_blank\" rel=\"nofollow noopener\"><img loading=\"lazy\" decoding=\"async\" src=\"https:\/\/www.europesays.com\/es\/wp-content\/uploads\/2025\/09\/graciplus_banner_superior.jpg\" width=\"500\" height=\"75\"\/><\/a><\/p>\n<p><strong>LanzaroteDeportiva.com<\/strong><\/p>\n<p>El Uni\u00f3n Sur Yaiza mantiene su buena din\u00e1mica de resultados en estas primeras jornadas de la competici\u00f3n, sumando este domingo un valioso empate en su visita a la Sociedad Deportiva Tenisca en el Virgen de Las Nieves. Los palmeros fallaron un penalti en la primera mitad y los sure\u00f1os jugaron con un jugador m\u00e1s los \u00faltimos quince minutos, circunstancia que no pudo ser aprovechada por los de Juan Antonio Mach\u00edn.<\/p>\n<p>Los primeros minutos del encuentro fueron de tanteo sobre el terreno de juego, no teniendo el partido un dominador claro y sin llegadas a ninguna de las dos \u00e1reas. A medida que fueron avanzando los minutos, la SD Tenisca se comenz\u00f3 a mostrar m\u00e1s c\u00f3modo sobre el terreno de juego, y comenz\u00f3 a generar las primeras llegadas, aunque sin tener mucha claridad en los metros finales.<\/p>\n<p>Al filo de la media hora, la SD Tenisca dispuso de la primera ocasi\u00f3n. El Uni\u00f3n Sur Yaiza fue castigado con una cesi\u00f3n al portero Mike, pero el libre indirecto no pudo ser finalizado por Agoney. Minutos m\u00e1s tarde, Adil fue derribado por Carlos Rosa en el interior del \u00e1rea, se\u00f1alando el colegiado la pena m\u00e1xima. Agoney fue el encargado de ejecutar el penalti y el lanzamiento se estrell\u00f3 en el palo de la porter\u00eda.<\/p>\n<p>La SD Tenisca salt\u00f3 al terreno de juego en la segunda parte con una marcha m\u00e1s que su rival. Dioni dispuso de la primera acci\u00f3n, con un cabezazo a la salida de un saque de esquina que se march\u00f3 fuera. Respondi\u00f3 el Uni\u00f3n Sur Yaiza con una jugada r\u00e1pida en la que Josu\u00e9 dispar\u00f3 fuera por muy poco. Y replic\u00f3 Agoney, obligando a Mike emplearse a fondo para evitar el tanto.<\/p>\n<p>A falta de 15 minutos para el final del encuentro, Dioni fue expulsado con roja directa en las filas de la SD Tenisca y los locales ten\u00edan que afrontar el tramo final del encuentro en inferioridad num\u00e9rica. A partir de ese momento, el Uni\u00f3n Sur Yaiza se fue en busca de la victoria, teniendo enfrente a un rival bien replegado.<\/p>\n<p>En el tramo final del encuentro, se le anul\u00f3 un gol al Uni\u00f3n Sur Yaiza, cuando Acor\u00e1n mand\u00f3 a la red un bal\u00f3n rechazado por el portero Kylian a disparo de Josu\u00e9. El tanto no subi\u00f3 al marcador del Virgen de Las Nieves, siendo anulado por fuera de juego.<\/p>\n<p>Con el empate a cero se lleg\u00f3 al final del encuentro, sumando el Uni\u00f3n Sur Yaiza un valioso punto en su primer desplazamiento de la temporada a la isla de La Palma. Un empate que le permite situarse en la quinta posici\u00f3n con 10 puntos, en una zona alta que se ha igualado despu\u00e9s de los tropiezos de varios equipos este pasado fin de semana.<\/p>\n<p class=\"has-text-align-center\"><strong>Ficha T\u00e9cnica<\/strong><\/p>\n<p><strong>SD Tenisca (0):<\/strong> Kylian, Mateo, Antonio Samuel, Dioni, Amai, Viti, Agoney, Adil (Truyol 77), Airam Benito, Christian (Jorge G\u00f3mez 60) y Edu Santana. Entrenador: Ceire Vargas<\/p>\n<p><strong>Uni\u00f3n Sur Yaiza (0):<\/strong> Mike, Dani Reina, Dani Febles, Carlos Rosa, Adri\u00e1n Reguera (Diosbert 79), Acor\u00e1n (Bangoura 87), Josu\u00e9, Jerobe, Javi Amadoz, Mat\u00edas Sosa (Javi Meli\u00e1n 87) y Ubay (\u00c1lvaro Garrido 65). Entrenador: Juan Antonio Mach\u00edn<\/p>\n<p><strong>\u00c1rbitro: <\/strong>Mat\u00edas Gonz\u00e1lez Beux, asistido en las bandas por Jos\u00e9 Gregorio Dorta Gonz\u00e1lez y Kevin Mart\u00edn Rodr\u00edguez. Expuls\u00f3 con tarjeta roja directa a Dioni en el minuto 75 por parte de la SD Tenisca. Amonest\u00f3 a Agoney, Viti y Antonio Samuel por los locales y a Dani Reina y Diosbert por parte del Uni\u00f3n Sur Yaiza.<\/p>\n<p><strong>Incidencias:<\/strong> Virgen de las Nieves, unos 300 espectadores. Partido correspondiente a la quinta jornada del grupo XII de la Tercera Federaci\u00f3n.<\/p>\n","protected":false},"excerpt":{"rendered":"LanzaroteDeportiva.com El Uni\u00f3n Sur Yaiza mantiene su buena din\u00e1mica de resultados en estas primeras jornadas de la competici\u00f3n,&hellip;\n","protected":false},"author":2,"featured_media":158762,"comment_status":"","ping_status":"","sticky":false,"template":"","format":"standard","meta":{"footnotes":""},"categories":[278],"tags":[376,168,37247,25,24,375,23,167,39300],"class_list":{"0":"post-158761","1":"post","2":"type-post","3":"status-publish","4":"format-standard","5":"has-post-thumbnail","7":"category-balonmano","8":"tag-balonmano","9":"tag-deportes","10":"tag-destacado-derecha","11":"tag-es","12":"tag-espana","13":"tag-handball","14":"tag-spain","15":"tag-sports","16":"tag-us-yaiza"},"share_on_mastodon":{"url":"","error":""},"_links":{"self":[{"href":"https:\/\/www.europesays.com\/es\/wp-json\/wp\/v2\/posts\/158761","targetHints":{"allow":["GET"]}}],"collection":[{"href":"https:\/\/www.europesays.com\/es\/wp-json\/wp\/v2\/posts"}],"about":[{"href":"https:\/\/www.europesays.com\/es\/wp-json\/wp\/v2\/types\/post"}],"author":[{"embeddable":true,"href":"https:\/\/www.europesays.com\/es\/wp-json\/wp\/v2\/users\/2"}],"replies":[{"embeddable":true,"href":"https:\/\/www.europesays.com\/es\/wp-json\/wp\/v2\/comments?post=158761"}],"version-history":[{"count":0,"href":"https:\/\/www.europesays.com\/es\/wp-json\/wp\/v2\/posts\/158761\/revisions"}],"wp:featuredmedia":[{"embeddable":true,"href":"https:\/\/www.europesays.com\/es\/wp-json\/wp\/v2\/media\/158762"}],"wp:attachment":[{"href":"https:\/\/www.europesays.com\/es\/wp-json\/wp\/v2\/media?parent=158761"}],"wp:term":[{"taxonomy":"category","embeddable":true,"href":"https:\/\/www.europesays.com\/es\/wp-json\/wp\/v2\/categories?post=158761"},{"taxonomy":"post_tag","embeddable":true,"href":"https:\/\/www.europesays.com\/es\/wp-json\/wp\/v2\/tags?post=158761"}],"curies":[{"name":"wp","href":"https:\/\/api.w.org\/{rel}","templated":true}]}}