{"id":158775,"date":"2025-10-06T02:24:06","date_gmt":"2025-10-06T02:24:06","guid":{"rendered":"https:\/\/www.europesays.com\/es\/158775\/"},"modified":"2025-10-06T02:24:06","modified_gmt":"2025-10-06T02:24:06","slug":"real-sociedad-0-1-rayo-vallecano-resumen-gol-y-resultado","status":"publish","type":"post","link":"https:\/\/www.europesays.com\/es\/158775\/","title":{"rendered":"Real Sociedad 0-1 Rayo Vallecano: resumen, gol y resultado"},"content":{"rendered":"<p class=\"ev-title\">Real y Rayo se anulan en Anoeta<\/p>\n<p><strong>El partido comenz\u00f3 con pol\u00e9mica por un pisot\u00f3n de Lejeune a Oyarzabal<\/strong> cuando control\u00f3 en el centro del campo y se marchaba solo, pero Jos\u00e9 Luis Guzm\u00e1n se lav\u00f3 las manos.<\/p>\n<p>La Real comenz\u00f3 dominando algo m\u00e1s, pero<strong> apenas lleg\u00f3 m\u00e1s all\u00e1 de dos remates muy forzados de Oyarzabal.<\/strong><\/p>\n<p><strong>La Franja<\/strong> igual\u00f3 intensidad y poco a poco la posesi\u00f3n, pero <strong>tampoco gener\u00f3 peligro.<\/strong><\/p>\n<p><strong>Las \u00fanicas ocasiones llegaron en el tramo final, primero con un disparo alto de Guedes <\/strong>desde la zona derecha del \u00e1rea tras superar a dos defensores con amagos.<\/p>\n<p><strong>La m\u00e1s clara fue poco despu\u00e9s para De Frutos, que la mand\u00f3 fuera con todo a favor tras un grave error de Gorrotxategi en salida de bal\u00f3n.<\/strong><\/p>\n<p><strong>Combate nulo en Anoeta.<\/strong><\/p>\n","protected":false},"excerpt":{"rendered":"Real y Rayo se anulan en Anoeta El partido comenz\u00f3 con pol\u00e9mica por un pisot\u00f3n de Lejeune a&hellip;\n","protected":false},"author":2,"featured_media":158776,"comment_status":"","ping_status":"","sticky":false,"template":"","format":"standard","meta":{"footnotes":""},"categories":[5],"tags":[17,18,25,24,13,14,11,19,20,9,10,15,16,23,12,21,22],"class_list":{"0":"post-158775","1":"post","2":"type-post","3":"status-publish","4":"format-standard","5":"has-post-thumbnail","7":"category-titulares","8":"tag-breaking-news","9":"tag-breakingnews","10":"tag-es","11":"tag-espana","12":"tag-featured-news","13":"tag-featurednews","14":"tag-headlines","15":"tag-latest-news","16":"tag-latestnews","17":"tag-news","18":"tag-noticias","19":"tag-noticias-destacadas","20":"tag-noticiasdestacadas","21":"tag-spain","22":"tag-titulares","23":"tag-ultimas-noticias","24":"tag-ultimasnoticias"},"share_on_mastodon":{"url":"","error":""},"_links":{"self":[{"href":"https:\/\/www.europesays.com\/es\/wp-json\/wp\/v2\/posts\/158775","targetHints":{"allow":["GET"]}}],"collection":[{"href":"https:\/\/www.europesays.com\/es\/wp-json\/wp\/v2\/posts"}],"about":[{"href":"https:\/\/www.europesays.com\/es\/wp-json\/wp\/v2\/types\/post"}],"author":[{"embeddable":true,"href":"https:\/\/www.europesays.com\/es\/wp-json\/wp\/v2\/users\/2"}],"replies":[{"embeddable":true,"href":"https:\/\/www.europesays.com\/es\/wp-json\/wp\/v2\/comments?post=158775"}],"version-history":[{"count":0,"href":"https:\/\/www.europesays.com\/es\/wp-json\/wp\/v2\/posts\/158775\/revisions"}],"wp:featuredmedia":[{"embeddable":true,"href":"https:\/\/www.europesays.com\/es\/wp-json\/wp\/v2\/media\/158776"}],"wp:attachment":[{"href":"https:\/\/www.europesays.com\/es\/wp-json\/wp\/v2\/media?parent=158775"}],"wp:term":[{"taxonomy":"category","embeddable":true,"href":"https:\/\/www.europesays.com\/es\/wp-json\/wp\/v2\/categories?post=158775"},{"taxonomy":"post_tag","embeddable":true,"href":"https:\/\/www.europesays.com\/es\/wp-json\/wp\/v2\/tags?post=158775"}],"curies":[{"name":"wp","href":"https:\/\/api.w.org\/{rel}","templated":true}]}}