{"id":158791,"date":"2025-10-06T02:46:12","date_gmt":"2025-10-06T02:46:12","guid":{"rendered":"https:\/\/www.europesays.com\/es\/158791\/"},"modified":"2025-10-06T02:46:12","modified_gmt":"2025-10-06T02:46:12","slug":"el-emotivo-discurso-del-escritor-javier-sierra-en-defensa-la-espana-vaciada-en-madrid-mi-pueblo-se-muere","status":"publish","type":"post","link":"https:\/\/www.europesays.com\/es\/158791\/","title":{"rendered":"El emotivo discurso del escritor Javier Sierra en defensa la Espa\u00f1a vaciada en Madrid: \u00abMi pueblo se muere\u00bb"},"content":{"rendered":"<p class=\"ft-text\"><strong>\u00abMi pueblo se muere\u00bb. \u00ab<\/strong>No lo digo yo. Lo dice un clamor que, a diario, surge de la garganta de uno de cada diez espa\u00f1oles: son los que viven en el campo y ven impotentes c\u00f3mo se ignora su voz y se ningunean sus necesidades. En <strong>este pa\u00eds tenemos 8.131 municipios, y la mitad no alcanzan los 13 habitantes por kil\u00f3metro cuadrado\u00bb. <\/strong>As\u00ed empieza el emotivo discurso del escritor turolense Javier Sierra, ganador del Premio Planeta en 2017, quien ha sido uno de los tres protagonistas en la <a class=\"ft-link ft-link--decoration\" href=\"https:\/\/www.elperiodicodearagon.com\/tags\/libros\/\" rel=\"nofollow noopener\" target=\"_blank\">lectura<\/a> del manifiesto de la Espa\u00f1a Vaciada, al finalizar su marcha en Madrid.<\/p>\n<p class=\"ft-text\"><strong>\u00abSus pueblos \u2013que son tambi\u00e9n los tuyos, los de tus abuelos o tus amigos- se mueren\u00bb. <\/strong>El escritor confiesa que los pueblos se mueren \u00abcada vez que una familia debe marcharse a una gran ciudad por falta de oportunidades y servicios esenciales, cambiando la Espa\u00f1a vaciada por la Espa\u00f1a hacinada\u00bb. \u00abSe mueren <strong>cuando se pierde un oficio<\/strong>, o uno de esos saberes del campo que se han transmitido de generaci\u00f3n en generaci\u00f3n hasta ayer\u00bb, prosigue.<\/p>\n<p class=\"ft-text\">Se mueren, tambi\u00e9n, \u00abcuando nuestros hijos <strong>se quedan sin un colegio cerca de casa<\/strong> porque ya no hay ni\u00f1os en las clases, ni llegan libros nuevos a la biblioteca, ni hay profesores que quieran instalarse en el pueblo, y donde tener internet en el aula es un lujo ex\u00f3tico\u00bb. \u00abSe mueren por el descuido de las administraciones, que impide que muchos n\u00facleos <strong>rurales limpien sus bosques, lo que dar\u00eda trabajo y sustento a los vecinos<\/strong>. Y as\u00ed se acumula la madera y el matorral que <strong>alimenta el diablo del fuego cada verano\u00bb, <\/strong>se\u00f1ala<strong>. <\/strong><\/p>\n<p class=\"ft-text\">El escritor recuerda tambi\u00e9n que los pueblos se mueren \u00abcada vez que una autov\u00eda aparta a un pueblo de la carretera y no se hace nada por atraer hasta \u00e9l a esos conductores que nunca m\u00e1s parar\u00e1n a descubrirlos, cuando \u00ab<strong>se cae el lienzo de un castillo<\/strong>, el tejado de una iglesia, o un retablo o una pieza hist\u00f3rica son saqueados por falta de un cerrojo o una alarma\u00bb. Y sobre todo, \u00abcada vez que alguien de este mundo urbano <strong>juzga con aires de superioridad intelectual al campo<\/strong>, olvid\u00e1ndose de que la palabra &#8216;cultura&#8217; viene del lat\u00edn &#8216;cultus&#8217;, que no es sino el cuidado de la tierra\u00bb.<\/p>\n<p class=\"ft-text\">Tambi\u00e9n, reza el manifiesto, <strong>\u00abse mueren cuando en los medios de comunicaci\u00f3n se deja de hablar de lo rural<\/strong>, de rodar pel\u00edculas, componer <a class=\"ft-link ft-link--decoration\" href=\"https:\/\/www.elperiodicodearagon.com\/tags\/musica\/\" rel=\"nofollow noopener\" target=\"_blank\">m\u00fasica<\/a> o escribir sobre nuestros pueblos. Y cuando lo hacen, se ocupan solo de sus desgracias, ofreciendo una imagen triste, deformada, de lo que somos\u00bb.<\/p>\n<p class=\"ft-text\">Y sobre todo se mueren \u00abcuando se cierra un centro de Atenci\u00f3n Primaria, un dispensario, una oficina de correos, un cuartel de la <a class=\"ft-link ft-link--decoration\" href=\"https:\/\/www.elperiodicodearagon.com\/tags\/guardia-civil\/\" rel=\"nofollow noopener\" target=\"_blank\">Guardia Civil<\/a>, un ret\u00e9n de <a class=\"ft-link ft-link--decoration\" href=\"https:\/\/www.elperiodicodearagon.com\/tags\/bomberos\/\" rel=\"nofollow noopener\" target=\"_blank\">bomberos<\/a>, un quiosco, una panader\u00eda o un sencillo<strong> cajero autom\u00e1tico<\/strong>\u00ab.<\/p>\n<p>\u00abA nuestros pueblos tambi\u00e9n los est\u00e1n matando\u00bb<\/p>\n<p class=\"ft-text\">Adem\u00e1s, confiesa, \u00aba nuestros pueblos tambi\u00e9n los est\u00e1n matando\u00bb. \u00abLo matan las <strong>instalaciones masivas de energ\u00edas <\/strong>renovables, o ahora de Biog\u00e1s, que destrozan paisajes milenarios de alto valor medioambiental. El asesino se esconde asimismo detr\u00e1s de las <strong>macrogranjas <\/strong>que industrializan todo sin miramiento, destrozando un equilibrio que daba de comer a miles de familias\u00bb, recalca. Tambi\u00e9n \u00ablas pol\u00edticas corruptas que lo permiten, y que encargan los estudios de viabilidad ecol\u00f3gica<strong> a las propias empresas que las promueven\u00bb<\/strong>.<\/p>\n<p class=\"ft-text\">Tambi\u00e9n, dicen, \u00ablo matan las malas decisiones que han dejado extensas regiones del pa\u00eds sin un<strong> ferrocarril digno, aisl\u00e1ndonos\u00bb, <\/strong>la \u00abincapacidad\u00bb de alcanzar un pacto de Estado por una sanidad p\u00fablica, los centros de datos que consumen \u00abmillones de litros de agua que desecan nuestros acu\u00edferos y desertifican la tierra\u00bb.<\/p>\n<p class=\"ft-text\">\u00abLo matan las <strong>placas solares que cubren miles de hect\u00e1reas de nuestros campos<\/strong>, cuando podr\u00edan haberse instalado sobre tejados de casas, naves industriales, superficies comerciales o aparcamientos que ya han hormigonado la tierra antes\u00bb, prosigue.<\/p>\n<p class=\"ft-text\">Pero pese a todo lo anterior, Javier Sierra concluye que \u00abse puede vencer el duelo por todas estas <a class=\"ft-link ft-link--decoration\" href=\"https:\/\/www.elperiodicodearagon.com\/tags\/muerte\/\" rel=\"nofollow noopener\" target=\"_blank\">muertes<\/a>\u00bb y darle \u00absoluci\u00f3n a todo esto\u00bb.<\/p>\n<p class=\"ft-text\">\u00ab<strong>Reclamamos un di\u00e1logo con sentido com\u00fan y visi\u00f3n de futuro. Queremos que el ma\u00f1ana sea sostenible<\/strong> y est\u00e9 por encima de los beneficios cortoplacistas que esquilman nuestros pueblos de recursos naturales y expulsan a los vecinos\u00bb, reclaman, y piden que se d\u00e9 voz \u00abal sector primario, a la agricultura y a la ganader\u00eda tradicional y profesional\u00bb, y que se tenga en cuenta a los habitantes del medio rural para \u00ablograr un equilibrio justo y com\u00fan, del que no se averg\u00fcencen las generaciones del futuro\u00bb.<\/p>\n<p class=\"ft-text\">\u00abQueremos poner en valor el trabajo de la mujer en el campo y protegerlo, frente a mentalidades ya muy desfasadas\u00bb. \u00abQueremos<strong> crecer en bienestar y progreso, pero cuidando a la Madre Tierra<\/strong>, que es la tuya, la nuestra, y tambi\u00e9n la de quienes nos empujan ahora a denunciar todas las muertes que nos amenazan\u00bb, concluyen el manifiesto con el lema <strong>\u00absalvemos juntos al mundo rural agredido\u00bb.<\/strong><\/p>\n","protected":false},"excerpt":{"rendered":"\u00abMi pueblo se muere\u00bb. \u00abNo lo digo yo. Lo dice un clamor que, a diario, surge de la&hellip;\n","protected":false},"author":2,"featured_media":158792,"comment_status":"","ping_status":"","sticky":false,"template":"","format":"standard","meta":{"footnotes":""},"categories":[8],"tags":[4499,17,18,3942,19640,25,5235,24,13,14,11,5264,47304,19,20,205,9,10,15,16,4042,11774,23,12,21,22],"class_list":{"0":"post-158791","1":"post","2":"type-post","3":"status-publish","4":"format-standard","5":"has-post-thumbnail","7":"category-espana","8":"tag-aragon","9":"tag-breaking-news","10":"tag-breakingnews","11":"tag-discurso","12":"tag-emotivo","13":"tag-es","14":"tag-escritor","15":"tag-espana","16":"tag-featured-news","17":"tag-featurednews","18":"tag-headlines","19":"tag-javier","20":"tag-javier-sierra","21":"tag-latest-news","22":"tag-latestnews","23":"tag-madrid","24":"tag-news","25":"tag-noticias","26":"tag-noticias-destacadas","27":"tag-noticiasdestacadas","28":"tag-premio-planeta","29":"tag-sierra","30":"tag-spain","31":"tag-titulares","32":"tag-ultimas-noticias","33":"tag-ultimasnoticias"},"share_on_mastodon":{"url":"","error":""},"_links":{"self":[{"href":"https:\/\/www.europesays.com\/es\/wp-json\/wp\/v2\/posts\/158791","targetHints":{"allow":["GET"]}}],"collection":[{"href":"https:\/\/www.europesays.com\/es\/wp-json\/wp\/v2\/posts"}],"about":[{"href":"https:\/\/www.europesays.com\/es\/wp-json\/wp\/v2\/types\/post"}],"author":[{"embeddable":true,"href":"https:\/\/www.europesays.com\/es\/wp-json\/wp\/v2\/users\/2"}],"replies":[{"embeddable":true,"href":"https:\/\/www.europesays.com\/es\/wp-json\/wp\/v2\/comments?post=158791"}],"version-history":[{"count":0,"href":"https:\/\/www.europesays.com\/es\/wp-json\/wp\/v2\/posts\/158791\/revisions"}],"wp:featuredmedia":[{"embeddable":true,"href":"https:\/\/www.europesays.com\/es\/wp-json\/wp\/v2\/media\/158792"}],"wp:attachment":[{"href":"https:\/\/www.europesays.com\/es\/wp-json\/wp\/v2\/media?parent=158791"}],"wp:term":[{"taxonomy":"category","embeddable":true,"href":"https:\/\/www.europesays.com\/es\/wp-json\/wp\/v2\/categories?post=158791"},{"taxonomy":"post_tag","embeddable":true,"href":"https:\/\/www.europesays.com\/es\/wp-json\/wp\/v2\/tags?post=158791"}],"curies":[{"name":"wp","href":"https:\/\/api.w.org\/{rel}","templated":true}]}}