{"id":158800,"date":"2025-10-06T03:05:08","date_gmt":"2025-10-06T03:05:08","guid":{"rendered":"https:\/\/www.europesays.com\/es\/158800\/"},"modified":"2025-10-06T03:05:08","modified_gmt":"2025-10-06T03:05:08","slug":"bad-bunny-responde-a-las-criticas-por-su-participacion-en-el-super-bowl","status":"publish","type":"post","link":"https:\/\/www.europesays.com\/es\/158800\/","title":{"rendered":"Bad Bunny Responde A Las Cr\u00edticas Por Su Participaci\u00f3n En El Super Bowl"},"content":{"rendered":"<p data-type=\"paragraph\" data=\"[object Object]\">La superestrella puertorrique\u00f1a Bad Bunny respondi\u00f3 a las cr\u00edticas de la derecha en Estados Unidos sobre su pr\u00f3xima actuaci\u00f3n en el descanso del Super Bowl con un mon\u00f3logo en el estreno de la temporada de \u00abSaturday Night Live\u00bb.<\/p>\n<p data-type=\"paragraph\" data=\"[object Object]\" class=\"emotion-1akm6h5-Paragraph e1e4oisd0\">El popular cantante de\u00a0reguet\u00f3n, rap, trap latino y pop acaba de concluir una exitosa residencia de 31 shows en Puerto Rico, un territorio estadounidense en el Caribe.<\/p>\n<p data-type=\"paragraph\" data=\"[object Object]\" class=\"emotion-1akm6h5-Paragraph e1e4oisd0\">Antes de ser anunciado como cabeza de cartel del Super Bowl, Bad Bunny hab\u00eda dicho que su pr\u00f3xima gira mundial no pasar\u00e1 por Estados Unidos continental, ya que tem\u00eda que sus fans fueran v\u00edctimas de las redadas de agentes de inmigraci\u00f3n que promueve el presidente Donald Trump.<\/p>\n<p data-type=\"paragraph\" data=\"[object Object]\" class=\"emotion-1akm6h5-Paragraph e1e4oisd0\">Una parte de los conservadores se quejaron amargamente de la decisi\u00f3n de la NFL de dar el papel protagonista de la final a un artista que canta principalmente en espa\u00f1ol y que se niega a actuar en el territorio continental de Estados Unidos.<\/p>\n<p data-type=\"paragraph\" data=\"[object Object]\" class=\"emotion-1akm6h5-Paragraph e1e4oisd0\">Bad Bunny\u00a0no rehuy\u00f3 el tema en el estreno de la temporada 51 de \u00abSaturday Night Live\u00bb.<\/p>\n<p data-type=\"paragraph\" data=\"[object Object]\" class=\"emotion-1akm6h5-Paragraph e1e4oisd0\">\u00abQuiz\u00e1 no lo sepas, pero voy a actuar en show de medio tiempo del Super Bowl\u00bb, dijo entre los v\u00edtores del p\u00fablico en los estudios de la NBC en Nueva York.<\/p>\n<p data-type=\"paragraph\" data=\"[object Object]\" class=\"emotion-1akm6h5-Paragraph e1e4oisd0\">\u00abEstoy muy feliz y creo que todo el mundo lo est\u00e1, incluso Fox News\u00bb, expres\u00f3 el cantante. A continuaci\u00f3n mostr\u00f3 un video montaje con palabras dichas por personalidades de la cadena y pol\u00edticos republicanos para construir la frase: \u00abBad Bunny es mi m\u00fasico favorito y deber\u00eda ser el pr\u00f3ximo presidente\u00bb.<\/p>\n<p data-type=\"paragraph\" data=\"[object Object]\" class=\"emotion-1akm6h5-Paragraph e1e4oisd0\">\u00abEstoy muy emocionado por actuar en el Super Bowl y s\u00e9 que la gente de todo el mundo que ama mi m\u00fasica tambi\u00e9n est\u00e1 feliz\u00bb, agreg\u00f3 el puertorrique\u00f1o.<\/p>\n<p data-type=\"paragraph\" data=\"[object Object]\" class=\"emotion-1akm6h5-Paragraph e1e4oisd0\">Para el cantante, cuyo nombre real es Benito Antonio Mart\u00ednez Ocasio, su designaci\u00f3n para la final de la NFL es una victoria \u00abespecialmente\u00bb para todos los latinos \u00aben el mundo entero y en Estados Unidos\u00bb.<\/p>\n<p data-type=\"paragraph\" data=\"[object Object]\" class=\"emotion-1akm6h5-Paragraph e1e4oisd0\">\u00abM\u00e1s que un logro m\u00edo es un logro de todos, demostrando que nuestra huella y nuestra aportaci\u00f3n en este pa\u00eds nadie nunca la podr\u00e1 sacar y borrar\u00bb, a\u00f1adi\u00f3 en espa\u00f1ol.<\/p>\n<p data-type=\"paragraph\" data=\"[object Object]\" class=\"emotion-1akm6h5-Paragraph e1e4oisd0\">Luego volvi\u00f3 al ingl\u00e9s para concluir: \u00abSi no entendiste lo que acabo de decir, tienes cuatro meses para aprender\u00bb.<\/p>\n<p data-type=\"paragraph\" data=\"[object Object]\" class=\"emotion-1akm6h5-Paragraph e1e4oisd0\">La Super Bowl est\u00e1 prevista para el 8 de febrero de 2026 en Santa Clara, California.<\/p>\n<p data-type=\"paragraph\" data=\"[object Object]\" class=\"emotion-1akm6h5-Paragraph e1e4oisd0\">En 2019, la NFL firm\u00f3 un acuerdo de colaboraci\u00f3n con la empresa de entretenimiento Roc Nation, fundada por el rapero Jay-Z.<\/p>\n<p data-type=\"paragraph\" data=\"[object Object]\" class=\"emotion-1akm6h5-Paragraph e1e4oisd0\">En virtud de este acuerdo, Roc Nation asesora a la NFL en la selecci\u00f3n de artistas para el espect\u00e1culo del descanso de la Super Bowl.<\/p>\n<p data-type=\"paragraph\" data=\"[object Object]\" class=\"emotion-1akm6h5-Paragraph e1e4oisd0\">Desde entonces, entre los artistas principales se han encontrado Jennifer L\u00f3pez, Shakira, The Weeknd, Dr. Dre, Snoop Dogg, Rihanna, Usher y Kendrick Lamar.<\/p>\n","protected":false},"excerpt":{"rendered":"La superestrella puertorrique\u00f1a Bad Bunny respondi\u00f3 a las cr\u00edticas de la derecha en Estados Unidos sobre su pr\u00f3xima&hellip;\n","protected":false},"author":2,"featured_media":158801,"comment_status":"","ping_status":"","sticky":false,"template":"","format":"standard","meta":{"footnotes":""},"categories":[91],"tags":[115,146,147,25,24,185,11268,952,23,47305,116],"class_list":{"0":"post-158800","1":"post","2":"type-post","3":"status-publish","4":"format-standard","5":"has-post-thumbnail","7":"category-entretenimiento","8":"tag-eeuu","9":"tag-entertainment","10":"tag-entretenimiento","11":"tag-es","12":"tag-espana","13":"tag-musica","14":"tag-nfl","15":"tag-politica","16":"tag-spain","17":"tag-superbowl","18":"tag-synd"},"share_on_mastodon":{"url":"","error":""},"_links":{"self":[{"href":"https:\/\/www.europesays.com\/es\/wp-json\/wp\/v2\/posts\/158800","targetHints":{"allow":["GET"]}}],"collection":[{"href":"https:\/\/www.europesays.com\/es\/wp-json\/wp\/v2\/posts"}],"about":[{"href":"https:\/\/www.europesays.com\/es\/wp-json\/wp\/v2\/types\/post"}],"author":[{"embeddable":true,"href":"https:\/\/www.europesays.com\/es\/wp-json\/wp\/v2\/users\/2"}],"replies":[{"embeddable":true,"href":"https:\/\/www.europesays.com\/es\/wp-json\/wp\/v2\/comments?post=158800"}],"version-history":[{"count":0,"href":"https:\/\/www.europesays.com\/es\/wp-json\/wp\/v2\/posts\/158800\/revisions"}],"wp:featuredmedia":[{"embeddable":true,"href":"https:\/\/www.europesays.com\/es\/wp-json\/wp\/v2\/media\/158801"}],"wp:attachment":[{"href":"https:\/\/www.europesays.com\/es\/wp-json\/wp\/v2\/media?parent=158800"}],"wp:term":[{"taxonomy":"category","embeddable":true,"href":"https:\/\/www.europesays.com\/es\/wp-json\/wp\/v2\/categories?post=158800"},{"taxonomy":"post_tag","embeddable":true,"href":"https:\/\/www.europesays.com\/es\/wp-json\/wp\/v2\/tags?post=158800"}],"curies":[{"name":"wp","href":"https:\/\/api.w.org\/{rel}","templated":true}]}}