{"id":158812,"date":"2025-10-06T03:13:07","date_gmt":"2025-10-06T03:13:07","guid":{"rendered":"https:\/\/www.europesays.com\/es\/158812\/"},"modified":"2025-10-06T03:13:07","modified_gmt":"2025-10-06T03:13:07","slug":"estara-en-la-cartelera-estelar-del-ufc-rio","status":"publish","type":"post","link":"https:\/\/www.europesays.com\/es\/158812\/","title":{"rendered":"estar\u00e1 en la cartelera estelar del UFC R\u00edo"},"content":{"rendered":"<p class=\"voc-p\" style=\"\"><strong>El asturiano Joel \u00c1lvarez est\u00e1 de regreso al oct\u00e1gono<\/strong>. El Fen\u00f3meno, como se le apoda al luchador espa\u00f1ol, debutar\u00e1 en el peso w\u00e9lter en corto aviso <a href=\"https:\/\/www.abc.es\/deportes\/mma\/joel-alvarez-peleara-vicente-luque-ufc-rio-20250922173013-nt.html\" target=\"_self\" data-voc-vtm-id=\"in-text-traffic\" title=\"ante el brasile\u00f1o Vicente Luque\" rel=\"nofollow noopener\">ante el brasile\u00f1o Vicente Luque<\/a> en el UFC Fight Night de R\u00edo de Janeiro, una oportunidad de oro pues su rival es m\u00e1s que conocido en la promotora estadounidense y cuenta con un largo recorrido dentro de la mayor liga de artes marciales mixtas (MMA) del mundo. <strong>El de Gij\u00f3n reemplazar\u00e1 al argentino Santiago Ponzinibbio<\/strong>, que tuvo que salir de este enfrentamiento por una peque\u00f1a lesi\u00f3n.<\/p>\n<p class=\"voc-p\" style=\"\">Despu\u00e9s de realizar una interesante carrera en la divisi\u00f3n del peso ligero de la UFC, donde lleg\u00f3 a posicionarse dentro del top 15, <a href=\"https:\/\/www.abc.es\/deportes\/mma\/joel-alvarez-peleara-vicente-luque-ufc-rio-20250922173013-nt.html\" target=\"_self\" data-voc-vtm-id=\"in-text-traffic\" title=\"Joel \u00c1lvarez decidi\u00f3 que subir\u00eda de categor\u00eda\" rel=\"nofollow noopener\">Joel \u00c1lvarez decidi\u00f3 que subir\u00eda de categor\u00eda<\/a>, para poder tener una mayor recurrencia competitiva y no desgastar tanto su salud con los temidos recortes de peso. Ahora, se encontraba esperando una oportunidad para su estreno en las 170 libras (77,1 kilos), algo que ha llegado de repente pero que le permitir\u00e1 tener un pleito que, en caso de victoria, <strong>le servir\u00e1 para estrenarse por todo lo alto en el peso w\u00e9lter<\/strong>.<\/p>\n<p class=\"voc-p\" style=\"\">Originalmente, el pleito programado entre Vicente Luque y Santiago Ponzinibbio ya reposaba en el &#8216;main card&#8217; o cartelera estelar, donde se programan los mejores combates del evento. Al entrar ahora Joel \u00c1lvarez, y haber surgido otra lesi\u00f3n en otro de las peleas, el asturiano no solo estar\u00e1 en la cartelera estelar, sino que adem\u00e1s <a href=\"https:\/\/www.abc.es\/deportes\/mma\/joel-alvarez-peleara-vicente-luque-ufc-rio-20250922173013-nt.html\" target=\"_self\" data-voc-vtm-id=\"in-text-traffic\" title=\"competir\u00e1 justo antes de las dos batallas estelares\" rel=\"nofollow noopener\">competir\u00e1 justo antes de las dos batallas estelares<\/a>. El llamado &#8216;main event&#8217; o pleito estelar ser\u00e1 el de Charles Oliveira ante Mateusz Gamrot, mientras que el &#8216;co-main event&#8217; o pelea coestelar estar\u00e1 formada por el excampe\u00f3n Deivison Figueiredo y atleta emergente Montel Jackson.<\/p>\n<p class=\"voc-p\" style=\"\">As\u00ed las cosas, el peleador asturiano podr\u00eda inaugurar su andadura en el peso w\u00e9lter de la mejor manera. Hay que tener en cuenta que <strong>Vicente Luque cuenta ya con 23 peleas dentro de la UFC<\/strong>, de las que 16 son victorias (14 finalizaciones). El brasile\u00f1o lleg\u00f3 a estar clasificado dentro del top 5 y es un nombre muy interesante para que el de Gij\u00f3n pueda abrir la puerta del top 15 en su siguiente enfrentamiento. Todas las miradas estar\u00e1n puestas en este combate. <\/p>\n<p>Reportar un error<\/p>\n","protected":false},"excerpt":{"rendered":"El asturiano Joel \u00c1lvarez est\u00e1 de regreso al oct\u00e1gono. El Fen\u00f3meno, como se le apoda al luchador espa\u00f1ol,&hellip;\n","protected":false},"author":2,"featured_media":158813,"comment_status":"","ping_status":"","sticky":false,"template":"","format":"standard","meta":{"footnotes":""},"categories":[276],"tags":[4458,1575,1013,168,25,24,12103,4457,2082,3371,3679,23,167,343],"class_list":{"0":"post-158812","1":"post","2":"type-post","3":"status-publish","4":"format-standard","5":"has-post-thumbnail","7":"category-ufc","8":"tag-alvarez","9":"tag-ante","10":"tag-cartelera","11":"tag-deportes","12":"tag-es","13":"tag-espana","14":"tag-estelar","15":"tag-joel","16":"tag-oportunidad","17":"tag-oro","18":"tag-rio","19":"tag-spain","20":"tag-sports","21":"tag-ufc"},"share_on_mastodon":{"url":"","error":""},"_links":{"self":[{"href":"https:\/\/www.europesays.com\/es\/wp-json\/wp\/v2\/posts\/158812","targetHints":{"allow":["GET"]}}],"collection":[{"href":"https:\/\/www.europesays.com\/es\/wp-json\/wp\/v2\/posts"}],"about":[{"href":"https:\/\/www.europesays.com\/es\/wp-json\/wp\/v2\/types\/post"}],"author":[{"embeddable":true,"href":"https:\/\/www.europesays.com\/es\/wp-json\/wp\/v2\/users\/2"}],"replies":[{"embeddable":true,"href":"https:\/\/www.europesays.com\/es\/wp-json\/wp\/v2\/comments?post=158812"}],"version-history":[{"count":0,"href":"https:\/\/www.europesays.com\/es\/wp-json\/wp\/v2\/posts\/158812\/revisions"}],"wp:featuredmedia":[{"embeddable":true,"href":"https:\/\/www.europesays.com\/es\/wp-json\/wp\/v2\/media\/158813"}],"wp:attachment":[{"href":"https:\/\/www.europesays.com\/es\/wp-json\/wp\/v2\/media?parent=158812"}],"wp:term":[{"taxonomy":"category","embeddable":true,"href":"https:\/\/www.europesays.com\/es\/wp-json\/wp\/v2\/categories?post=158812"},{"taxonomy":"post_tag","embeddable":true,"href":"https:\/\/www.europesays.com\/es\/wp-json\/wp\/v2\/tags?post=158812"}],"curies":[{"name":"wp","href":"https:\/\/api.w.org\/{rel}","templated":true}]}}