{"id":158814,"date":"2025-10-06T03:22:07","date_gmt":"2025-10-06T03:22:07","guid":{"rendered":"https:\/\/www.europesays.com\/es\/158814\/"},"modified":"2025-10-06T03:22:07","modified_gmt":"2025-10-06T03:22:07","slug":"somos-una-editorial-diferente-hacemos-libros-con-imagenes-creadas-con-inteligencia-artificial-y-codigos-qr","status":"publish","type":"post","link":"https:\/\/www.europesays.com\/es\/158814\/","title":{"rendered":"\u00abSomos una editorial diferente. Hacemos libros con im\u00e1genes\u00a0creadas con inteligencia artificial\u00a0y c\u00f3digos QR\u00bb"},"content":{"rendered":"<p>\t\t\t \t\t \t\t\t\t\t\t\tMercedes Barros, con el expositor de los libros publicados por Galb\u00e1 Producciones. <strong class=\"pd-l\">ALEJANDRO CAMBA  <\/strong><\/p>\n<p>\t\t\t\t\t\tHace un par de a\u00f1os, cre\u00f3 Galb\u00e1 Producciones junto a su socio, Joaqu\u00edn \u00c1lvarez<br \/>\n\t\t\t\t\t\t<strong>06 oct 2025<\/strong> . Actualizado a las 05:00 h.\t\t\t\t\t\t<\/p>\n<p class=\"txt first-paragraph\">&#13;<br \/>\n    \t Se recuerda desde ni\u00f1a escribiendo, no con el \u00e1nimo de publicar, sino a modo de diario. Era una forma de expresar lo que le ocurr\u00eda que mantuvo con el paso de los a\u00f1os. Nunca pensando&#13;\n\t<\/p>\n<p>&#13;<br \/>\n\t\t\t\t\tContenido exclusivo para suscriptores&#13;\n\t\t\t\t<\/p>\n<p>\t\t\t\t\tContin\u00faa leyendo con un 74% dto.<\/p>\n<p>\t\t\t\t\t\tSuscripci\u00f3n WEB<br \/>\n\t\t\t\t\t\t\t\t\t\t\t\t18\u20ac\/a\u00f1o<br \/>\n\t\t\t\t\t\tSin permanencia\t\t\t\t\t\t<\/p>\n<p>\t\t\t\t\t\t<a href=\"https:\/\/elquiosco.lavozdegalicia.es\/suscripciones\/19-46-suscripcion-webapp.html?dllvdg=0003_202510O6C8991&amp;urlData=https:\/\/www.lavozdegalicia.es\/noticia\/ourense\/o-barco-de-valdeorras\/2025\/10\/06\/editorial-libros-imagenes-ia-codigos-qr\/0003_202510O6C8991.htm\" class=\"btn-brand btn sz-t-s no-brd t-sserif pd-h-2 btnAddToCart\" data-analytics-event=\"addToCart\" data-product-name=\"Suscripci\u00f3n WEB+APP\" data-product-price=\"18.00 \" data-product-coupon=\"2025_SEPTIEMBRE_FLASH_18E_WEB_ANUAL\" data-product-periodicity=\"Anual\" rel=\"nofollow noopener\" target=\"_blank\">Suscr\u00edbete <\/a>\t\t\t\t\t\t<\/p>\n<p>\t\t\t\t\t&#13;<br \/>\n\t\t\t\t\t\u00bfYa eres subscriptor? <a href=\"https:\/\/miperfil.lavozdegalicia.es\/login.jsp?url=https:\/\/www.lavozdegalicia.es\/noticia\/ourense\/o-barco-de-valdeorras\/2025\/10\/06\/editorial-libros-imagenes-ia-codigos-qr\/0003_202510O6C8991.htm\" class=\"c-white\" rel=\"nofollow noopener\" target=\"_blank\">Inicia sesi\u00f3n<\/a>&#13;<\/p>\n","protected":false},"excerpt":{"rendered":"Mercedes Barros, con el expositor de los libros publicados por Galb\u00e1 Producciones. ALEJANDRO CAMBA Hace un par de&hellip;\n","protected":false},"author":2,"featured_media":158815,"comment_status":"","ping_status":"","sticky":false,"template":"","format":"standard","meta":{"footnotes":""},"categories":[172],"tags":[224,146,147,25,24,225,36834,23],"class_list":{"0":"post-158814","1":"post","2":"type-post","3":"status-publish","4":"format-standard","5":"has-post-thumbnail","7":"category-libros","8":"tag-books","9":"tag-entertainment","10":"tag-entretenimiento","11":"tag-es","12":"tag-espana","13":"tag-libros","14":"tag-o-barco-de-valdeorras","15":"tag-spain"},"share_on_mastodon":{"url":"","error":""},"_links":{"self":[{"href":"https:\/\/www.europesays.com\/es\/wp-json\/wp\/v2\/posts\/158814","targetHints":{"allow":["GET"]}}],"collection":[{"href":"https:\/\/www.europesays.com\/es\/wp-json\/wp\/v2\/posts"}],"about":[{"href":"https:\/\/www.europesays.com\/es\/wp-json\/wp\/v2\/types\/post"}],"author":[{"embeddable":true,"href":"https:\/\/www.europesays.com\/es\/wp-json\/wp\/v2\/users\/2"}],"replies":[{"embeddable":true,"href":"https:\/\/www.europesays.com\/es\/wp-json\/wp\/v2\/comments?post=158814"}],"version-history":[{"count":0,"href":"https:\/\/www.europesays.com\/es\/wp-json\/wp\/v2\/posts\/158814\/revisions"}],"wp:featuredmedia":[{"embeddable":true,"href":"https:\/\/www.europesays.com\/es\/wp-json\/wp\/v2\/media\/158815"}],"wp:attachment":[{"href":"https:\/\/www.europesays.com\/es\/wp-json\/wp\/v2\/media?parent=158814"}],"wp:term":[{"taxonomy":"category","embeddable":true,"href":"https:\/\/www.europesays.com\/es\/wp-json\/wp\/v2\/categories?post=158814"},{"taxonomy":"post_tag","embeddable":true,"href":"https:\/\/www.europesays.com\/es\/wp-json\/wp\/v2\/tags?post=158814"}],"curies":[{"name":"wp","href":"https:\/\/api.w.org\/{rel}","templated":true}]}}