{"id":158820,"date":"2025-10-06T03:28:08","date_gmt":"2025-10-06T03:28:08","guid":{"rendered":"https:\/\/www.europesays.com\/es\/158820\/"},"modified":"2025-10-06T03:28:08","modified_gmt":"2025-10-06T03:28:08","slug":"un-baile-sobre-el-estrado-la-banda-sonora-o-joyas-regaladas","status":"publish","type":"post","link":"https:\/\/www.europesays.com\/es\/158820\/","title":{"rendered":"un baile sobre el estrado, la banda sonora o joyas regaladas"},"content":{"rendered":"\n<p> El s\u00e1bado se casaban <strong>Cayetano Mart\u00ednez de Irujo y B\u00e1rbara Mirjan<\/strong> en la <strong>iglesia del Cristo de los Gitanos (Sevilla)<\/strong>, <a href=\"https:\/\/www.vanitatis.elconfidencial.com\/famosos\/2025-10-04\/historia-amor-boda-cayetano-barbara-1qrt_4221535\/\" target=\"_blank\" rel=\"nofollow noopener\">tras nueve a\u00f1os de noviazgo<\/a>. La elecci\u00f3n del templo era un <strong>homenaje a la duquesa de Alba<\/strong>. Parte de las cenizas permanecen en la cripta. <\/p>\n<p> La fiesta posterior acab\u00f3 pasadas las dos de la ma\u00f1ana y <strong>la cerraron la novia y Amina, la madrina, con un baile en el escenario<\/strong>. Cabe destacar el buen rollo y la <a href=\"https:\/\/www.vanitatis.elconfidencial.com\/casas-reales\/2025-10-04\/cayetano-martinez-irujo-carlos-duque-alba-abrazo_4222204\/\" target=\"_blank\" rel=\"nofollow noopener\">armon\u00eda no fingida entre Cayetano y su hermano Carlos<\/a>, jefe de la Casa de Alba. A continuaci\u00f3n, los <strong>siete secretos <\/strong>de una de las bodas m\u00e1s esperadas del panorama social del oto\u00f1o. <\/p>\n<p> Uno de los momentos m\u00e1s divertidos fue <strong>el discurso antes de que comenzara el almuerzo<\/strong>. Lo hizo <strong>Benji<\/strong>, el \u00edntimo amigo de B\u00e1rbara, que compartieron colegio cuando ambos ten\u00edan siete a\u00f1os. Una carta donde <strong>destacaba los valores de la pareja, <\/strong>desde el punto de vista del conocimiento de ambos. Lo definieron como supererudito por las citas hist\u00f3ricas, muy gracioso y con iron\u00eda al referirse a los prontos de Cayetano. <strong>Se\u00f1al\u00f3 que lo importa es el fondo y<a href=\"https:\/\/www.vanitatis.elconfidencial.com\/vida-saludable\/2024-11-10\/alimentos-dieta-salud-cardiovascular-1qrt_4000872\/\" target=\"_blank\" rel=\"nofollow noopener\"> su buen coraz\u00f3n<\/a><\/strong>. Reconoce sus errores y pide excusas. <\/p>\n<p>               Cayetano Mart\u00ednez de Irujo y B\u00e1rbara Mirjan, a su salida de la iglesia. (EFE \/ Ra\u00fal Caro)             <\/p>\n<p> A los novios les cantaron <strong>la canci\u00f3n &#8216;Noches de boda&#8217;, <a href=\"https:\/\/www.vanitatis.elconfidencial.com\/famosos\/2025-05-31\/joaquin-sabina-casa-madrid-mujer-jimena-decoracion_4137353\/\" target=\"_blank\" rel=\"nofollow noopener\">de Sabina<\/a><\/strong>, al estilo mariachi. El <strong>grupo Los Alpresa<\/strong> fueron los encargados de hacerlo. Las mesas eran redondas de diez comensales y decoradas en tonos blancos y verdes. <a href=\"https:\/\/www.vanitatis.elconfidencial.com\/estilo\/decoracion\/2025-05-01\/deco-mesa-anfitriones-mango-primark-home-1qrt_4116474\/\" target=\"_blank\" rel=\"nofollow noopener\">Los centros tambi\u00e9n en las mismas tonalidades y con flores del campo<\/a>. El patio estaba decorado con toldos y en los laterales<strong> estores de esterillas<\/strong>, t\u00edpicos de los cortijos andaluces. <\/p>\n<p> No hubo regalos, sino<strong> detalles para los invitados<\/strong>. <strong>Paip\u00e1is para abanicar y alpargatas de colores lisos<\/strong>. Estaban en cestos de mimbre sobre unas mesas y colocados por tallas. <\/p>\n<p> Uno de los regalos m\u00e1s bonitos fue el de <strong>Jacob Bendaham<\/strong>. Se encarg\u00f3 de elegir y preparar la m\u00fasica en la ceremonia religiosa. Fue uno de los gestos m\u00e1s alabados por los invitados que accedieron a la iglesia. Fue emocionante<strong> la entrada de B\u00e1rbara con el tema &#8216;La Califfa&#8217; de Ennio Morricone<\/strong>, uno de los temas musicales m\u00e1s emotivos del compositor. En la consagraci\u00f3n, se <strong>escuch\u00f3 el &#8216;Aria de la Suite&#8217;, de Bach<\/strong>. <\/p>\n<p>               El brazalete de Grassy que llev\u00f3 B\u00e1rbara Mirjan. (Grassy)             <\/p>\n<p> Otro momento emotivo fue cuando <a href=\"https:\/\/www.vanitatis.elconfidencial.com\/amp\/famosos\/2025-10-03\/casa-de-alba-bautizo-secreto-hijos-duques-huescar-condes-osorno_4221886\/\" target=\"_blank\" rel=\"nofollow noopener\">el sacerdote Ignacio Jim\u00e9nez S\u00e1nchez-Dalp<\/a> coloc\u00f3 <strong>una mantilla blanca perteneciente a la duquesa De Alba<\/strong> sobre los hombros de la pareja. Les dijo que representaba la unidad, el hogar y los valores del matrimonio y con ese mensaje de \u201cos convert\u00eds en uno\u201d. <\/p>\n<p> Los <strong>pendientes de la novia fue un regalo de Cayetano<\/strong> elegido en la joyer\u00eda <strong>Grassy<\/strong>. El <a href=\"https:\/\/www.vanitatis.elconfidencial.com\/noticias\/2018-09-22\/boda-fernando-ftiz-james-sofia-palazuelo-alba-detalles-casa-liria_1619137\/\" target=\"_blank\" rel=\"nofollow noopener\">duque de Hu\u00e9scar le regal\u00f3 a Sof\u00eda Palazuelo<\/a> el d\u00eda de su boda unas piezas de esta misma firma. B\u00e1rbara <strong>mand\u00f3 montar a la firma un brazalete a conjunto con la diadema<\/strong>. <\/p>\n<p>               Cayetano Mart\u00ednez de Irujo y el duque de Alba antes de la boda. (Gtres)             <\/p>\n<p> La fiesta termin\u00f3 con <strong>un baile a las dos de la madrugada de Amina y la novia<\/strong> subidas al estrado saltando y abrazadas. A destacar la buen\u00edsima sinton\u00eda del duque De Alba y Cayetano, de la que fueron testigos los invitados. No hab\u00eda que hacer el parip\u00e9 de buena hermandad. Lo sintieron m\u00e1s con <strong>un abrazo profundo y largo<\/strong>. Cayetano se emocion\u00f3 cuando vio B\u00e1rbara entrar en la iglesia. <\/p>\n<p> Quien ameniz\u00f3 la velada, adem\u00e1s de Los Alpresa, fue <strong>Miki Pav\u00f3n, el dj m\u00e1s cotizado y querido de los novios<\/strong>. El pop espa\u00f1ol de los a\u00f1os 70 y 80. Consigui\u00f3 que la gente no se sentar\u00e1. <\/p>\n<p> El s\u00e1bado se casaban <strong>Cayetano Mart\u00ednez de Irujo y B\u00e1rbara Mirjan<\/strong> en la <strong>iglesia del Cristo de los Gitanos (Sevilla)<\/strong>, <a href=\"https:\/\/www.vanitatis.elconfidencial.com\/famosos\/2025-10-04\/historia-amor-boda-cayetano-barbara-1qrt_4221535\/\" target=\"_blank\" rel=\"nofollow noopener\">tras nueve a\u00f1os de noviazgo<\/a>. La elecci\u00f3n del templo era un <strong>homenaje a la duquesa de Alba<\/strong>. Parte de las cenizas permanecen en la cripta. <\/p>\n","protected":false},"excerpt":{"rendered":"El s\u00e1bado se casaban Cayetano Mart\u00ednez de Irujo y B\u00e1rbara Mirjan en la iglesia del Cristo de los&hellip;\n","protected":false},"author":2,"featured_media":158821,"comment_status":"","ping_status":"","sticky":false,"template":"","format":"standard","meta":{"footnotes":""},"categories":[91],"tags":[146,147,25,24,23],"class_list":{"0":"post-158820","1":"post","2":"type-post","3":"status-publish","4":"format-standard","5":"has-post-thumbnail","7":"category-entretenimiento","8":"tag-entertainment","9":"tag-entretenimiento","10":"tag-es","11":"tag-espana","12":"tag-spain"},"share_on_mastodon":{"url":"","error":""},"_links":{"self":[{"href":"https:\/\/www.europesays.com\/es\/wp-json\/wp\/v2\/posts\/158820","targetHints":{"allow":["GET"]}}],"collection":[{"href":"https:\/\/www.europesays.com\/es\/wp-json\/wp\/v2\/posts"}],"about":[{"href":"https:\/\/www.europesays.com\/es\/wp-json\/wp\/v2\/types\/post"}],"author":[{"embeddable":true,"href":"https:\/\/www.europesays.com\/es\/wp-json\/wp\/v2\/users\/2"}],"replies":[{"embeddable":true,"href":"https:\/\/www.europesays.com\/es\/wp-json\/wp\/v2\/comments?post=158820"}],"version-history":[{"count":0,"href":"https:\/\/www.europesays.com\/es\/wp-json\/wp\/v2\/posts\/158820\/revisions"}],"wp:featuredmedia":[{"embeddable":true,"href":"https:\/\/www.europesays.com\/es\/wp-json\/wp\/v2\/media\/158821"}],"wp:attachment":[{"href":"https:\/\/www.europesays.com\/es\/wp-json\/wp\/v2\/media?parent=158820"}],"wp:term":[{"taxonomy":"category","embeddable":true,"href":"https:\/\/www.europesays.com\/es\/wp-json\/wp\/v2\/categories?post=158820"},{"taxonomy":"post_tag","embeddable":true,"href":"https:\/\/www.europesays.com\/es\/wp-json\/wp\/v2\/tags?post=158820"}],"curies":[{"name":"wp","href":"https:\/\/api.w.org\/{rel}","templated":true}]}}