{"id":158822,"date":"2025-10-06T03:29:10","date_gmt":"2025-10-06T03:29:10","guid":{"rendered":"https:\/\/www.europesays.com\/es\/158822\/"},"modified":"2025-10-06T03:29:10","modified_gmt":"2025-10-06T03:29:10","slug":"sapienstone-renueva-su-showroom-de-de-castellarano-con-una-sala-dedicada-a-dresscode-focus-piedra","status":"publish","type":"post","link":"https:\/\/www.europesays.com\/es\/158822\/","title":{"rendered":"Sapienstone renueva su showroom de de Castellarano con una sala dedicada a \u201cDressCode\u201d &#8211; Focus Piedra"},"content":{"rendered":"<p>El showroom Sapienstone, situado en la localidad italiana de Castellarano (en Reggio Emilia), sede Iris Ceramica Group, se abre a una nueva narrativa espacial, un recorrido que recibe y acompa\u00f1a al visitante a trav\u00e9s de dos almas de la marca, dos mundos distintos pero complementarios: Dress Your Kitchen y Dress Your Look.<\/p>\n<p>Nada m\u00e1s cruzar el umbral, la mirada se dirige hacia la derecha a lo largo de una galer\u00eda luminosa, donde las superficies cer\u00e1micas dialogan con la luz para revelar texturas, vetas y profundidades de los materiales: desde las 4D Ceramics hasta los relieves p\u00e9treos en los que la luz hace emerger cada detalle, incluso antes del tacto. Desde all\u00ed se accede al Bistr\u00f3, un espacio convivial dominado por una larga barra, acompa\u00f1ada de mesas revestidas con los nuevos acabados cer\u00e1micos, en un juego calibrado de formas, cortes y cromatismos.<\/p>\n<p><img loading=\"lazy\" decoding=\"async\" onerror=\"this.src=\" https:=\"\" class=\"aligncenter size-full wp-image-107285\" src=\"https:\/\/www.europesays.com\/es\/wp-content\/uploads\/2025\/10\/Cover.jpg\" alt=\"Screenshot\" width=\"1170\" height=\"2080\"  \/><\/p>\n<p>A la izquierda, en cambio, otra puerta se abre al universo de Dress Your Look, donde cobra vida <strong>Dress Code<\/strong>, el proyecto dedicado al total look de interiores firmado por dise\u00f1adores de fama internacional. El primer cap\u00edtulo, nacido en 2025 en colaboraci\u00f3n con Jaime Beriestain, tras debutar en la Milano Design Week y en Casa Decor en Madrid, llega ahora a Castellarano en una instalaci\u00f3n \u00edntima, c\u00e1lida y real.<\/p>\n<p><img loading=\"lazy\" decoding=\"async\" onerror=\"this.src=\" https:=\"\" class=\"aligncenter size-full wp-image-107287\" src=\"https:\/\/www.europesays.com\/es\/wp-content\/uploads\/2025\/10\/lavabo-integrado-sapienstone.jpg\" alt=\"lavabo integrado sapienstone\" width=\"1200\" height=\"1799\"  \/><\/p>\n<p>Un vest\u00edbulo introduce la atm\u00f3sfera mediante un v\u00eddeo que presenta el universo de Beriestain, inspirado en una elegancia parisina atemporal. Una cortina, como un tel\u00f3n teatral, se abre para revelar el interior de un apartamento haussmaniano, lleno de evocaciones y detalles de ambientaci\u00f3n. Cada elemento habla el lenguaje del dise\u00f1o Sapienstone, reinterpretado a trav\u00e9s de una visi\u00f3n personal y sensorial, con algunos dise\u00f1os procedentes de instalaciones anteriores: muchos productos de Casa Decor encuentran aqu\u00ed una segunda vida, encarnando una \u00e9tica sostenible que siempre ha estado en el coraz\u00f3n de la filosof\u00eda de la empresa.<\/p>\n<p>Cada detalle devuelve la atm\u00f3sfera de una <strong>sala de ba\u00f1o<\/strong> aut\u00e9ntica y refinada, donde el lavabo en <strong>Fior di Viola 4D<\/strong> se inserta sobre un pavimento realizado con el mosaico <strong>Ombra di Luce<\/strong>, que combina Fior di Viola, BluBelge y Crema Neve en una gran alfombra cer\u00e1mica. Enfrente, un rinc\u00f3n acogedor con chimenea revestida en Fior di Viola 4D con relieve Cresta, mesas auxiliares en Vulca en tonos blanco y negro y un tocador en Vulca Cremisi que aporta un acento vibrante.<\/p>\n<p><img loading=\"lazy\" decoding=\"async\" onerror=\"this.src=\" https:=\"\" class=\"aligncenter size-full wp-image-107286\" src=\"https:\/\/www.europesays.com\/es\/wp-content\/uploads\/2025\/10\/bano-showroom-sapienstone-italia.jpg\" alt=\"ba\u00f1o-showroom- sapienstone-italia\" width=\"1200\" height=\"1799\"  \/><\/p>\n<p>A trav\u00e9s de un portal monumental en Fior di Viola 4D se accede a un segundo ambiente m\u00e1s \u00edntimo, sumergido en tonalidades profundas. Paredes y techo en Grigio Savelli envuelven una ba\u00f1era escult\u00f3rica en Fior di Viola 4D enriquecida con m\u00faltiples elaboraciones, que se alza en el centro como un monolito, mientras la pared de fondo cobra vida con el acabado Velo. Un biombo oculta la ducha walk-in, revestida en Vulca Cremisi, \u00faltimo gesto de un recorrido crom\u00e1tico y mat\u00e9rico coherente.<\/p>\n<p>El nuevo showroom Sapienstone construye ambientes, narra historias, genera emociones. Cada detalle, cada acabado, cada combinaci\u00f3n es una invitaci\u00f3n a explorar una est\u00e9tica en la que la materia cer\u00e1mica se convierte en lenguaje de dise\u00f1o y medio expresivo.<\/p>\n<p>Un proyecto que define una nueva dimensi\u00f3n del habitar, donde la superficie es solo el punto de partida para una narrativa m\u00e1s profunda. Un manifiesto de lujo emocional que celebra el encuentro entre innovaci\u00f3n, belleza e identidad.<\/p>\n<p>\u00a0<\/p>\n","protected":false},"excerpt":{"rendered":"El showroom Sapienstone, situado en la localidad italiana de Castellarano (en Reggio Emilia), sede Iris Ceramica Group, se&hellip;\n","protected":false},"author":2,"featured_media":158823,"comment_status":"","ping_status":"","sticky":false,"template":"","format":"standard","meta":{"footnotes":""},"categories":[81],"tags":[6122,119,123,124,25,24,47306,117,121,122,47307,23,118,120],"class_list":{"0":"post-158822","1":"post","2":"type-post","3":"status-publish","4":"format-standard","5":"has-post-thumbnail","7":"category-ciencia-y-tecnologia","8":"tag-ceramica","9":"tag-ciencia","10":"tag-ciencia-y-tecnologia","11":"tag-cienciaytecnologia","12":"tag-es","13":"tag-espana","14":"tag-sapienstone","15":"tag-science","16":"tag-science-and-technology","17":"tag-scienceandtechnology","18":"tag-showroom","19":"tag-spain","20":"tag-technology","21":"tag-tecnologia"},"share_on_mastodon":{"url":"","error":""},"_links":{"self":[{"href":"https:\/\/www.europesays.com\/es\/wp-json\/wp\/v2\/posts\/158822","targetHints":{"allow":["GET"]}}],"collection":[{"href":"https:\/\/www.europesays.com\/es\/wp-json\/wp\/v2\/posts"}],"about":[{"href":"https:\/\/www.europesays.com\/es\/wp-json\/wp\/v2\/types\/post"}],"author":[{"embeddable":true,"href":"https:\/\/www.europesays.com\/es\/wp-json\/wp\/v2\/users\/2"}],"replies":[{"embeddable":true,"href":"https:\/\/www.europesays.com\/es\/wp-json\/wp\/v2\/comments?post=158822"}],"version-history":[{"count":0,"href":"https:\/\/www.europesays.com\/es\/wp-json\/wp\/v2\/posts\/158822\/revisions"}],"wp:featuredmedia":[{"embeddable":true,"href":"https:\/\/www.europesays.com\/es\/wp-json\/wp\/v2\/media\/158823"}],"wp:attachment":[{"href":"https:\/\/www.europesays.com\/es\/wp-json\/wp\/v2\/media?parent=158822"}],"wp:term":[{"taxonomy":"category","embeddable":true,"href":"https:\/\/www.europesays.com\/es\/wp-json\/wp\/v2\/categories?post=158822"},{"taxonomy":"post_tag","embeddable":true,"href":"https:\/\/www.europesays.com\/es\/wp-json\/wp\/v2\/tags?post=158822"}],"curies":[{"name":"wp","href":"https:\/\/api.w.org\/{rel}","templated":true}]}}