{"id":158826,"date":"2025-10-06T03:31:12","date_gmt":"2025-10-06T03:31:12","guid":{"rendered":"https:\/\/www.europesays.com\/es\/158826\/"},"modified":"2025-10-06T03:31:12","modified_gmt":"2025-10-06T03:31:12","slug":"los-duques-guillermo-y-estefania-de-luxemburgo-cierran-por-todo-lo-alto-las-celebraciones-de-su-coronacion","status":"publish","type":"post","link":"https:\/\/www.europesays.com\/es\/158826\/","title":{"rendered":"Los duques Guillermo y Estefan\u00eda de Luxemburgo cierran por todo lo alto las celebraciones de su coronaci\u00f3n"},"content":{"rendered":"<p>Los libros de historia recopilaran <strong>todos los eventos que han tenido lugar este fin de semana<\/strong> en Luxemburgo. El gran duque Enrique ha abdicado a favor de su hijo Guillermo en una solemne ceremonia en la que el que ha sido jefe de Estado durante 25 a\u00f1os <a href=\"https:\/\/www.lecturas.com\/actualidad\/casas-reales\/enrique-luxemburgo-emocionado-firma-abdicacion-que-da-paso-su-hijo-enrique-nuevo-gran-duque_182166\" target=\"_self\" rel=\"nofollow noopener\">no pod\u00eda evitar emocionarse.<\/a>\u00a0<\/p>\n<p>Despu\u00e9s de emitir su \u00faltimo discurso, <strong>su primog\u00e9nito ha tomado el relevo y ha subido al tron<\/strong>o ante la expectaci\u00f3n y euforia de la poblaci\u00f3n. Una de las <a href=\"https:\/\/www.lecturas.com\/actualidad\/casas-reales\/promesa-nuevo-duque-elegancia-maxima-holanda-todas-imagenes-proclamacion-guillermo-como-gran-duque-luxemburgo_182176\" target=\"_self\" rel=\"nofollow noopener\">im\u00e1genes m\u00e1s destacadas de este hito<\/a> era, precisamente, la promesa que ha realizado el nuevo duque: \u00abPrometo permanecer siempre neutral en pol\u00edtica\u00bb.<\/p>\n<p>Durante el fin de semana, hemos visto a Guillermo y su esposa, <strong>Estefan\u00eda iniciar esta nueva era con alegr\u00eda y tranquilidad.<\/strong><a href=\"https:\/\/www.lecturas.com\/actualidad\/casas-reales\/contratiempo-que-han-sufrido-duques-luxemburgo-plenas-actividades-su-coronacion_182226\" target=\"_self\" rel=\"nofollow noopener\">A pesar del contratiempo que ha afectado <\/a>a la programaci\u00f3n ha alterado la felicidad de los nuevos duques. El broche final de estas celebraciones lo pon\u00eda la familia real con la misa en la Catedral de Notre-Dame de Luxemburgo.<\/p>\n<p><img loading=\"lazy\" decoding=\"async\"   src=\"https:\/\/www.europesays.com\/es\/wp-content\/uploads\/2025\/10\/guillermo-y-estefania-de-luxemburgo_2a1f283b_251005210058_1200x1656.webp.webp\" alt=\"Guillermo y Estefan\u00eda de Luxemburgo\" class=\"lazyload\" width=\"1200\" height=\"1656\" data-aspectratio=\"1200\/1656\"\/><\/p>\n<p>Guillermo y Estefan\u00eda de Luxemburgo han subido al trono en una celebraci\u00f3n de tres d\u00edas.<\/p>\n<p>&#13;GTRES<\/p>\n<p>Con alfombra roja y adornos exquisitos, el templo se ha preparado para recibir a la &#8216;Corona&#8217; luxemburguesa por todo lo alto.\u00a0Guillermo y Estefan\u00eda han sido los primeros en llegar, ataviados con sus mejores galas. <strong>Estefan\u00eda ha elegido un impresionante vestido fucsia de forma fluida.<\/strong> Con un escote de pico y un fruncido en la cintura, la ya duquesa eleg\u00eda un dise\u00f1o llamativo y sofisticado para este evento. Un tocado en forma de sombrero de la misma tonalidad cerraba este outfit.<\/p>\n<p><img loading=\"lazy\" decoding=\"async\"   src=\"https:\/\/www.europesays.com\/es\/wp-content\/uploads\/2025\/10\/guillermo-y-estefania-de-luxemburgo_d1a1d906_251005210254_1200x1756.webp.webp\" alt=\"Guillermo y Estefan\u00eda de Luxemburgo\" class=\"lazyload\" width=\"1200\" height=\"1756\" data-aspectratio=\"1200\/1756\"\/><\/p>\n<p>Los hijos de\u00a0Guillermo y Estefan\u00eda de Luxemburgo no han acudido a esta \u00faltima cita.<\/p>\n<p>&#13;GTRES<\/p>\n<p>A diferencia de en otras actividades, los Grandes Duques no han ido acompa\u00f1ados de sus dos hijos, Charles y Fran\u00e7ois de 5 y 2 a\u00f1os respectivamente. <strong>Es probable que sus padres hayan entendido que los peque\u00f1os estar\u00edan inquietos<\/strong> y han querido evitar romper la solemnidad del acto. Durante este recorrido hasta el interior, el matrimonio ha intercambiado miradas c\u00f3mplices y alg\u00fan gesto de cari\u00f1o.<\/p>\n<p><img loading=\"lazy\" decoding=\"async\"   src=\"https:\/\/www.europesays.com\/es\/wp-content\/uploads\/2025\/10\/guillermo-y-estefania-de-luxemburgo_11051c53_251005210219_1200x1579.webp.webp\" alt=\"Guillermo y Estefan\u00eda de Luxemburgo\" class=\"lazyload\" width=\"1200\" height=\"1579\" data-aspectratio=\"1200\/1579\"\/><\/p>\n<p>Guillermo ha estado muy pendiente de su esposa Estefan\u00eda durante el \u00faltimo acto de su coronaci\u00f3n.<\/p>\n<p>&#13;GTRES<\/p>\n<p>Los siguientes eran Mar\u00eda Teresa y Enrique de Luxemburgo, que<strong> no pod\u00edan esconder el orgullo y admiraci\u00f3n por el papel de su primog\u00e9nito<\/strong>. Tambi\u00e9n se han visto a los pr\u00edncipes Sebasti\u00e1n, F\u00e9lix y Luis con sus respectivas familias.<\/p>\n<p>Los gestos de orgullo y cari\u00f1o<\/p>\n<p>Dentro de la iglesia, el cardenal Jean-Claude Hollerich <strong>ha sido el encargado de realizar esta misa, conocida como Te Deum<\/strong>, que traducido es A ti, Dios. Un himno lit\u00fargico conocido en la Iglesia Cat\u00f3lica con el que los duques han querido comenzar este nuevo ciclo institucional.\u00a0Al terminar la ceremonia, <strong>Estefan\u00eda y Guillermo se han girado para saludar a sus seres queridos\u00a0<\/strong>y han compartido un tierno beso.<\/p>\n<p><img loading=\"lazy\" decoding=\"async\"   src=\"https:\/\/www.europesays.com\/es\/wp-content\/uploads\/2025\/10\/guillermo-y-estefania-de-luxemburgo_446f6818_251005210359_1200x945.webp.webp\" alt=\"Guillermo y Estefan\u00eda de Luxemburgo\" class=\"lazyload\" width=\"1200\" height=\"945\" data-aspectratio=\"1200\/945\"\/><\/p>\n<p>Durante la misa,\u00a0Guillermo y Estefan\u00eda de Luxemburgo han compartido un tierno beso.<\/p>\n<p>&#13;GTRES<\/p>\n<p>\u00a0<\/p>\n<p><img loading=\"lazy\" decoding=\"async\"   src=\"https:\/\/www.europesays.com\/es\/wp-content\/uploads\/2025\/10\/enrique-y-maria-teresa-de-luxemburgo_3be43134_251005210455_1200x1619.webp.webp\" alt=\"Enrique y Mar\u00eda Teresa de Luxemburgo\" class=\"lazyload\" width=\"1200\" height=\"1619\" data-aspectratio=\"1200\/1619\"\/><\/p>\n<p>Enrique y Mar\u00eda Teresa de Luxemburgo, muy orgullosos de su primog\u00e9nito.<\/p>\n<p>&#13;GTRES<\/p>\n<p>Al salir de la misa, los duques han saludado a los ciudadanos que se hab\u00edan reunido all\u00ed para verles. V\u00edtores y aplausos los han acompa\u00f1ado durante este momento, confirmando as\u00ed la alegr\u00eda de un pueblo. De nuevo, los antiguos duques se han mostrado muy felices <strong>de ver a sus descendientes iniciar esta nueva etapa.<\/strong><\/p>\n<p>La ausencia de la Casa Real espa\u00f1ola<\/p>\n<p><strong>Grandes autoridades y l\u00edderes han sido invitados a la coronaci\u00f3n de Guillermo y Estefan\u00eda<\/strong> de Luxemburgo.\u00a0De entre ellos destacan los reyes Felipe y Matilde de B\u00e9lgica y su heredera, la princesa Elisabeth o\u00a0los monarcas Guillermo Alejandro y M\u00e1xima de Holanda, acompa\u00f1ados tambi\u00e9n de su primog\u00e9nita, la princesa Amalia.\u00a0<\/p>\n<p>Sin embargo, entre ellos no estaban los reyes Felipe y Letizia, ni su primog\u00e9nita la princesa Leonor. Ser\u00eda l\u00f3gico pensar que esta ausencia se debe a una cuesti\u00f3n de agenda, pero nada m\u00e1s lejos de la realidad. Su ausencia se debe a una\u00a0tradici\u00f3n luxemburguesa: solo se invita a este evento a aquellos pa\u00edses que hagan frontera con ellos. De esta manera, <strong>buena parte de las Casas Reales europeas quedan fuera de las invitaciones.<\/strong><\/p>\n","protected":false},"excerpt":{"rendered":"Los libros de historia recopilaran todos los eventos que han tenido lugar este fin de semana en Luxemburgo.&hellip;\n","protected":false},"author":2,"featured_media":158827,"comment_status":"","ping_status":"","sticky":false,"template":"","format":"standard","meta":{"footnotes":""},"categories":[42],"tags":[17,18,13,14,11,61,62,63,64,19,20,9,10,15,16,12,21,22,65,66,67],"class_list":{"0":"post-158826","1":"post","2":"type-post","3":"status-publish","4":"format-standard","5":"has-post-thumbnail","7":"category-internacional","8":"tag-breaking-news","9":"tag-breakingnews","10":"tag-featured-news","11":"tag-featurednews","12":"tag-headlines","13":"tag-internacional","14":"tag-international","15":"tag-international-news","16":"tag-internationalnews","17":"tag-latest-news","18":"tag-latestnews","19":"tag-news","20":"tag-noticias","21":"tag-noticias-destacadas","22":"tag-noticiasdestacadas","23":"tag-titulares","24":"tag-ultimas-noticias","25":"tag-ultimasnoticias","26":"tag-world","27":"tag-world-news","28":"tag-worldnews"},"share_on_mastodon":{"url":"","error":""},"_links":{"self":[{"href":"https:\/\/www.europesays.com\/es\/wp-json\/wp\/v2\/posts\/158826","targetHints":{"allow":["GET"]}}],"collection":[{"href":"https:\/\/www.europesays.com\/es\/wp-json\/wp\/v2\/posts"}],"about":[{"href":"https:\/\/www.europesays.com\/es\/wp-json\/wp\/v2\/types\/post"}],"author":[{"embeddable":true,"href":"https:\/\/www.europesays.com\/es\/wp-json\/wp\/v2\/users\/2"}],"replies":[{"embeddable":true,"href":"https:\/\/www.europesays.com\/es\/wp-json\/wp\/v2\/comments?post=158826"}],"version-history":[{"count":0,"href":"https:\/\/www.europesays.com\/es\/wp-json\/wp\/v2\/posts\/158826\/revisions"}],"wp:featuredmedia":[{"embeddable":true,"href":"https:\/\/www.europesays.com\/es\/wp-json\/wp\/v2\/media\/158827"}],"wp:attachment":[{"href":"https:\/\/www.europesays.com\/es\/wp-json\/wp\/v2\/media?parent=158826"}],"wp:term":[{"taxonomy":"category","embeddable":true,"href":"https:\/\/www.europesays.com\/es\/wp-json\/wp\/v2\/categories?post=158826"},{"taxonomy":"post_tag","embeddable":true,"href":"https:\/\/www.europesays.com\/es\/wp-json\/wp\/v2\/tags?post=158826"}],"curies":[{"name":"wp","href":"https:\/\/api.w.org\/{rel}","templated":true}]}}