{"id":158828,"date":"2025-10-06T03:33:17","date_gmt":"2025-10-06T03:33:17","guid":{"rendered":"https:\/\/www.europesays.com\/es\/158828\/"},"modified":"2025-10-06T03:33:17","modified_gmt":"2025-10-06T03:33:17","slug":"aemet-senala-las-dos-zonas-en-las-que-llovera-este-lunes-en-la-comunidad-valenciana","status":"publish","type":"post","link":"https:\/\/www.europesays.com\/es\/158828\/","title":{"rendered":"Aemet se\u00f1ala las dos zonas en las que llover\u00e1 este lunes en la Comunidad Valenciana"},"content":{"rendered":"<p class=\"paragraph\">Lo que puede llover este lunes, 6 de octubre, no es nada con la situaci\u00f3n que se espera para el macropuente del 9 de Octubre. <b>Aemet<\/b> ha actualizado su previsi\u00f3n del tiempo y este lunes podr\u00edan darse lluvias en dos puntos de la Comunidad Valenciana, pero \u00fanicamente por la ma\u00f1ana. El martes se espera un d\u00eda tranquilo y la situaci\u00f3n empeora notablemente a partir del mi\u00e9rcoles ante la probabilidad de chubascos y tormentas en todo el territorio regional y temperaturas muy a la baja.<\/p>\n<p class=\"paragraph\">Este <b>lunes<\/b> se esperan \u00abintervalos de nubes\u00bb, excepto en el norte de Castell\u00f3n, \u00abtendiendo a poco nuboso durante la segunda mitad del d\u00eda\u00bb. La previsi\u00f3n contempla \u00abbrumas y bancos de niebla matinales en el interior de Valencia y Alicante\u00bb, pero tambi\u00e9n \u00abprobables precipitaciones en Valencia y Alicante, siendo m\u00e1s probables en el litoral\u00bb, aunque tendiendo a remitir \u00aba partir de la tarde\u00bb. En las temperaturas, m\u00ednimas en descenso en la mitad norte y m\u00e1ximas que bajar\u00e1n excepto en Valencia, que no se esperan cambios.<\/p>\n<p class=\"c-detail__media__subtitle composite_image\">\n<p>        Mapa con la previsi\u00f3n de lluvias para este lunes 6 de octubre en la Comunidad Valenciana.Aemet<\/p>\n<p class=\"paragraph\">De cara al <b>martes<\/b> se prev\u00e9 un d\u00eda de cielo \u00abpoco nubosos\u00bb, con intervalos de nubes bajas \u00aba primer horas en el litoral norte de Castell\u00f3n\u00bb. Por ahora no se esperan lluvias, podr\u00eda ser un d\u00eda de calma antes del gran cambio. En las temperaturas, m\u00ednimas que aumentar\u00e1n en el interior de la mitad norte, descender\u00e1n en el extremo sur y sin variaci\u00f3n en el resto del territorio, mientras que las m\u00e1ximas experimentar\u00e1n una subida \u00abgeneralizada\u00bb.<\/p>\n<p class=\"paragraph\">El <b>mi\u00e9rcoles<\/b> regresan las lluvias y con fuerza. La jornada comenzar\u00e1 con cielo \u00abpoco nuboso\u00bb, aunque \u00abaumentando a intervalos nubosos ya durante la ma\u00f1ana\u00bb. En horario vespertino har\u00e1n acto de presencia las \u00abprecipitaciones acompa\u00f1adas de tormentas\u00bb, siendo \u00abmenos probables en el extremo sur regional\u00bb. En las temperaturas, m\u00ednimas con cambios ligeros y m\u00e1ximas que bajar\u00e1n en el interior de Valencia.<\/p>\n<p>            <a href=\"#\" title=\"\"><br \/>\n                <img decoding=\"async\" loading=\"lazy\" width=\"120px\" height=\"90px\" alt=\"Imagen de Edgar y Karin, la pareja de holandeses que ha comprado una mas\u00eda en el interior de Castell\u00f3n\" src=\"https:\/\/imagenes.eldebate.com\/files\/related_image\/files\/fp\/uploads\/2025\/10\/02\/68de631dd7446.r_d.1004-437.jpeg\" data-full-src=\"https:\/\/www.europesays.com\/es\/wp-content\/uploads\/2025\/10\/68de631dd7446.jpeg\"\/><br \/>\n            <\/a><\/p>\n<p class=\"paragraph\">La previsi\u00f3n para el <b>jueves<\/b> festivo 9 de Octubre no invita al optimismo. Cielo nuboso o cubierto con apertura de claros por la tarde en los extremos norte y sur. \u00abSe esperan chubascos localmente moderados acompa\u00f1ados de tormenta, m\u00e1s probables en el litoral central y norte de Alicante\u00bb. Las m\u00ednimas no cambiar\u00e1n excesivamente y las m\u00e1ximas descender\u00e1n un par de grados.<\/p>\n","protected":false},"excerpt":{"rendered":"Lo que puede llover este lunes, 6 de octubre, no es nada con la situaci\u00f3n que se espera&hellip;\n","protected":false},"author":2,"featured_media":158829,"comment_status":"","ping_status":"","sticky":false,"template":"","format":"standard","meta":{"footnotes":""},"categories":[5],"tags":[17,18,25,24,13,14,11,19,20,9,10,15,16,23,12,21,22],"class_list":{"0":"post-158828","1":"post","2":"type-post","3":"status-publish","4":"format-standard","5":"has-post-thumbnail","7":"category-titulares","8":"tag-breaking-news","9":"tag-breakingnews","10":"tag-es","11":"tag-espana","12":"tag-featured-news","13":"tag-featurednews","14":"tag-headlines","15":"tag-latest-news","16":"tag-latestnews","17":"tag-news","18":"tag-noticias","19":"tag-noticias-destacadas","20":"tag-noticiasdestacadas","21":"tag-spain","22":"tag-titulares","23":"tag-ultimas-noticias","24":"tag-ultimasnoticias"},"share_on_mastodon":{"url":"","error":""},"_links":{"self":[{"href":"https:\/\/www.europesays.com\/es\/wp-json\/wp\/v2\/posts\/158828","targetHints":{"allow":["GET"]}}],"collection":[{"href":"https:\/\/www.europesays.com\/es\/wp-json\/wp\/v2\/posts"}],"about":[{"href":"https:\/\/www.europesays.com\/es\/wp-json\/wp\/v2\/types\/post"}],"author":[{"embeddable":true,"href":"https:\/\/www.europesays.com\/es\/wp-json\/wp\/v2\/users\/2"}],"replies":[{"embeddable":true,"href":"https:\/\/www.europesays.com\/es\/wp-json\/wp\/v2\/comments?post=158828"}],"version-history":[{"count":0,"href":"https:\/\/www.europesays.com\/es\/wp-json\/wp\/v2\/posts\/158828\/revisions"}],"wp:featuredmedia":[{"embeddable":true,"href":"https:\/\/www.europesays.com\/es\/wp-json\/wp\/v2\/media\/158829"}],"wp:attachment":[{"href":"https:\/\/www.europesays.com\/es\/wp-json\/wp\/v2\/media?parent=158828"}],"wp:term":[{"taxonomy":"category","embeddable":true,"href":"https:\/\/www.europesays.com\/es\/wp-json\/wp\/v2\/categories?post=158828"},{"taxonomy":"post_tag","embeddable":true,"href":"https:\/\/www.europesays.com\/es\/wp-json\/wp\/v2\/tags?post=158828"}],"curies":[{"name":"wp","href":"https:\/\/api.w.org\/{rel}","templated":true}]}}