{"id":158834,"date":"2025-10-06T03:36:06","date_gmt":"2025-10-06T03:36:06","guid":{"rendered":"https:\/\/www.europesays.com\/es\/158834\/"},"modified":"2025-10-06T03:36:06","modified_gmt":"2025-10-06T03:36:06","slug":"alex-pereira-noquea-en-80-segundos-a-ankalaev-y-recupera-el-cinturon-de-peso-semipesado-de-la-ufc","status":"publish","type":"post","link":"https:\/\/www.europesays.com\/es\/158834\/","title":{"rendered":"Alex Pereira noquea en 80 segundos a Ankalaev y recupera el cintur\u00f3n de peso semipesado de la UFC"},"content":{"rendered":"<p data-mrf-recirculation=\"Links P\u00e1rrafos\" class=\"ue-c-article__paragraph paragraph ue-c-article--first-letter-highlighted\">Este muerto estaba muy vivo. A sus<strong> 38 a\u00f1os,<\/strong> muchos dec\u00edan que <strong>Alex Pereira <\/strong>(13-3) no volver\u00eda a ser campe\u00f3n tras su derrota ante <strong>Magomed Ankalaev<\/strong> (21-2-1) en el UFC 313. Sin embargo, siete meses despu\u00e9s &#8216;Poatan&#8217; se ha cobrado su <strong>venganza<\/strong> en el UFC 320 al noquear al peleador daguestan\u00ed a los <strong>80 segundos<\/strong> de combate tras una brutal derecha. El <strong>doble monarca<\/strong> de la compa\u00f1\u00eda ha sido el protagonista de un ascenso fugaz, con una breve ca\u00edda y posterior <strong>redenci\u00f3n. <\/strong>El\u00a0siguiente cap\u00edtulo parece ser en el <strong>peso pesado<\/strong>. El objetivo: convertirse en el primer<strong> triple campe\u00f3n <\/strong>de la UFC.\u00a0<\/p>\n<p data-mrf-recirculation=\"Links P\u00e1rrafos\" class=\"ue-c-article__paragraph paragraph\">Pereira era el claro <strong>underdog<\/strong> de cara a este combate, pero hizo valer las palabras que le dijo a Ankalaev en el careo: \u00abNo quiero volver a trabajar en la <strong>tienda de ruedas\u00bb<\/strong>. Motivado por la fuerte rivalidad que han mantenido ambos durante los \u00faltimos meses, &#8216;Poatan&#8217; sac\u00f3 su<strong> mejor versi\u00f3n <\/strong>para mostrar una imagen totalmente diferente al del primer combate. El resultado fue un <strong>K.O. <\/strong>en el primer asalto que ya es historia de la promotora.\u00a0<\/p>\n<blockquote class=\"ue-c-article__blockquote\">\n<p>Sab\u00eda que lo har\u00eda de esta manera<\/p>\n<\/blockquote>\n<p data-mrf-recirculation=\"Links P\u00e1rrafos\" class=\"ue-c-article__paragraph paragraph\">El campe\u00f3n de peso semipesado ha mostrado en m\u00e1s de una ocasi\u00f3n su <strong>deseo<\/strong> de subir a peso completo, siempre y cuando la UFC se lo permita. \u00abNo s\u00e9, todav\u00eda hay peleas en la divisi\u00f3n.<strong> Veremos lo que ocurre<\/strong>\u00ab, declaraba tras la velada<strong> Dana White<\/strong>, jefe de la compa\u00f1\u00eda. \u00abPromet\u00ed que esto iba a ser un <strong>show. <\/strong>Sab\u00eda que lo har\u00eda de esta manera, y los que no conf\u00edaban,<strong> que conf\u00eden ahora<\/strong>\u00ab, era lo primero que dec\u00eda Pereira tras bajarse del oct\u00e1gono. La <strong>superestrella<\/strong> que cautiv\u00f3 a todo el mundo de las MMA est\u00e1 de vuelta, mejor que nunca.<\/p>\n<p><img decoding=\"async\" width=\"1980\" height=\"1320\" class=\"ue-c-article__image lazyload\" alt=\"Merab Dvalishvili celebrando su tercera defensa de cintur\u00f3n de peso gallo.\" loading=\"lazy\" src=\"https:\/\/www.europesays.com\/es\/wp-content\/uploads\/2025\/10\/68e20962d2cd3.jpeg\"\/><\/p>\n<p>Merab Dvalishvili celebrando su tercera defensa de cintur\u00f3n de peso gallo.UFC.<\/p>\n<p>Merab sigue a lo suyo<\/p>\n<p data-mrf-recirculation=\"Links P\u00e1rrafos\" class=\"ue-c-article__paragraph paragraph\">Al igual que Pereira dio la <strong>sorpresa<\/strong> en el evento estelar, el que cumpli\u00f3 con lo esperado fue <strong>Merab Dvalishvili <\/strong>(21-4). El monarca de peso gallo derrot\u00f3 por<strong> decisi\u00f3n un\u00e1nime <\/strong>a un correoso <strong>Cory Sandhagen<\/strong> (18-6) para sumar su<strong> tercera defensa <\/strong>de cintur\u00f3n -todas en 2025- y aumentar su racha a <strong>14 victorias seguidas.<\/strong> El ya considerado para muchos GOAT de la categor\u00eda tiene ahora como objetivo reaparecer antes de que acabe el a\u00f1o para enfrentarse a <strong>Petr Yan<\/strong>, pero habr\u00e1 que ver qu\u00e9 decide la compa\u00f1\u00eda.<\/p>\n<p data-mrf-recirculation=\"Links P\u00e1rrafos\" class=\"ue-c-article__paragraph paragraph\">Sandhagen fue un rival <strong>m\u00e1s que digno<\/strong> para el combate co estelar, e incluso llev\u00f3 <strong>al l\u00edmite<\/strong> a &#8216;The Machine&#8217; en alg\u00fan momento. Sin embargo, Dvalishvili volvi\u00f3 a demostrar por qu\u00e9 tiene el <strong>mejor cardio<\/strong> de la UFC para variar el striking con los <strong>derribos <\/strong>y llevarse el gato al agua. Incluso estuvo a punto de<strong> finalizar<\/strong> al americano en el segundo asalto en la pelea en pie, pero finalmente tuvo que<strong> conformarse <\/strong>con la victoria a los puntos.<\/p>\n<p>El show de Prochazka<\/p>\n<p data-mrf-recirculation=\"Links P\u00e1rrafos\" class=\"ue-c-article__paragraph paragraph\">El otro gran nombre de la cartelera fue <strong>Jiri Prochazka <\/strong>(32-5-1), que protagoniz\u00f3 uno de los <strong>comebacks del a\u00f1o<\/strong> al noquear a<strong> Khalil Rountree Jr. <\/strong>(15-7) en el tercer asalto. El peleador checo hab\u00eda perdido los dos asaltos anteriores, y sali\u00f3<strong> a tumba abierta<\/strong> en el definitivo para acabar cansando al peleador americano. Un<strong> croch\u00e9 de izquierdas<\/strong> acab\u00f3 con la resistencia de Rountree, que cay\u00f3 al suelo en se\u00f1al de <strong>rendici\u00f3n.<\/strong><\/p>\n<p data-mrf-recirculation=\"Links P\u00e1rrafos\" class=\"ue-c-article__paragraph paragraph\">Tambi\u00e9n hay que destacar la victoria de <strong>Ateba Gautier<\/strong>\u00a0(9-1) por K.O. en el primer asalto a Tre&#8217;Ston Vines (10-4), o la sumisi\u00f3n de <strong>Joe Pyfer <\/strong>(28-7-1) a Abus Magomedov (15-3) en el segundo asalto tras estar <strong>contra las cuerdas<\/strong> en el primero. De la misma manera hay que hablar de la meritoria victoria de<strong> Youssef Zalal <\/strong>(18-5-1) ante Josh Emmett (19-6) por <strong>sumisi\u00f3n<\/strong> en el primer asalto. Los dos \u00fanicos peleadores a los que Ilia Topuria no pudo finalizar se enfrentaban, y fue el marroqu\u00ed el que se impuso para pedir un combate contra <strong>Diego Lopes o Lerone Murphy.<\/strong><\/p>\n<p data-mrf-recirculation=\"Links P\u00e1rrafos\" class=\"ue-c-article__paragraph paragraph\">La<strong> decepci\u00f3n<\/strong> de la noche fue otra derrota m\u00e1s de<strong> Patchy Mix <\/strong>(20-3) en su segundo combate en la UFC, esta vez por decisi\u00f3n dividida ante<strong> Jakub Wiklacz<\/strong> (17-3-2). El ex campe\u00f3n de peso gallo de Bellator no ha entrado con buen pie en la promotora, mientras que el <strong>ex campe\u00f3n<\/strong> de peso gallo de KSW ha conseguido lo que <strong>no pudo <\/strong>el americano, debutar con \u00e9xito. La siguiente para ser\u00e1 la <strong>Fight Night<\/strong> del pr\u00f3ximo fin de semana en R\u00edo de Janeiro, donde el evento estelar ser\u00e1 <strong>Charles Oliveira vs Mateusz Gamrot<\/strong> y tambi\u00e9n pelear\u00e1 el espa\u00f1ol <strong>Joel \u00c1lvarez <\/strong>ante Vicente Luque.<\/p>\n<p>Resultados de la cartelera<\/p>\n<p data-mrf-recirculation=\"Links P\u00e1rrafos\" class=\"ue-c-article__paragraph paragraph\"><strong>Cartelera estelar<\/strong><\/p>\n<p data-mrf-recirculation=\"Links P\u00e1rrafos\" class=\"ue-c-article__paragraph paragraph\">Alex Pereira derrot\u00f3 a Magomed Ankalaev por nocaut t\u00e9cnico (codazos) en el primer asalto, 1:20, y gan\u00f3 el t\u00edtulo de peso semipesado.<\/p>\n<p data-mrf-recirculation=\"Links P\u00e1rrafos\" class=\"ue-c-article__paragraph paragraph\">Merab Dvalishvili derrot\u00f3 a Cory Sandhagen por decisi\u00f3n un\u00e1nime (49-45, 49-45, 49-46) y defendi\u00f3 su t\u00edtulo de peso gallo.<\/p>\n<p data-mrf-recirculation=\"Links P\u00e1rrafos\" class=\"ue-c-article__paragraph paragraph\">Jiri Prochazka derrot\u00f3 a Khalil Rountree Jr. v\u00eda KO (golpes) \u2013 Ronda 3, 3:04<\/p>\n<p data-mrf-recirculation=\"Links P\u00e1rrafos\" class=\"ue-c-article__paragraph paragraph\">Youssef Zalal derrot\u00f3 a Josh Emmett por sumisi\u00f3n (barra de brazo) \u2013 Ronda 1, 1:38<\/p>\n<p data-mrf-recirculation=\"Links P\u00e1rrafos\" class=\"ue-c-article__paragraph paragraph\">Joe Pyfer derrot\u00f3 a Abus Magomedov por sumisi\u00f3n (estrangulamiento trasero) \u2013 Ronda 2, 1:44<\/p>\n<p data-mrf-recirculation=\"Links P\u00e1rrafos\" class=\"ue-c-article__paragraph paragraph\"><strong>Cartelera preliminar\u00a0<\/strong><\/p>\n<p data-mrf-recirculation=\"Links P\u00e1rrafos\" class=\"ue-c-article__paragraph paragraph\">Ateba Gautier derrot\u00f3 a Treston Vines por nocaut t\u00e9cnico (golpes) \u2013 1.er asalto, 1:41<\/p>\n<p data-mrf-recirculation=\"Links P\u00e1rrafos\" class=\"ue-c-article__paragraph paragraph\">aniel santos derrot\u00f3 a JooSang Yoo v\u00eda KO (golpes) \u2013 Ronda 2, 0:21<\/p>\n<p data-mrf-recirculation=\"Links P\u00e1rrafos\" class=\"ue-c-article__paragraph paragraph\">Jakub Wiklacz derrot\u00f3 a Patchy Mix por decisi\u00f3n dividida (29-28, 28-29, 29-28)<\/p>\n<p data-mrf-recirculation=\"Links P\u00e1rrafos\" class=\"ue-c-article__paragraph paragraph\">Edmen Shahbazyan derrot\u00f3 a Andre Muniz por nocaut t\u00e9cnico (ground-and-pound) \u2013 1.er asalto, 4:58<\/p>\n<p data-mrf-recirculation=\"Links P\u00e1rrafos\" class=\"ue-c-article__paragraph paragraph\"><strong>Early prelims<\/strong><\/p>\n<p data-mrf-recirculation=\"Links P\u00e1rrafos\" class=\"ue-c-article__paragraph paragraph\">Pu\u00f1ahele Soriano derrot\u00f3 a Nikolay Veretennikov por decisi\u00f3n un\u00e1nime (30-27, 30-27, 30-27)<\/p>\n<p data-mrf-recirculation=\"Links P\u00e1rrafos\" class=\"ue-c-article__paragraph paragraph\">Yana Santos derrot\u00f3 a Macy Chiasson por decisi\u00f3n un\u00e1nime (29-28, 29-28, 29-28)<\/p>\n<p data-mrf-recirculation=\"Links P\u00e1rrafos\" class=\"ue-c-article__paragraph paragraph\">Farid Basharat derrot\u00f3 a Chris Guti\u00e9rrez por decisi\u00f3n un\u00e1nime (29-28, 29-28, 29-28)<\/p>\n<p data-mrf-recirculation=\"Links P\u00e1rrafos\" class=\"ue-c-article__paragraph paragraph\">Ramiz Brahimaj derrot\u00f3 a Austin Vanderford por sumisi\u00f3n (guillotina) \u2013 Ronda 2, 2:24<\/p>\n<p data-mrf-recirculation=\"Links P\u00e1rrafos\" class=\"ue-c-article__paragraph paragraph\">Ver\u00f3nica Hardy derrot\u00f3 a Brogan Walker por decisi\u00f3n un\u00e1nime (30-27, 30-27, 30-27)<\/p>\n","protected":false},"excerpt":{"rendered":"Este muerto estaba muy vivo. A sus 38 a\u00f1os, muchos dec\u00edan que Alex Pereira (13-3) no volver\u00eda a&hellip;\n","protected":false},"author":2,"featured_media":158835,"comment_status":"","ping_status":"","sticky":false,"template":"","format":"standard","meta":{"footnotes":""},"categories":[276],"tags":[168,25,24,23,167,343],"class_list":{"0":"post-158834","1":"post","2":"type-post","3":"status-publish","4":"format-standard","5":"has-post-thumbnail","7":"category-ufc","8":"tag-deportes","9":"tag-es","10":"tag-espana","11":"tag-spain","12":"tag-sports","13":"tag-ufc"},"share_on_mastodon":{"url":"","error":""},"_links":{"self":[{"href":"https:\/\/www.europesays.com\/es\/wp-json\/wp\/v2\/posts\/158834","targetHints":{"allow":["GET"]}}],"collection":[{"href":"https:\/\/www.europesays.com\/es\/wp-json\/wp\/v2\/posts"}],"about":[{"href":"https:\/\/www.europesays.com\/es\/wp-json\/wp\/v2\/types\/post"}],"author":[{"embeddable":true,"href":"https:\/\/www.europesays.com\/es\/wp-json\/wp\/v2\/users\/2"}],"replies":[{"embeddable":true,"href":"https:\/\/www.europesays.com\/es\/wp-json\/wp\/v2\/comments?post=158834"}],"version-history":[{"count":0,"href":"https:\/\/www.europesays.com\/es\/wp-json\/wp\/v2\/posts\/158834\/revisions"}],"wp:featuredmedia":[{"embeddable":true,"href":"https:\/\/www.europesays.com\/es\/wp-json\/wp\/v2\/media\/158835"}],"wp:attachment":[{"href":"https:\/\/www.europesays.com\/es\/wp-json\/wp\/v2\/media?parent=158834"}],"wp:term":[{"taxonomy":"category","embeddable":true,"href":"https:\/\/www.europesays.com\/es\/wp-json\/wp\/v2\/categories?post=158834"},{"taxonomy":"post_tag","embeddable":true,"href":"https:\/\/www.europesays.com\/es\/wp-json\/wp\/v2\/tags?post=158834"}],"curies":[{"name":"wp","href":"https:\/\/api.w.org\/{rel}","templated":true}]}}