{"id":158836,"date":"2025-10-06T03:45:11","date_gmt":"2025-10-06T03:45:11","guid":{"rendered":"https:\/\/www.europesays.com\/es\/158836\/"},"modified":"2025-10-06T03:45:11","modified_gmt":"2025-10-06T03:45:11","slug":"la-escritora-publica-las-leyes-de-la-caza-hemos-perdido-que-en-tres-o-cuatro-decadas-un-conocimiento-de-milenios-sobre-el-campo-explica-lobos-feroces-bosques-pe","status":"publish","type":"post","link":"https:\/\/www.europesays.com\/es\/158836\/","title":{"rendered":"La escritora publica \u2018Las leyes de la caza\u2019. \u201cHemos perdido que en tres o cuatro d\u00e9cadas un conocimiento de milenios sobre el campo\u201d, explica: Lobos feroces, bosques peligrosos, una secta \u2018new age\u2019 y la desaparici\u00f3n de un ni\u00f1o: el \u2018rural noir\u2019 de Pilar Fraile | Cultura"},"content":{"rendered":"<p class=\"\">El entorno rural que retrata <a href=\"https:\/\/elpais.com\/autor\/pilar-fraile-amador\/\" target=\"_blank\" rel=\"noreferrer nofollow noopener\" title=\"https:\/\/elpais.com\/autor\/pilar-fraile-amador\/\">Pilar Fraile<\/a> (Salamanca, 50 a\u00f1os) en su \u00faltima novela, <a href=\"https:\/\/candaya.es\/etiqueta-producto\/las-leyes-de-la-caza\/\" target=\"_blank\" rel=\"noreferrer nofollow noopener\" title=\"https:\/\/candaya.es\/etiqueta-producto\/las-leyes-de-la-caza\/\">Las leyes de la caza<\/a> (Candaya), no es un lugar amable ni tranquilizador. Los dos primeros p\u00e1rrafos marcan el tono de libro: \u201cOliver ha desaparecido, mi hijo ha desaparecido\u2019. La lluvia arrecia y los chubasqueros empiezan a calar mientras ella se repite: \u2018Oliver est\u00e1 ah\u00ed fuera, solo\u2019, pero sigue sin poder creer lo que est\u00e1 sucediendo\u201d. La b\u00fasqueda de ese ni\u00f1o en un espacio agreste articula la trama de una novela que refleja muchos temores ancestrales del campo \u2014<a href=\"https:\/\/candaya.es\/etiqueta-producto\/las-leyes-de-la-caza\/\" target=\"_blank\" rel=\"noreferrer nofollow noopener\" title=\"https:\/\/candaya.es\/etiqueta-producto\/las-leyes-de-la-caza\/\">la presencia de lobos<\/a>, la oscuridad de los bosques\u2014; pero que tambi\u00e9n relata el choque entre aquellos que viven en esos espacios y los que buscan en ellos un refugio impostado, como los integrantes de una secta new age de la que forma parte la madre del menor perdido. <\/p>\n<p class=\"\">Las leyes de la caza est\u00e1 a medio camino del thriller \u2014m\u00e1s bien del subg\u00e9nero llamado rural noir\u2014 y la novela psicol\u00f3gica, porque el relato est\u00e1 contado desde el punto de vista de los diferentes personajes que construyen la trama: la madre del ni\u00f1o desaparecido, la comisaria de polic\u00eda que lo investiga, un pescador del pueblo\u2026 \u201cUtilizo la estructura de un thriller, de un rural noir, de manera muy consciente para llegar a m\u00e1s lectores, pero tampoco es un thriller al uso\u201d, explica Fraile, autora de las novelas D\u00edas de Euforia (2020) y Las ventajas de la vida en el campo (2018). \u201cLa estructura m\u00e1s profunda es de tragedia. La novela en verdad es un libro sobre el desencanto contempor\u00e1neo, sobre las crisis que no nos podemos quitar de encima\u201d, agrega sobre un relato policiaco del que resulta muy dif\u00edcil despegarse seg\u00fan avanza la trama.<\/p>\n<p><img decoding=\"auto\" class=\"_re lazyload a_m-h\" height=\"281\"  width=\"414\"  src=\"https:\/\/www.europesays.com\/es\/wp-content\/uploads\/2025\/10\/WUCWOR4YSVGANDREPSNWYP3Y6Y.jpg\" loading=\"lazy\"\/>La escritora Pilar Fraile fotografiada en septiembre en Madrid.<\/p>\n<p class=\"\">Las leyes de la caza transcurre en un entorno rural no identificado, aunque est\u00e1 inspirado por los espacios y los paisajes de la infancia de la autora, un pueblo llamado Puente del Congosto, en Gredos, una zona monta\u00f1osa que forma parte del sistema central \u2014y que este verano sufri\u00f3 <a href=\"https:\/\/elpais.com\/espana\/2021-08-24\/los-vecinos-salvaron-las-casas-del-infierno-de-avila.html\" target=\"_blank\" rel=\"noreferrer nofollow noopener\" title=\"https:\/\/elpais.com\/espana\/2021-08-24\/los-vecinos-salvaron-las-casas-del-infierno-de-avila.html\">varios incendios virulentos<\/a>\u2014. La novela est\u00e1 recorrida por esa extra\u00f1eza entre los dos mundos, el campo y la ciudad, por el choque entre la Espa\u00f1a rural, cada vez m\u00e1s remota para mucha gente, y las ciudades hiperconectadas con todo el planeta y m\u00e1s desconectadas que nunca de lo que tienen a apenas unos kil\u00f3metros.<\/p>\n<p>M\u00e1s informaci\u00f3n<\/p>\n<p class=\"\">\u201cExiste un enorme hueco entre los que vamos al campo desde la ciudad y los que viven en el campo, porque ellos absorben lo que hay alrededor sin tener que estudiarlo\u201d, se\u00f1ala la escritora, cuya existencia ha transcurrido, precisamente, entre grandes ciudades y peque\u00f1os pueblos. De hecho, ahora vive en uno de la Comunidad de Madrid. \u201cMe crie en un pueblo atravesado por el <a href=\"https:\/\/elpais.com\/cultura\/2018\/08\/20\/actualidad\/1534767265_427991.html\" target=\"_blank\" rel=\"noreferrer nofollow noopener\" title=\"https:\/\/elpais.com\/cultura\/2018\/08\/20\/actualidad\/1534767265_427991.html\">r\u00edo Tormes<\/a>, en la Sierra de Gredos, en el que todo el mundo pescaba porque se trataba de una econom\u00eda de subsistencia. Ellos entend\u00edan el r\u00edo de una forma de la que ahora estamos un poco lejos, sobre todo en las ciudades\u201d. <\/p>\n<p class=\"\">El conflicto en torno a la <a href=\"https:\/\/elpais.com\/cultura\/2015\/12\/23\/babelia\/1450892280_876379.html\" target=\"_blank\" rel=\"noreferrer nofollow noopener\" title=\"https:\/\/elpais.com\/cultura\/2015\/12\/23\/babelia\/1450892280_876379.html\">presencia del lobo<\/a> encarna tambi\u00e9n esa enorme distancia entre el campo y la ciudad. Saber que esos magn\u00edficos y bellos depredadores han ganado el espacio perdido durante d\u00e9cadas de caza salvaje es, sin duda, una excelente noticia. Mirar una monta\u00f1a, y saber que el lobo est\u00e1 ah\u00ed en alguna parte, agazapado y sigiloso, resulta emocionante para cualquier visitante. Pero, para los ganaderos, los ataques de los lobos se han convertido en un problema creciente que pone en peligro la ganader\u00eda extensiva, que no solo es m\u00e1s ecol\u00f3gica que la intensiva, sino que adem\u00e1s es muy \u00fatil para combatir los incendios \u2014la yerba comida por las vacas hace m\u00e1s dif\u00edcil que prenda y avance el fuego\u2014. <\/p>\n<p><img decoding=\"auto\" class=\"_re lazyload a_m-h\" height=\"233\"  width=\"414\"  src=\"https:\/\/www.europesays.com\/es\/wp-content\/uploads\/2025\/10\/UUT3DEW5QVBSDFH4F2EJJHK5WY.jpg\" loading=\"lazy\"\/>Un bosque en la Sierra de Gredos.Ra\u00fal Ortega Marinas (Getty Images\/iStockphoto)<\/p>\n<p class=\"\">\u201cEl lobo es un elemento fundamentalmente simb\u00f3lico\u201d, explica Fraile, que es tambi\u00e9n ensayista, poeta \u2014es autora de cinco poemarios\u2014 y colaboradora de EL PA\u00cdS. \u201cExiste una historia enorme de simbolismo en torno al lobo, est\u00e1 en nuestro ADN, hay mucha presencia en la literatura, y es un animal esencial de las culturas <a href=\"https:\/\/elpais.com\/babelia\/2023-12-30\/el-ano-del-descubrimiento-de-la-cultura-nativa-americana.html\" target=\"_blank\" rel=\"noreferrer nofollow noopener\" title=\"https:\/\/elpais.com\/babelia\/2023-12-30\/el-ano-del-descubrimiento-de-la-cultura-nativa-americana.html\">nativas americanas<\/a>\u201d. Y relata una historia que le ocurri\u00f3 con unos amigos en su pueblo: \u201cCuando vinimos a vivir aqu\u00ed, hab\u00eda una lobera, una zona donde los lobos estaban en un espacio enorme, en semilibertad, por lo que no siempre los ve\u00edas. Un d\u00eda fuimos varias personas y los pudimos ver muy cerca. Al d\u00eda siguiente todos hab\u00edamos so\u00f1ado con los lobos. En mi caso, me estaban hablando, dec\u00edan que les sac\u00e1semos de ah\u00ed. He querido trasladar esa presencia a la novela\u201d. <\/p>\n<p class=\"\">\u201cCreo que hay diferencias en la percepci\u00f3n del lobo en entornos urbanos, donde es m\u00e1s un animal m\u00edtico, un tanto antropomorfizado como tendemos a hacer con todos los animales \u00faltimamente, y rurales, donde constituye una amenaza para los reba\u00f1os, un depredador, incluso una alima\u00f1a en el pasado. Pero no creo que sea totalmente generalizable porque el peso simb\u00f3lico es importante independientemente del territorio, y mucha de la gente de campo que tiene contacto con ellos siente verdadera admiraci\u00f3n por la astucia, la elegancia y esa cosa como de otro mundo que tiene ese animal. En todo caso, y esa es la potencia del uso del lobo como elemento metaf\u00f3rico en la novela, nos cuesta mucho con este animal desligar leyenda y realidad. Algo literariamente muy interesante\u201d.<\/p>\n<p><img decoding=\"auto\" class=\"_re lazyload a_m-v\" height=\"510\"  width=\"414\"  src=\"https:\/\/www.europesays.com\/es\/wp-content\/uploads\/2025\/10\/W3J2GFL7LZEGHG7JJLBNCATIT4.jpg\" loading=\"lazy\"\/>Pilar Fraile.<\/p>\n<p class=\"\">\u201cEl bosque impone, eso es un elemento central en la novela\u201d, prosigue Fraile, que bucea en sus propios recuerdos de una naturaleza que, como vemos cada vez con mayor frecuencia en Espa\u00f1a a causa del cambio clim\u00e1tico, es un espacio que puede resultar muy peligroso, como dejan claro los incendios e inundaciones. Aquellos que viven en zonas rurales sienten un respeto por el bosque y el monte \u2014y tambi\u00e9n un conocimiento\u2014 del que carecen muchas veces los que solo ven la naturaleza como un lugar de ocio y paseo. El experto en monta\u00f1ismo de EL PA\u00cdS Oscar Gogorza explicaba en <a href=\"https:\/\/elpais.com\/deportes\/el-montanista\/2025-08-04\/un-verano-demencial-en-los-alpes-italianos-83-muertes-en-un-solo-mes.html\" rel=\"nofollow noopener\" target=\"_blank\">una cr\u00f3nica en agosto<\/a> que, entre el 21 de junio y el 23 de julio, 83 personas hab\u00edan fallecido en <a href=\"https:\/\/elpais.com\/elviajero\/viajes\/2024-10-29\/explorando-el-sur-de-los-alpes-entre-paisajes-espectaculares.html\" rel=\"nofollow noopener\" target=\"_blank\">los Alpes italianos<\/a>, un 20% m\u00e1s de lo habitual. La inmensa mayor\u00eda eran senderistas, que hab\u00edan minusvalorado el peligro que puede representar la monta\u00f1a. <\/p>\n<p class=\"\">\u201cDesde el principio, en la novela se baraja que el ni\u00f1o perdido est\u00e1 en el r\u00edo y eso lo he vivido. El Tormes no es un r\u00edo especialmente caudaloso, pero es muy salvaje porque la Sierra de Gredos tiene monta\u00f1as muy abruptas y crecidas muy fuertes y repentinas. La gente del pueblo las conoc\u00eda muy bien, pero los for\u00e1neos no, y recuerdo que desaparecieron un padre y un hijo. Se perdieron y aparecieron muertos en una presa unos kil\u00f3metros m\u00e1s abajo. A nadie que sea de campo se le ocurre ir de noche al monte, ni meterse por sitios que no conozcan. La naturaleza no es juguete, el r\u00edo no es un juguete. La naturaleza es as\u00ed y con el cambio clim\u00e1tico las cosas se complican mucho: si hace mucho sol, no hay que subir. C\u00f3mo hemos podido perder tan r\u00e1pido esos saberes: hemos perdido en tres o cuatro d\u00e9cadas un conocimiento de milenios\u201d. <\/p>\n","protected":false},"excerpt":{"rendered":"El entorno rural que retrata Pilar Fraile (Salamanca, 50 a\u00f1os) en su \u00faltima novela, Las leyes de la&hellip;\n","protected":false},"author":2,"featured_media":158837,"comment_status":"","ping_status":"","sticky":false,"template":"","format":"standard","meta":{"footnotes":""},"categories":[172],"tags":[3685,28347,224,12341,1295,209,1800,3662,146,147,25,1598,24,225,14913,12971,5206,47310,47311,47309,23],"class_list":{"0":"post-158836","1":"post","2":"type-post","3":"status-publish","4":"format-standard","5":"has-post-thumbnail","7":"category-libros","8":"tag-animales","9":"tag-arboles","10":"tag-books","11":"tag-bosques","12":"tag-cambio-climatico","13":"tag-cultura","14":"tag-ecologia","15":"tag-editoriales","16":"tag-entertainment","17":"tag-entretenimiento","18":"tag-es","19":"tag-escritores","20":"tag-espana","21":"tag-libros","22":"tag-lobos","23":"tag-montanas","24":"tag-novela-negra","25":"tag-novela-policiaca","26":"tag-sierra-gredos","27":"tag-sistema-central","28":"tag-spain"},"share_on_mastodon":{"url":"","error":""},"_links":{"self":[{"href":"https:\/\/www.europesays.com\/es\/wp-json\/wp\/v2\/posts\/158836","targetHints":{"allow":["GET"]}}],"collection":[{"href":"https:\/\/www.europesays.com\/es\/wp-json\/wp\/v2\/posts"}],"about":[{"href":"https:\/\/www.europesays.com\/es\/wp-json\/wp\/v2\/types\/post"}],"author":[{"embeddable":true,"href":"https:\/\/www.europesays.com\/es\/wp-json\/wp\/v2\/users\/2"}],"replies":[{"embeddable":true,"href":"https:\/\/www.europesays.com\/es\/wp-json\/wp\/v2\/comments?post=158836"}],"version-history":[{"count":0,"href":"https:\/\/www.europesays.com\/es\/wp-json\/wp\/v2\/posts\/158836\/revisions"}],"wp:featuredmedia":[{"embeddable":true,"href":"https:\/\/www.europesays.com\/es\/wp-json\/wp\/v2\/media\/158837"}],"wp:attachment":[{"href":"https:\/\/www.europesays.com\/es\/wp-json\/wp\/v2\/media?parent=158836"}],"wp:term":[{"taxonomy":"category","embeddable":true,"href":"https:\/\/www.europesays.com\/es\/wp-json\/wp\/v2\/categories?post=158836"},{"taxonomy":"post_tag","embeddable":true,"href":"https:\/\/www.europesays.com\/es\/wp-json\/wp\/v2\/tags?post=158836"}],"curies":[{"name":"wp","href":"https:\/\/api.w.org\/{rel}","templated":true}]}}