{"id":158838,"date":"2025-10-06T03:48:13","date_gmt":"2025-10-06T03:48:13","guid":{"rendered":"https:\/\/www.europesays.com\/es\/158838\/"},"modified":"2025-10-06T03:48:13","modified_gmt":"2025-10-06T03:48:13","slug":"con-fanfarria-un-filme-frances-para-amantes-del-cine","status":"publish","type":"post","link":"https:\/\/www.europesays.com\/es\/158838\/","title":{"rendered":"\u00abCon fanfarria\u00bb, un filme franc\u00e9s, para Amantes del Cine"},"content":{"rendered":"\n<p>Una historia emotiva sobre fraternidad, segundas oportunidades y el poder transformador de la m\u00fasica se proyectar\u00e1 este viernes y domingo en el Cine Visual, desde las 19.30. Entradas de manera anticipada, en boleter\u00eda. Por ser una proyecci\u00f3n de cine arte, solo se podr\u00e1 ingresar a la sala con celulares apagados y sin alimentos.<\/p>\n<p> 05:00 | 02\/10\/2025 <\/p>\n<ul class=\"social__list\">\n<li class=\"social__item\">   <\/li>\n<li class=\"social__item\">  <img decoding=\"async\" width=\"29px\" height=\"29px\" src=\"https:\/\/www.europesays.com\/es\/wp-content\/uploads\/2025\/08\/logox.png\" on=\"tap:AMP.setState({lightboxOpen: false})\"\/>  <\/li>\n<li class=\"social__item wpp\">   <\/li>\n<li class=\"copy__item\" id=\"copybtn\"> <img decoding=\"async\" id=\"copyimage\" src=\"https:\/\/www.lanueva.com\/img\/copyimg.svg\"\/> <\/li>\n<li class=\"copied\" id=\"copied\"> copiado al portapapeles <\/li>\n<\/ul>\n<p>Continuando con sus proyecciones de cine de calidad y cine de autor para cin\u00e9filos, esta semana el C\u00edrculo de Amantes Del cine estrenar\u00e1 la nueva obra del realizador franc\u00e9s Emmanuel Courcol: \u00abCon fanfarria\u00bb.<br \/>Courcol (1967) es Actor, Director y Guionista. Iniciado en la actuaci\u00f3n comez\u00f3 a escribir guiones para varios directores y realiz\u00f3 su primer cortometraje \u00abG\u00e9raldine te amo\u00bb en 2012. Su primer largo fue \u00abAlto el fuego\u00bb (2015) al que le sigui\u00f3 \u00abUn triunfo\u00bb (2020) en su momento estrenado aqu\u00ed por los Amantes Del Cine.<\/p>\n<p>En el argumento de \u00abCon fanfarria\u00bb, Thibaut, un c\u00e9lebre director de orquesta, descubre que fue adoptado y que tiene un hermano perdido, Jimmy, que trabaja en un comedor escolar y toca el tromb\u00f3n en una peque\u00f1a fanfarria del norte de Francia. Aunque todo parece separarlos, el amor por la m\u00fasica los une. Thibaut ve en Jimmy un talento excepcional y decide ayudarlo a cambiar su destino. Una historia emotiva sobre fraternidad, segundas oportunidades y el poder transformador de la m\u00fasica.<br \/>&#8211; Premio de la audiencia en el Festival De San Sebasti\u00e1n 2024.<br \/>&#8211; Nominada a 7 Premios C\u00e9sar 2025.<br \/>El C\u00edrculo de Amantes Del Cine es un grupo de amantes del cine que se re\u00fane desde 2017 en el \u00abtemplo del sue\u00f1os\u00bb gracias a la cortes\u00eda de la Empresa Cinematogr\u00e1fica Amodeo propietaria de la sala, para participar del rito que es El Cine. Se trata de estrenos destinado a cin\u00e9filos\u00a0 que da tambi\u00e9n la bienvenida al p\u00fablico que desee sumarse para so\u00f1ar juntos <strong>bajo la condici\u00f3n\u00a0de apagar los celulares\/smartphones,<\/strong> es decir sin ruidos ni luces que alteren la\u00a0fuerza hipn\u00f3tica inmersiva que el\u00a0s\u00e9ptimo arte produce y, de m\u00e1s est\u00e1 se\u00f1alar: sin pochoclos.<br \/>\u00abEn fanfarria\u00bb se estrenar\u00e1 el Viernes 3 y domingo 5 de octubre en el Cine Visual,a las 19:30 (inicio puntual).<br \/>Debido a la gran asistencia de p\u00fablico se ruega concurrir con al menos 15 minutos de antelaci\u00f3n y evitar pagos electr\u00f3nicos si hay cola en boleter\u00eda. Las entradas pueden adquirirse en forma anticipada a partir de los d\u00edas jueves, en cualquier momento, en la boleter\u00eda del cine. <\/p>\n<p class=\"newsletter__titulo\"> Recib\u00ed los Newsletters de La Nueva sin costo <\/p>\n<p>  {{msj}}  <\/p>\n<p>  {{msj}}  <\/p>\n","protected":false},"excerpt":{"rendered":"Una historia emotiva sobre fraternidad, segundas oportunidades y el poder transformador de la m\u00fasica se proyectar\u00e1 este viernes&hellip;\n","protected":false},"author":2,"featured_media":158839,"comment_status":"","ping_status":"","sticky":false,"template":"","format":"standard","meta":{"footnotes":""},"categories":[169],"tags":[177,146,147,25,24,176,175,23],"class_list":{"0":"post-158838","1":"post","2":"type-post","3":"status-publish","4":"format-standard","5":"has-post-thumbnail","7":"category-cine","8":"tag-cine","9":"tag-entertainment","10":"tag-entretenimiento","11":"tag-es","12":"tag-espana","13":"tag-film","14":"tag-movies","15":"tag-spain"},"share_on_mastodon":{"url":"","error":""},"_links":{"self":[{"href":"https:\/\/www.europesays.com\/es\/wp-json\/wp\/v2\/posts\/158838","targetHints":{"allow":["GET"]}}],"collection":[{"href":"https:\/\/www.europesays.com\/es\/wp-json\/wp\/v2\/posts"}],"about":[{"href":"https:\/\/www.europesays.com\/es\/wp-json\/wp\/v2\/types\/post"}],"author":[{"embeddable":true,"href":"https:\/\/www.europesays.com\/es\/wp-json\/wp\/v2\/users\/2"}],"replies":[{"embeddable":true,"href":"https:\/\/www.europesays.com\/es\/wp-json\/wp\/v2\/comments?post=158838"}],"version-history":[{"count":0,"href":"https:\/\/www.europesays.com\/es\/wp-json\/wp\/v2\/posts\/158838\/revisions"}],"wp:featuredmedia":[{"embeddable":true,"href":"https:\/\/www.europesays.com\/es\/wp-json\/wp\/v2\/media\/158839"}],"wp:attachment":[{"href":"https:\/\/www.europesays.com\/es\/wp-json\/wp\/v2\/media?parent=158838"}],"wp:term":[{"taxonomy":"category","embeddable":true,"href":"https:\/\/www.europesays.com\/es\/wp-json\/wp\/v2\/categories?post=158838"},{"taxonomy":"post_tag","embeddable":true,"href":"https:\/\/www.europesays.com\/es\/wp-json\/wp\/v2\/tags?post=158838"}],"curies":[{"name":"wp","href":"https:\/\/api.w.org\/{rel}","templated":true}]}}