{"id":158842,"date":"2025-10-06T03:50:08","date_gmt":"2025-10-06T03:50:08","guid":{"rendered":"https:\/\/www.europesays.com\/es\/158842\/"},"modified":"2025-10-06T03:50:08","modified_gmt":"2025-10-06T03:50:08","slug":"tres-investigaciones-pioneras-en-salud-mental-2","status":"publish","type":"post","link":"https:\/\/www.europesays.com\/es\/158842\/","title":{"rendered":"tres investigaciones pioneras en salud mental"},"content":{"rendered":"<p class=\"paragraph\">La salud mental se ha convertido en uno de los grandes retos sanitarios del siglo XXI, con un impacto creciente en personas de cualquier edad, g\u00e9nero o condici\u00f3n social, tendencia que la pandemia de COVID-19 no hizo m\u00e1s que acelerar.\u00a0Tradicionalmente relegada a un segundo plano, la salud mental empieza a ocupar un lugar central en la agenda sanitaria y social. Ante esta realidad, la Fundaci\u00f3n \u201cla Caixa\u201d reafirma su compromiso con la investigaci\u00f3n como herramienta clave para mejorar el diagn\u00f3stico y el tratamiento de estas patolog\u00edas.<\/p>\n<p class=\"paragraph\">Los problemas de salud mental est\u00e1n considerados una de las epidemias de este siglo y las cifras no dejan de aumentar. En Espa\u00f1a, una de cada tres personas padece alg\u00fan problema de salud mental, proporci\u00f3n que llega hasta el 40% de los mayores de 50 a\u00f1os y a la mitad de los mayores de 85. As\u00ed lo refleja el \u00faltimo <a href=\"https:\/\/www.sanidad.gob.es\/estadEstudios\/estadisticas\/sisInfSanSNS\/tablasEstadisticas\/InfAnualSNS2023\/INFORME_ANUAL_2023.pdf\" target=\"_blank\" rel=\"nofollow noopener noreferrer\">Informe anual del Sistema Nacional de Salud 2023<\/a> del Ministerio de Sanidad, que apunta que los trastornos m\u00e1s comunes son los de ansiedad, del sue\u00f1o y depresivos. En concreto, los trastornos de ansiedad afectan al 10% de la poblaci\u00f3n, aunque al doble de mujeres (14%) que de hombres (7%).<\/p>\n<p class=\"paragraph\">La presencia de estos trastornos ha ido en aumento desde el a\u00f1o 2016 y se ha agudizado a partir la pandemia de COVID-19, sobre todo en la poblaci\u00f3n m\u00e1s joven. Por ello y con el objetivo de sensibilizar a la sociedad, luchar contra el estigma y promover iniciativas de prevenci\u00f3n, cada 10 de octubre se celebra el D\u00eda Mundial de la Salud Mental.\u00a0<\/p>\n<p class=\"paragraph\">En el actual contexto social y sanitario, el aumento de los trastornos mentales hace m\u00e1s imprescindible que nunca poner de relieve el papel de la investigaci\u00f3n cient\u00edfica. Esta es esencial para comprender las causas, identificar los factores de riesgo y protecci\u00f3n, y mejorar el diagn\u00f3stico y el tratamiento. Adem\u00e1s, la investigaci\u00f3n permite visibilizar la complejidad de la salud mental, combatir el estigma y ofrecer respuestas, contribuyendo as\u00ed a mejorar la calidad de vida de las personas afectadas.<\/p>\n<p><b>Prevenir el suicidio<\/b><\/p>\n<p class=\"paragraph\">El suicidio es una de las tres principales causas de mortalidad en todo el mundo: provoca m\u00e1s de un mill\u00f3n de fallecimientos cada a\u00f1o. En el 90% de los casos, la persona sufr\u00eda alg\u00fan tipo de enfermedad mental, seg\u00fan la <a href=\"https:\/\/cermi.es\/noticia\/feafes-confederacion-espanola-de-agrupaciones-de-familiares-y-personas-con-enfermedad-mental\" target=\"_blank\" rel=\"nofollow noopener noreferrer\">Confederaci\u00f3n Espa\u00f1ola de Agrupaciones de Familiares y Personas con Enfermedad Mental<\/a>.<\/p>\n<p class=\"paragraph\">En Europa, el suicidio supone una de las principales causas de muerte en menores de 35 a\u00f1os y en el mundo es ya la segunda causa de muerte en personas de entre 15 y 29 a\u00f1os. Un importante porcentaje de las personas que intentan suicidarse sin conseguirlo vuelve a intentarlo durante el a\u00f1o siguiente.<\/p>\n<p class=\"paragraph\">Por ello, emprender intervenciones basadas en la evidencia cient\u00edfica podr\u00eda prevenir muchas de esas muertes. Ese es precisamente el objetivo que persigue un\u00a0<a href=\"https:\/\/caixaresearch.org\/es\/convocatoria-caixaresearch-investigacion-salud-2023-proyecto-prevenir-suicidio\" target=\"_blank\" rel=\"nofollow noopener noreferrer\">proyecto apoyado por las ayudas CaixaResearch de Investigaci\u00f3n en Salud de 2023<\/a>\u00a0y liderado por el doctor Enrique Baca-Garc\u00eda, jefe corporativo del Departamento de Psiquiatr\u00eda y Psicolog\u00eda Cl\u00ednica de los hospitales del Grupo Quir\u00f3nsalud integrados en el Servicio Madrile\u00f1o de Salud (Sermas).<\/p>\n<p class=\"paragraph\">Seg\u00fan explica este experto, lo que hacen los investigadores del proyecto, \u00absiempre con el consentimiento del paciente y la familia, es emplear los tel\u00e9fonos m\u00f3viles para evaluar la efectividad de combinar distintas fuentes de informaci\u00f3n con el fin de prevenir los intentos de suicidio y definir el perfil de los pacientes que reinciden\u00bb.<\/p>\n<p class=\"paragraph\">Actualmente, los tel\u00e9fonos m\u00f3viles permiten preguntar a las personas en riesgo de suicidio c\u00f3mo se sienten en cada momento y en qu\u00e9 entorno se encuentran.<\/p>\n<p><img loading=\"lazy\" decoding=\"async\" class=\"wp-image-3750569 size-full\" src=\"https:\/\/www.europesays.com\/es\/wp-content\/uploads\/2025\/10\/68cbe4a810019.r_d.750-1000-4667.jpeg\" alt=\"\" width=\"700\" height=\"944\"  \/>Enrique Baca-Garc\u00eda, jefe corporativo del Departamento de Psiquiatr\u00eda y Psicolog\u00eda Cl\u00ednica de los hospitales del grupo Quir\u00f3nsalud integrados en el Servicio Madrile\u00f1o de Salud. \u00a9Javier P\u00e9rez. Fundaci\u00f3n \u201dla Caixa\u201d<\/p>\n<p class=\"paragraph\">Adem\u00e1s, la tecnolog\u00eda permite utilizar sensores integrados en el m\u00f3vil para registrar el comportamiento de las personas en riesgo. \u00abEl algoritmo analiza los datos para identificar patrones de conducta, como los horarios de sue\u00f1o, trabajo y actividad f\u00edsica. Cuando se detectan desviaciones significativas, el sistema alerta sobre cambios dr\u00e1sticos en los h\u00e1bitos, como dormir menos o salir m\u00e1s\u00bb, a\u00f1ade. Adem\u00e1s, se ha creado tambi\u00e9n un aviso con un plan de seguridad que ofrece estrategias para evitar los pensamientos o las conductas suicidas.<\/p>\n<p>Enrique Baca-Garc\u00eda: \u00abEn tres meses, hemos conseguido reducir a la mitad los intentos suicidas. A largo plazo, buscamos reducir los fallecimientos en un 75%\u00bb.<\/p>\n<p class=\"paragraph\">En el estudio que se est\u00e1 llevando a cabo participan siete hospitales espa\u00f1oles de cuatro comunidades aut\u00f3nomas distintas. \u00abEstos hospitales tienen un \u00e1rea de influencia que cubre entre el 5 y el 10% de la poblaci\u00f3n espa\u00f1ola, lo que garantiza una muestra representativa y un tama\u00f1o muestral de entre 1.200 y 1.800 participantes\u00bb, apunta Garc\u00eda-Baca.<\/p>\n<p class=\"paragraph\">La monitorizaci\u00f3n en tiempo real frente a los m\u00e9todos m\u00e1s tradicionales de evaluaci\u00f3n aporta numerosas ventajas. \u00abHemos visto que con estas herramientas es m\u00e1s f\u00e1cil detectar el cambio comportamental del paciente para poder intervenir. Adem\u00e1s, hay que tener en cuenta que estas personas tienen dificultades para reconocer sus propios s\u00edntomas\u00bb.<\/p>\n<p class=\"paragraph\">Los resultados preliminares de este trabajo permiten a los investigadores y m\u00e9dicos ser optimistas. \u00abHemos conseguido en tres meses reducir a la mitad los intentos suicidas, lo que es un dato muy prometedor. Vamos a ver si a medio y largo plazo estas cifras tan buenas se mantienen y conseguimos de manera global reducir los fallecimientos en un 75%\u00bb, detalla Garc\u00eda-Baca.<\/p>\n<p><b>Depresi\u00f3n: en busca de nuevas dianas terap\u00e9uticas<\/b><\/p>\n<p class=\"paragraph\">La depresi\u00f3n es un problema de salud mental que afecta a m\u00e1s de 300 millones de personas en el mundo, de las cuales el 65% recae despu\u00e9s del tratamiento.<\/p>\n<p class=\"paragraph\">Seg\u00fan explica Jo\u00e3o Filipe Oliveira, investigador del\u00a0<a href=\"https:\/\/icvs.uminho.pt\/\" target=\"_blank\" rel=\"nofollow noopener noreferrer\">Life and Health Sciences Research Institute<\/a>, de la Universidade do Minho (Portugal), \u00aben estos momentos contamos con pocas novedades farmacol\u00f3gicas para la depresi\u00f3n. En numerosas ocasiones, los tratamientos no son eficaces y, de hecho, para el 20-30% de los pacientes no encontramos ninguna combinaci\u00f3n que funcione. Por eso sigue siendo una enfermedad tan prevalente, a lo que hay que a\u00f1adir que a\u00fan sabemos poco sobre los mecanismos que la originan\u00bb.<\/p>\n<p class=\"paragraph\">Aunque la base neurol\u00f3gica completa de la depresi\u00f3n es desconocida, el trastorno se correlaciona con alteraciones de la funci\u00f3n neuronal en la regi\u00f3n del sistema l\u00edmbico y cortical del cerebro. A este respecto, un equipo de cient\u00edficos apoyado por la\u00a0<a href=\"https:\/\/caixaresearch.org\/es\/convocatoria-caixaresearch-investigacion-salud-2021-proyecto-terapias-depresion\" target=\"_blank\" rel=\"nofollow noopener noreferrer\">convocatoria CaixaResearch de Investigaci\u00f3n en Salud de 2021<\/a>\u00a0y liderado por el doctor Oliveira trabaja actualmente para comprender el origen de esta enfermedad y poder as\u00ed identificar nuevas dianas terap\u00e9uticas.<\/p>\n<p class=\"paragraph\">En situaciones de estr\u00e9s cr\u00f3nico, los astrocitos, c\u00e9lulas gliales del cerebro, reaccionan al exceso de glutamato, cosa que parece influir en la sobreestimulaci\u00f3n de las neuronas y causar los s\u00edntomas. Seg\u00fan el investigador, \u00abuna de las causas de la depresi\u00f3n es la persistencia de los efectos del estr\u00e9s cr\u00f3nico en la vida de una persona. No es la \u00fanica causa, pero s\u00ed una de ellas. Por eso, decidimos usar estos modelos de estr\u00e9s para abordar los interrogantes de esta enfermedad\u00bb.<\/p>\n<p><img loading=\"lazy\" decoding=\"async\" class=\"wp-image-3750570 size-large\" src=\"https:\/\/www.europesays.com\/es\/wp-content\/uploads\/2025\/10\/68cc1d27294e2-1024x592.jpeg\" alt=\"\" width=\"996\" height=\"576\"  \/>Jo\u00e3o Filipe Oliveira (Universidade do Minho, Portugal), investigador del proyecto Entender el origen de la depresi\u00f3n para identificar nuevas dianas terap\u00e9uticas de la convocatoria CaixaResearch de Investigaci\u00f3n en Salud de 2021. \u00a9Imagen cedida<br \/>\nJo\u00e3o Filipe Oliveira: \u00abUna de las causas de la depresi\u00f3n es la persistencia de los efectos del estr\u00e9s cr\u00f3nico en la vida de una persona\u00bb.<\/p>\n<p class=\"paragraph\">Los investigadores han descubierto que los astrocitos juegan un papel clave en la evoluci\u00f3n de los s\u00edntomas de la depresi\u00f3n. \u00abHemos visto que, cuando silenciamos funciones espec\u00edficas de los astrocitos, los ratones muestran resistencia al desarrollo de la enfermedad\u00bb, declara Oliveira.<\/p>\n<p class=\"paragraph\">De este modo, a\u00f1ade, \u00abes muy sorprendente que, solo manipulando este tipo celular, sin tocar las neuronas directamente, seamos capaces de inducir cambios en la progresi\u00f3n de la enfermedad. Por tanto, si manipul\u00e1ramos la actividad de los astrocitos podr\u00edamos cambiar la forma en que progresa la enfermedad. Tenemos muchas esperanzas de desarrollar nuevas posibilidades terap\u00e9uticas en un futuro\u00bb.<\/p>\n<p><b>Microbiota y salud mental<\/b><\/p>\n<p class=\"paragraph\">En la carrera por encontrar nuevos tratamientos para las enfermedades mentales est\u00e1 adquiriendo gran importancia en los \u00faltimos a\u00f1os el estudio de la microbiota intestinal. Hablamos del conjunto de microorganismos que viven en nuestro intestino y que abre un nuevo horizonte de conocimiento en torno a la conexi\u00f3n entre microbiota y cerebro.<\/p>\n<p class=\"paragraph\">Consciente de la importancia de avanzar en este campo, la Fundaci\u00f3n \u201dla Caixa\u201d otorg\u00f3 en 2024 una\u00a0<a href=\"https:\/\/fundacionlacaixa.org\/es\/becas-posdoctorado-junior-leader\" target=\"_blank\" rel=\"nofollow noopener noreferrer\">beca de posdoctorado Junior Leader<\/a>\u00a0a la doctora\u00a0<a href=\"https:\/\/becarios.fundacionlacaixa.org\/es\/web\/guest\/becarios\/mireia-valles-colomer-B006237\" target=\"_blank\" rel=\"nofollow noopener noreferrer\">Mireia Vall\u00e8s-Colomer<\/a>, investigadora principal de un equipo que explora esta conexi\u00f3n en el\u00a0<a href=\"https:\/\/www.upf.edu\/web\/microbiome\" target=\"_blank\" rel=\"nofollow noopener noreferrer\">Microbiome Research Group<\/a>\u00a0de la Universidad Pompeu Fabra.<\/p>\n<p class=\"paragraph\">Tal y como explica la experta, \u00abpor un lado, estamos investigando el metabolismo microbiano de compuestos neuroactivos, y adem\u00e1s intentamos ir un paso m\u00e1s all\u00e1 para ver c\u00f3mo se transmite la microbiota en la poblaci\u00f3n. Sabemos que durante los primeros a\u00f1os de vida adquirimos los primeros miembros de nuestro microbioma de nuestras madres, pero luego esta transmisi\u00f3n se complementa con la de otros individuos que est\u00e1n cerca de nosotros. Adem\u00e1s, tambi\u00e9n hay transmisi\u00f3n por parte de las mascotas que tenemos en casa\u00bb.<\/p>\n<p class=\"paragraph\">Estudios recientes han mostrado variaciones caracter\u00edsticas en el microbioma intestinal de personas con depresi\u00f3n en el que algunas bacterias implicadas son productoras de metabolitos como el glutamato, el butirato, la serotonina y el \u00e1cido gamma-aminobut\u00edrico (GABA), sustancias con una potente acci\u00f3n neurol\u00f3gica. \u00abSabemos que las personas con depresi\u00f3n tienen menor abundancia de bacterias que producen butirato, por lo que con una intervenci\u00f3n podr\u00edan mejorar, pero no sabemos todav\u00eda de manera personalizada si esto va a funcionar en todos los pacientes\u00bb, relata Mireia Vall\u00e8s.<\/p>\n<p>Mireia Vall\u00e8s-Colomer: \u00abSabemos que las personas con depresi\u00f3n tienen menor abundancia de bacterias que producen butirato, por lo que con una intervenci\u00f3n podr\u00edan mejorar\u00bb.<\/p>\n<p class=\"paragraph\">Seg\u00fan la doctora, con el avance de las investigaciones en este campo se podr\u00edan desarrollar en el futuro tratamientos psiqui\u00e1tricos basados en la modulaci\u00f3n del microbioma. \u00abEl objetivo \u00faltimo de estos estudios ser\u00eda poder encontrar biomarcadores para mejorar el diagn\u00f3stico y el tratamiento de enfermedades mentales como la depresi\u00f3n\u00bb, concluye.<\/p>\n<p><img loading=\"lazy\" decoding=\"async\" class=\"wp-image-3750571 size-full\" src=\"https:\/\/www.europesays.com\/es\/wp-content\/uploads\/2025\/10\/68cbe5e0bf9dd.r_d.667-1000-5251.jpeg\" alt=\"\" width=\"700\" height=\"944\"  \/>Mireia Vall\u00e8s-Colomer es la investigadora principal del Microbiome Research Group en el Departamento de Medicina y Ciencias de la Vida de la Universidad Pompeu Fabra. \u00a9Adri\u00e1n Quiroga. Fundaci\u00f3n \u201dla Caixa\u201d<\/p>\n<p class=\"paragraph\">La investigaci\u00f3n cient\u00edfica se ha convertido en un pilar imprescindible para afrontar los grandes retos de la salud mental. Desde la prevenci\u00f3n del suicidio hasta la b\u00fasqueda de nuevas dianas terap\u00e9uticas contra la depresi\u00f3n, pasando por la exploraci\u00f3n de los v\u00ednculos entre la microbiota intestinal y los trastornos mentales, estos proyectos abren v\u00edas esperanzadoras que hace apenas unos a\u00f1os parec\u00edan inalcanzables.<\/p>\n<p class=\"paragraph\">Al mismo tiempo, comprender c\u00f3mo se entrelazan los factores biol\u00f3gicos con los determinantes sociales resulta crucial para dise\u00f1ar intervenciones realmente efectivas. Este ser\u00e1 el eje del pr\u00f3ximo debate de CaixaResearch, \u00ab<a href=\"https:\/\/caixaresearch.org\/es\/debates-caixaresearch-salud-mental\" target=\"_blank\" rel=\"nofollow noopener noreferrer\">Salud mental: la gran asignatura pendiente<\/a>\u00bb, que se celebrar\u00e1 el 22 de octubre a las 19 horas y contar\u00e1 con la participaci\u00f3n del doctor Enrique Baca-Garc\u00eda, entre otros especialistas.<\/p>\n<p class=\"paragraph\">Lo que parece indiscutible es que cuidar la salud mental exige recursos, compromiso e innovaci\u00f3n. Y es en la ciencia donde se encuentra la clave: es el camino m\u00e1s s\u00f3lido para transformar el futuro y ofrecer a millones de personas la oportunidad de llevar una vida m\u00e1s plena.<\/p>\n","protected":false},"excerpt":{"rendered":"La salud mental se ha convertido en uno de los grandes retos sanitarios del siglo XXI, con un&hellip;\n","protected":false},"author":2,"featured_media":158843,"comment_status":"","ping_status":"","sticky":false,"template":"","format":"standard","meta":{"footnotes":""},"categories":[92],"tags":[1924,2670,25,24,33272,165,166,4474,23],"class_list":{"0":"post-158842","1":"post","2":"type-post","3":"status-publish","4":"format-standard","5":"has-post-thumbnail","7":"category-salud","8":"tag-branded-content","9":"tag-cerebro","10":"tag-es","11":"tag-espana","12":"tag-fundacion-la-caixa","13":"tag-health","14":"tag-salud","15":"tag-salud-mental","16":"tag-spain"},"share_on_mastodon":{"url":"","error":""},"_links":{"self":[{"href":"https:\/\/www.europesays.com\/es\/wp-json\/wp\/v2\/posts\/158842","targetHints":{"allow":["GET"]}}],"collection":[{"href":"https:\/\/www.europesays.com\/es\/wp-json\/wp\/v2\/posts"}],"about":[{"href":"https:\/\/www.europesays.com\/es\/wp-json\/wp\/v2\/types\/post"}],"author":[{"embeddable":true,"href":"https:\/\/www.europesays.com\/es\/wp-json\/wp\/v2\/users\/2"}],"replies":[{"embeddable":true,"href":"https:\/\/www.europesays.com\/es\/wp-json\/wp\/v2\/comments?post=158842"}],"version-history":[{"count":0,"href":"https:\/\/www.europesays.com\/es\/wp-json\/wp\/v2\/posts\/158842\/revisions"}],"wp:featuredmedia":[{"embeddable":true,"href":"https:\/\/www.europesays.com\/es\/wp-json\/wp\/v2\/media\/158843"}],"wp:attachment":[{"href":"https:\/\/www.europesays.com\/es\/wp-json\/wp\/v2\/media?parent=158842"}],"wp:term":[{"taxonomy":"category","embeddable":true,"href":"https:\/\/www.europesays.com\/es\/wp-json\/wp\/v2\/categories?post=158842"},{"taxonomy":"post_tag","embeddable":true,"href":"https:\/\/www.europesays.com\/es\/wp-json\/wp\/v2\/tags?post=158842"}],"curies":[{"name":"wp","href":"https:\/\/api.w.org\/{rel}","templated":true}]}}