{"id":158851,"date":"2025-10-06T03:56:17","date_gmt":"2025-10-06T03:56:17","guid":{"rendered":"https:\/\/www.europesays.com\/es\/158851\/"},"modified":"2025-10-06T03:56:17","modified_gmt":"2025-10-06T03:56:17","slug":"recoletas-burgos-caja-rural-asalta-pepe-rojo-y-cr-liceo-frances-regresa-a-lo-grande-real-federacion-espanola-de-rugby","status":"publish","type":"post","link":"https:\/\/www.europesays.com\/es\/158851\/","title":{"rendered":"Recoletas Burgos Caja Rural asalta Pepe Rojo y CR Liceo Franc\u00e9s regresa a lo grande &#8211; Real Federaci\u00f3n Espa\u00f1ola de Rugby"},"content":{"rendered":"<ol>\n<li><a href=\"https:\/\/news.google.com\/rss\/articles\/CBMipgFBVV95cUxONkZNNXRQTXY0ZXAzOVBwUTBIMEZVT3lLYVJVZG4tVjRkM25RY2pwRjhZUWR5QzNsWVF5TFEyZDA0V0tXM2R1cFI1Z0hGVjhiUWx5NERHMnBPbjN4VW9Hc2hzLUVtUDVIa284Q2wzcklQQzAxb0NLNEt6TW5BTUJUQU1FZXJjSi0zNkNNdFUybUMxSjRlN2g5VEFDSlNkU0tjTkhyNXR3?oc=5\" target=\"_blank\" rel=\"nofollow noopener\">Recoletas Burgos Caja Rural asalta Pepe Rojo y CR Liceo Franc\u00e9s regresa a lo grande<\/a>&nbsp;&nbsp;Real Federaci\u00f3n Espa\u00f1ola de Rugby<\/li>\n<li><a href=\"https:\/\/news.google.com\/rss\/articles\/CBMirgFBVV95cUxOcWdQMkpHRGtaWmxLOU5JZDFoQ2lGM3RzV28yaUk3bmFSeTRSc3BmUjE0dF8tUjlqTTJIUHBFUTZxQ3V1RVlVWFhWbS0tOEsxckY2UzRTX0stNlFabWpnSlIzaEZuang1X0N6aG5YbDBUMWtULXh3T29kUHJ5UTg0Y0R3aUppUThFd3Axem52SURfZDE4YnZEQ0c5SEsxZlYzWVVaNm1jRlQ5TEZTTEE?oc=5\" target=\"_blank\" rel=\"nofollow noopener\">Al Quesos se le escurre el triunfo en la campanada final<\/a>&nbsp;&nbsp;El Norte de Castilla<\/li>\n<li><a href=\"https:\/\/news.google.com\/rss\/articles\/CBMif0FVX3lxTE00X3Q4RWJPenVpZkVNQzFaZ052cURjc2s1em9oRGRpcUtCbjU2Q1k3b2RTX3FyTUVkUnRaVEUydURXc0wtNllWMGlHNTNSUG0tRDN4T2d5ZVpDdWVHdzNNSVJsMVlQNHZhQktXajRkNmFNMmpqUTRCVVZXbDZSaGPSAYQBQVVfeXFMTWY3TzhDbi1IQjI5VjN0aXVzQmFwYm9ZUk5lYnV1eWFOZ2RKRmNhZFoyeDdzX3g2R1VwM0NtUzRuazRGTXR0emt1WlpKTmhHOHdEcHg2ckJJTDU0aHpDSU5tT3BaRmI1UkxJWHQ1NlVKalVIQVJhbVBic3EwUW1xc1ZvMlBW?oc=5\" target=\"_blank\" rel=\"nofollow noopener\">El VRAC se deshace<\/a>&nbsp;&nbsp;Diario de Valladolid<\/li>\n<li><a href=\"https:\/\/news.google.com\/rss\/articles\/CBMiqgFBVV95cUxPSXdGeE5MSGJnb0thdFIwN2JZbFJEVm8yclRNRXFrZENya0V6Z1VyeUpXRlVIbzRRMUdEa0lZa19ZNEhwXzEyOTRQSHhuejVsVUdidnZrTUIza1lxb1ptVkdGMWlHSDVEMXF1T2d6QzhHRE5mZEtJSEZYWVlZVUpKbjd0ZTdPS1BCY001bnV5dzhxdlQzWTNuUUdQSEJnQk14cVl0bUhyei1TZ9IBqgFBVV95cUxOcUU1YVVpX0pLWDVmek02U2JDeFBOU3VZZ21oNWRlNGswRDF2S1NmLU1RaDViVWxUOElnamxjUlc2NDJpbV85UDFjNzd0enU2SEtZT3I0dnA4NjFBeWFCQjVXdUg4RGFWZTdwZEY0bnpHX1d3Q1RyLWJJVjlsdVVpLWkyMjdUQm5wNlZ1ekRlZkZPbENxT3pmR09JRmFnQkhHc1NJczB0S0ZXUQ?oc=5\" target=\"_blank\" rel=\"nofollow noopener\">Recoletas Burgos asalta Pepe Rojo y Liceo Franc\u00e9s regresa a lo grande<\/a>&nbsp;&nbsp;MARCA<\/li>\n<li><a href=\"https:\/\/news.google.com\/rss\/articles\/CBMiygFBVV95cUxQRjQtZGNIVkZhNG9Iekhpdkl5Unh2ZUdWMElvZzlLaTB3aVpxNTg5c2x1Q3ZGSzNrak5DVERsd01FSy1DNkdXeVluNXFoT0tYTy1mNW5iS3lsbnlVWTFBSzJ1TlFsTWdFaVk2aE1oUXRiTUJjR0FZbzJpVGE4aUN1MFN4UnJjeGFhRlk4QU5BTjViMmRIZDQzSXp0TzVaQy1kSHNHVGVUMHZXSHJQaGdUeFRpbm9LMTh1QW1mbnlfc3RXYTVraUxWc29B?oc=5\" target=\"_blank\" rel=\"nofollow noopener\">Las mejores im\u00e1genes del \u00e9pico triunfo del Recoletas Burgos Caja Rural en el derbi ante el VRAC<\/a>&nbsp;&nbsp;El Correo de Burgos<\/li>\n<\/ol>\n","protected":false},"excerpt":{"rendered":"Recoletas Burgos Caja Rural asalta Pepe Rojo y CR Liceo Franc\u00e9s regresa a lo grande&nbsp;&nbsp;Real Federaci\u00f3n Espa\u00f1ola de&hellip;\n","protected":false},"author":2,"featured_media":158852,"comment_status":"","ping_status":"","sticky":false,"template":"","format":"standard","meta":{"footnotes":""},"categories":[5],"tags":[17,18,33030,25,24,13,14,11,19,20,9,10,15,16,23,12,21,22],"class_list":{"0":"post-158851","1":"post","2":"type-post","3":"status-publish","4":"format-standard","5":"has-post-thumbnail","7":"category-titulares","8":"tag-breaking-news","9":"tag-breakingnews","10":"tag-division-de-honor","11":"tag-es","12":"tag-espana","13":"tag-featured-news","14":"tag-featurednews","15":"tag-headlines","16":"tag-latest-news","17":"tag-latestnews","18":"tag-news","19":"tag-noticias","20":"tag-noticias-destacadas","21":"tag-noticiasdestacadas","22":"tag-spain","23":"tag-titulares","24":"tag-ultimas-noticias","25":"tag-ultimasnoticias"},"share_on_mastodon":{"url":"","error":""},"_links":{"self":[{"href":"https:\/\/www.europesays.com\/es\/wp-json\/wp\/v2\/posts\/158851","targetHints":{"allow":["GET"]}}],"collection":[{"href":"https:\/\/www.europesays.com\/es\/wp-json\/wp\/v2\/posts"}],"about":[{"href":"https:\/\/www.europesays.com\/es\/wp-json\/wp\/v2\/types\/post"}],"author":[{"embeddable":true,"href":"https:\/\/www.europesays.com\/es\/wp-json\/wp\/v2\/users\/2"}],"replies":[{"embeddable":true,"href":"https:\/\/www.europesays.com\/es\/wp-json\/wp\/v2\/comments?post=158851"}],"version-history":[{"count":0,"href":"https:\/\/www.europesays.com\/es\/wp-json\/wp\/v2\/posts\/158851\/revisions"}],"wp:featuredmedia":[{"embeddable":true,"href":"https:\/\/www.europesays.com\/es\/wp-json\/wp\/v2\/media\/158852"}],"wp:attachment":[{"href":"https:\/\/www.europesays.com\/es\/wp-json\/wp\/v2\/media?parent=158851"}],"wp:term":[{"taxonomy":"category","embeddable":true,"href":"https:\/\/www.europesays.com\/es\/wp-json\/wp\/v2\/categories?post=158851"},{"taxonomy":"post_tag","embeddable":true,"href":"https:\/\/www.europesays.com\/es\/wp-json\/wp\/v2\/tags?post=158851"}],"curies":[{"name":"wp","href":"https:\/\/api.w.org\/{rel}","templated":true}]}}