{"id":158859,"date":"2025-10-06T04:11:11","date_gmt":"2025-10-06T04:11:11","guid":{"rendered":"https:\/\/www.europesays.com\/es\/158859\/"},"modified":"2025-10-06T04:11:11","modified_gmt":"2025-10-06T04:11:11","slug":"robert-pattinson-en-el-rodaje-de-spider-man-brand-new-day-%f0%9f%93%b7","status":"publish","type":"post","link":"https:\/\/www.europesays.com\/es\/158859\/","title":{"rendered":"\u00bfRobert Pattinson en el rodaje de Spider-Man: Brand New Day? \ud83d\udcf7"},"content":{"rendered":"<p dir=\"ltr\">El nombre de Robert Pattinson se convirti\u00f3 en tendencia luego de que se difundieran im\u00e1genes donde aparece junto a Zendaya durante el supuesto rodaje en redes sociales, asegurando que el actor se habr\u00eda unido al Universo Cinematogr\u00e1fico de Marvel para la pr\u00f3xima pel\u00edcula del ar\u00e1cnido, Spider-Man: Brand New Day, lo que desat\u00f3 la emoci\u00f3n de los fan\u00e1ticos.<\/p>\n<p dir=\"ltr\">De acuerdo con las publicacines, Pattinson interpretar\u00eda a un personaje llamado Paul, aunque los detalles sobre su papel siguen siendo un misterio. Algunos rumores incluso sugieren que podr\u00eda ser el nuevo inter\u00e9s amoroso de MJ (Zendaya) o que har\u00eda una aparici\u00f3n especial como Harry Osborn, aunque por ahora todo permanece en el terreno de la especulaci\u00f3n.<\/p>\n<p dir=\"ltr\"><img loading=\"lazy\" decoding=\"async\" src=\"https:\/\/scontent.fcjs4-2.fna.fbcdn.net\/v\/t39.30808-6\/555948496_1219321133566992_7818461325424203491_n.jpg?_nc_cat=1&amp;ccb=1-7&amp;_nc_sid=833d8c&amp;_nc_eui2=AeGoF_NI3wME2WywzXHW4te9oC-s2dQDpX6gL6zZ1AOlfjF13ITlHtMtolK_Dq9xV6lKJXnZ74VOQ6Df2397KUst&amp;_nc_ohc=wTTPQEkJYFcQ7kNvwH7GiW0&amp;_nc_oc=AdnBf-0JgYy36gMlfe-PvFmMcf0D0MiuaM4qBkSq7t8uc6RwKjvXxBFEWOGQCBBwGbvWFDydUwcV4tICUVzK94x7&amp;_nc_zt=23&amp;_nc_ht=scontent.fcjs4-2.fna&amp;_nc_gid=DsB4CO-QdK-dJV6mpPZ3sw&amp;oh=00_AfZcqQZqu6WwwM-_vAkXnHPWkfrk2Dcs-gzFxZgvIgzxdg&amp;oe=68E32CBA\" alt=\"\" width=\"397\" height=\"434\"\/><\/p>\n<p dir=\"ltr\"><img loading=\"lazy\" decoding=\"async\" src=\"https:\/\/www.europesays.com\/es\/wp-content\/uploads\/2025\/10\/556014043_1219321076900331_7208327842336329735_n.jpg\" alt=\"\" width=\"398\" height=\"387\"\/><\/p>\n<p dir=\"ltr\"><img loading=\"lazy\" decoding=\"async\" src=\"https:\/\/www.europesays.com\/es\/wp-content\/uploads\/2025\/10\/555912066_1219321160233656_3652047535602954503_n.jpg\" alt=\"\" width=\"399\" height=\"442\"\/><\/p>\n<p dir=\"ltr\">Sin embargo las fotos que se han visto de Pattinson y Zendaya juntos en set corresponden en realidad a <strong>The Drama<\/strong>, un proyecto independiente en el que ambos participan. Esto ha llevado a aclarar que por ahora, todo lo relacionado con su supuesta aparici\u00f3n en Spider-Man es pura especulaci\u00f3n.<\/p>\n<p>Aun con ello, el entusiasmo de los seguidores no se detiene. En plataformas como X y TikTok abundan las teor\u00edas sobre posibles cameos, crossovers e incluso la llegada de un multiverso m\u00e1s amplio, donde Pattinson tendr\u00eda alg\u00fan rol especial.<\/p>\n<p>Marvel y Sony no han confirmado oficialmente la participaci\u00f3n del actor, por lo que habr\u00e1 que esperar para descubrir si Robert Pattinson realmente se une al multiverso del Hombre Ara\u00f1a o si todo queda en un rumor.<\/p>\n","protected":false},"excerpt":{"rendered":"El nombre de Robert Pattinson se convirti\u00f3 en tendencia luego de que se difundieran im\u00e1genes donde aparece junto&hellip;\n","protected":false},"author":2,"featured_media":158860,"comment_status":"","ping_status":"","sticky":false,"template":"","format":"standard","meta":{"footnotes":""},"categories":[169],"tags":[6092,177,1180,146,147,25,24,176,20363,7761,3600,175,10,4286,23,159,1018],"class_list":{"0":"post-158859","1":"post","2":"type-post","3":"status-publish","4":"format-standard","5":"has-post-thumbnail","7":"category-cine","8":"tag-articulos","9":"tag-cine","10":"tag-editorial","11":"tag-entertainment","12":"tag-entretenimiento","13":"tag-es","14":"tag-espana","15":"tag-film","16":"tag-galerias","17":"tag-impacto","18":"tag-minuto-a-minuto","19":"tag-movies","20":"tag-noticias","21":"tag-reportajes","22":"tag-spain","23":"tag-tiempo","24":"tag-videos"},"share_on_mastodon":{"url":"","error":""},"_links":{"self":[{"href":"https:\/\/www.europesays.com\/es\/wp-json\/wp\/v2\/posts\/158859","targetHints":{"allow":["GET"]}}],"collection":[{"href":"https:\/\/www.europesays.com\/es\/wp-json\/wp\/v2\/posts"}],"about":[{"href":"https:\/\/www.europesays.com\/es\/wp-json\/wp\/v2\/types\/post"}],"author":[{"embeddable":true,"href":"https:\/\/www.europesays.com\/es\/wp-json\/wp\/v2\/users\/2"}],"replies":[{"embeddable":true,"href":"https:\/\/www.europesays.com\/es\/wp-json\/wp\/v2\/comments?post=158859"}],"version-history":[{"count":0,"href":"https:\/\/www.europesays.com\/es\/wp-json\/wp\/v2\/posts\/158859\/revisions"}],"wp:featuredmedia":[{"embeddable":true,"href":"https:\/\/www.europesays.com\/es\/wp-json\/wp\/v2\/media\/158860"}],"wp:attachment":[{"href":"https:\/\/www.europesays.com\/es\/wp-json\/wp\/v2\/media?parent=158859"}],"wp:term":[{"taxonomy":"category","embeddable":true,"href":"https:\/\/www.europesays.com\/es\/wp-json\/wp\/v2\/categories?post=158859"},{"taxonomy":"post_tag","embeddable":true,"href":"https:\/\/www.europesays.com\/es\/wp-json\/wp\/v2\/tags?post=158859"}],"curies":[{"name":"wp","href":"https:\/\/api.w.org\/{rel}","templated":true}]}}