{"id":158861,"date":"2025-10-06T04:12:16","date_gmt":"2025-10-06T04:12:16","guid":{"rendered":"https:\/\/www.europesays.com\/es\/158861\/"},"modified":"2025-10-06T04:12:16","modified_gmt":"2025-10-06T04:12:16","slug":"las-palabras-de-joan-penarroya-tras-la-derrota-del-barca-ante-valencia-basket","status":"publish","type":"post","link":"https:\/\/www.europesays.com\/es\/158861\/","title":{"rendered":"Las palabras de Joan Pe\u00f1arroya tras la derrota del Bar\u00e7a ante Valencia Basket"},"content":{"rendered":"<p><strong>Joan Pe\u00f1arroya\u00a0<\/strong>compareci\u00f3 en rueda de prensa <a href=\"https:\/\/www.gigantes.com\/liga-endesa\/valencia-basket-barca-resumen-resultado-cronica\/\" rel=\"nofollow noopener\" target=\"_blank\">tras la derrota del Bar\u00e7a en la visita al Roig Arena<\/a> frente al Valencia Basket por <strong>93 a 81<\/strong>.<\/p>\n<p>Estas fueron las palabras de Joan Pe\u00f1arroya:<\/p>\n<p>\u00abPrimero felicitar a Valencia Basket por la victoria y tambi\u00e9n evidentemente por la atm\u00f3sfera que genera este Roig Arena que es, evidentemente, un espect\u00e1culo de pabell\u00f3n.<\/p>\n<p>Ha sido un partido en el que Valencia Basket ha llevado la iniciativa y en el que seguramente nuestro gran desacierto durante todo el partido, pero sobre todo en el segundo cuarto con muy buenas posiciones de lanzamiento. Ellos han cogido ventaja y no hemos sido capaces de tener un buen momento para reaccionar. Dif\u00edcilmente, en un partido contra Valencia Basket, tira 19 tiros m\u00e1s que ellos. Hemos dominado el rebote, hemos tenido 11 posesiones m\u00e1s, pero nuestros porcentajes no han sido buenos. En defensa nos ha faltado consistencia, el uso de las faltas aplicarlo mejor. Y ese s\u00ed es un fallo a mejorar. Casi todas nuestras faltas han sido de tiro y han ido 16 veces m\u00e1s al tiro libre. Ha sido un error nuestro de no jugar bien esas posesiones.<\/p>\n<p>El partido sab\u00edamos que iba a ser dif\u00edcil despu\u00e9s de una semana complicada. Somos conscientes de que tenemos que sumar jugadores en esta clase de semanas. Felicitar a Valencia y nosotros tenemos que seguir.<\/p>\n<p>Sab\u00edamos que era una semana complicada con 3 desplazamientos ante grandes rivales y bien. Nos ha faltado seguramente sumar m\u00e1s jugadores a la rotaciones porque si no tenemos problemas. Necesitamos que jugadores tambi\u00e9n puedan dar pasos adelantes y podamos ser m\u00e1s s\u00f3lidos en situaciones defensivos.\u00a0<\/p>\n<p>Creo que el desgaste f\u00edsico al que te obliga el rival en algunas situaciones es normal que el Valencia Basket juegue aqu\u00ed en casa y llegue a 90 puntos. Hay situaciones en las que podr\u00edamos haber estado mejor. Pero vuelvo a repetir: hemos tirado muchos tiros m\u00e1s que el rival, aqu\u00ed en el Roig Arena. Hemos atacado bien el rebote ofensivo y hemos dominado nuestro tablero ante un rival que en la Euroliga es el mejor en el rebote. Creo que evidentemente no podemos estar contentos con el partido que hemos hecho pero hay lecturas positivas. \u00bfNuestra defensa? Creo que hay muchos momentos en los que no hemos jugado bien en ciertas situaciones con las faltas que les han llevado al tiro libre\u00bb.<\/p>\n<p style=\"text-align: right;\">acb Photo \/ MA. Polo<\/p>\n<p><img decoding=\"async\" src=\"https:\/\/www.europesays.com\/es\/wp-content\/uploads\/2025\/10\/1759723933_617_mtracking.gif\" alt=\"Etiquetas de Mautic\" style=\"display:none;\"\/><\/p>\n<p><a href=\"https:\/\/www.gigantes.com\/tienda\/ultimos-numeros\/guia-euroliga-2025-26-no-1-561b-octubre-2025\/\" rel=\"nofollow noopener\" target=\"_blank\"><img loading=\"lazy\" decoding=\"async\" class=\"aligncenter wp-image-761458 size-large\" src=\"https:\/\/www.europesays.com\/es\/wp-content\/uploads\/2025\/10\/INSTAGRAM-1024x1024.jpg.webp.webp\" alt=\"Gu\u00eda Euroliga\" width=\"680\" height=\"680\"  \/><\/a><\/p>\n<p>\t\t\t\t\t<img loading=\"lazy\" decoding=\"async\" src=\"https:\/\/www.europesays.com\/es\/wp-content\/uploads\/2025\/09\/1759141930_387_mano.png\" width=\"60\" height=\"60\" alt=\"Deliza hacia abajo\"\/>Sigue deslizando hacia abajo para ver m\u00e1s contenidos<\/p>\n","protected":false},"excerpt":{"rendered":"Joan Pe\u00f1arroya\u00a0compareci\u00f3 en rueda de prensa tras la derrota del Bar\u00e7a en la visita al Roig Arena frente&hellip;\n","protected":false},"author":2,"featured_media":158862,"comment_status":"","ping_status":"","sticky":false,"template":"","format":"standard","meta":{"footnotes":""},"categories":[93],"tags":[168,25,24,8869,23,167],"class_list":{"0":"post-158861","1":"post","2":"type-post","3":"status-publish","4":"format-standard","5":"has-post-thumbnail","7":"category-deportes","8":"tag-deportes","9":"tag-es","10":"tag-espana","11":"tag-joan-penarroya","12":"tag-spain","13":"tag-sports"},"share_on_mastodon":{"url":"","error":""},"_links":{"self":[{"href":"https:\/\/www.europesays.com\/es\/wp-json\/wp\/v2\/posts\/158861","targetHints":{"allow":["GET"]}}],"collection":[{"href":"https:\/\/www.europesays.com\/es\/wp-json\/wp\/v2\/posts"}],"about":[{"href":"https:\/\/www.europesays.com\/es\/wp-json\/wp\/v2\/types\/post"}],"author":[{"embeddable":true,"href":"https:\/\/www.europesays.com\/es\/wp-json\/wp\/v2\/users\/2"}],"replies":[{"embeddable":true,"href":"https:\/\/www.europesays.com\/es\/wp-json\/wp\/v2\/comments?post=158861"}],"version-history":[{"count":0,"href":"https:\/\/www.europesays.com\/es\/wp-json\/wp\/v2\/posts\/158861\/revisions"}],"wp:featuredmedia":[{"embeddable":true,"href":"https:\/\/www.europesays.com\/es\/wp-json\/wp\/v2\/media\/158862"}],"wp:attachment":[{"href":"https:\/\/www.europesays.com\/es\/wp-json\/wp\/v2\/media?parent=158861"}],"wp:term":[{"taxonomy":"category","embeddable":true,"href":"https:\/\/www.europesays.com\/es\/wp-json\/wp\/v2\/categories?post=158861"},{"taxonomy":"post_tag","embeddable":true,"href":"https:\/\/www.europesays.com\/es\/wp-json\/wp\/v2\/tags?post=158861"}],"curies":[{"name":"wp","href":"https:\/\/api.w.org\/{rel}","templated":true}]}}