{"id":158863,"date":"2025-10-06T04:13:12","date_gmt":"2025-10-06T04:13:12","guid":{"rendered":"https:\/\/www.europesays.com\/es\/158863\/"},"modified":"2025-10-06T04:13:12","modified_gmt":"2025-10-06T04:13:12","slug":"un-lenguaje-de-nuestro-cuerpo-por-descubrir","status":"publish","type":"post","link":"https:\/\/www.europesays.com\/es\/158863\/","title":{"rendered":"Un lenguaje de nuestro cuerpo por descubrir"},"content":{"rendered":"<p class=\"ft-text ft-helper-closenews\">Un reciente estudio con la participaci\u00f3n de la investigadora balear Maria Magdalena Quetglas y su equipo aporta nuevas claves para entender c\u00f3mo act\u00faan los biomarcadores. Quetglas es investigadora postdoctoral en el grupo de Nutrici\u00f3n Comunitaria y Estr\u00e9s Oxidativo (NUCOX) de la Universitat de les Illes Balears (<a class=\"ft-link ft-link--decoration\" href=\"https:\/\/www.diariodemallorca.es\/tags\/uib\/\" rel=\"nofollow noopener\" target=\"_blank\">UIB<\/a>), integrado en el Centro de Investigaci\u00f3n Biom\u00e9dica en Red de la Fisiopatolog\u00eda de la Obesidad y la Nutrici\u00f3n (CIBEROBN). En el marco del ensayo PREDIMED-Plus y publicado en la revista Antioxidants, el trabajo demuestra que estas \u00abhuellas qu\u00edmicas\u00bb dan pistas sobre el riesgo de desarrollar complicaciones graves como la enfermedad renal cr\u00f3nica en personas con obesidad y s\u00edndrome metab\u00f3lico.<\/p>\n<p>Valor de las se\u00f1ales invisibles<\/p>\n<p class=\"ft-text\">Los biomarcadores son como las \u00abhuellas dactilares\u00bb de los procesos biol\u00f3gicos. Algunos reflejan inflamaci\u00f3n (la respuesta del cuerpo cuando detecta una amenaza), mientras que otros evidencian estr\u00e9s oxidativo, un desequilibrio entre radicales libres y defensas antioxidantes. En niveles controlados, ambos procesos son necesarios para la vida; en exceso, se convierten en motores silenciosos de enfermedad.<\/p>\n<p class=\"ft-text\">\u00abPodemos imaginarlos como peque\u00f1as huellas qu\u00edmicas que nos cuentan qu\u00e9 ocurre en el organismo\u00bb, explica Quetglas. \u00abAntes de que aparezcan los s\u00edntomas, ya est\u00e1n ah\u00ed, marcando el camino hacia posibles problemas de salud\u00bb.<\/p>\n<p class=\"ft-text\">El hallazgo del equipo radica en demostrar que medir estas huellas no solo sirve para entender enfermedades ya instaladas, sino tambi\u00e9n para anticipar su aparici\u00f3n.<\/p>\n<p>El c\u00edrculo vicioso<\/p>\n<p class=\"ft-text\">La inflamaci\u00f3n cr\u00f3nica de bajo grado suele pasar desapercibida, pero est\u00e1 en la base de condiciones muy comunes hoy en d\u00eda: obesidad, s\u00edndrome metab\u00f3lico, diabetes o enfermedades cardiovasculares. A ella se suma el estr\u00e9s oxidativo, que deteriora c\u00e9lulas y tejidos cuando los radicales libres superan la capacidad defensiva del organismo.<\/p>\n<p class=\"ft-text\">Juntos forman un c\u00edrculo vicioso: la inflamaci\u00f3n favorece el da\u00f1o oxidativo, y este, a su vez, alimenta nuevas reacciones inflamatorias. Detectar estas alteraciones en fases tempranas podr\u00eda ser la clave para evitar que desemboquen en patolog\u00edas graves.<\/p>\n<p><img decoding=\"async\" src=\"https:\/\/www.europesays.com\/es\/wp-content\/uploads\/2025\/10\/d7adf970-30d2-4fc5-8862-139f706919ad_alta-libre-aspect-ratio_default_0.jpg\" width=\"1200\" height=\"1295\" alt=\"Maria Magdalena Quetglas procesando muestras en el laboratorio. | BLANCA GELABERT.\" class=\"ft-helper-img-rd\" loading=\"lazy\" hasdataaida=\"true\"\/><\/p>\n<p class=\"ft-helper-fontColor-quaternary ft-helper-fontSize-body-S ft-helper-spacer-t-xxs\">Maria Magdalena Quetglas procesando muestras en el laboratorio. | BLANCA GELABERT. <\/p>\n<p>El marco del estudio<\/p>\n<p class=\"ft-text\">Para poner a prueba esta hip\u00f3tesis, el equipo recurri\u00f3 al ensayo PREDIMED-Plus, una de las investigaciones m\u00e1s influyentes en Europa sobre dieta mediterr\u00e1nea, obesidad y salud cardiovascular. Dentro de esta gran cohorte, se seleccion\u00f3 a 234 participantes de entre 55 y 75 a\u00f1os con obesidad o exceso de peso y al menos tres criterios de s\u00edndrome metab\u00f3lico, pero sin enfermedad renal en el momento inicial.<\/p>\n<p class=\"ft-text\">Tras un a\u00f1o de seguimiento, 117 de ellos desarrollaron enfermedad renal cr\u00f3nica, mientras que los otros 117, emparejados por edad, sexo y grupo de intervenci\u00f3n, se mantuvieron sanos. Al comparar sus perfiles bioqu\u00edmicos iniciales, las diferencias fueron evidentes.<\/p>\n<p>Lo que cuentan las mol\u00e9culas<\/p>\n<p class=\"ft-text\">Los resultados mostraron que quienes acabaron desarrollando enfermedad renal ten\u00edan, desde el inicio, niveles significativamente m\u00e1s altos de biomarcadores inflamatorios como la interleucina-6 (IL-6), el factor de necrosis tumoral alfa (TNF\u03b1) o la interleucina-1\u03b2 (IL-1\u03b2).<\/p>\n<p class=\"ft-text\">La IL-6 se revel\u00f3 como la se\u00f1al m\u00e1s poderosa: los individuos con valores elevados ten\u00edan hasta siete veces m\u00e1s riesgo de desarrollar enfermedad renal cr\u00f3nica en apenas un a\u00f1o.<\/p>\n<p class=\"ft-text\">Adem\u00e1s, el equipo elabor\u00f3 un \u00edndice combinado de inflamaci\u00f3n y estr\u00e9s oxidativo. Quienes se situaban en el tercil m\u00e1s alto de este marcador compuesto ten\u00edan un riesgo hasta 22 veces superior de desarrollar la enfermedad en comparaci\u00f3n con quienes estaban en el tercil m\u00e1s bajo.<\/p>\n<p class=\"ft-text\">Curiosamente, los indicadores de da\u00f1o oxidativo directo, como el malondialdeh\u00eddo (MDA), no mostraron diferencias tan claras. Esto sugiere que la inflamaci\u00f3n podr\u00eda ser una se\u00f1al a\u00fan m\u00e1s temprana y sensible.<\/p>\n<p>Medicina m\u00e1s preventiva<\/p>\n<p class=\"ft-text\">La idea de medir biomarcadores para anticipar enfermedades se inscribe en un movimiento m\u00e1s amplio hacia una medicina preventiva y personalizada.<\/p>\n<p class=\"ft-text\">En la pr\u00e1ctica, esto podr\u00eda significar que, en un futuro, una anal\u00edtica rutinaria incluya no s\u00f3lo glucosa o colesterol, sino tambi\u00e9n paneles de biomarcadores inflamatorios y oxidativos. Quienes presenten niveles elevados podr\u00edan beneficiarse de un seguimiento m\u00e1s estrecho y de intervenciones tempranas, desde cambios en la dieta y el ejercicio hasta tratamientos farmacol\u00f3gicos espec\u00edficos.<\/p>\n<p class=\"ft-text\">\u00abNuestro reto es trasladar estos datos a la pr\u00e1ctica cl\u00ednica\u00bb, se\u00f1ala Quetglas. \u00abLa inflamaci\u00f3n no tiene por qu\u00e9 condenar a una persona a la enfermedad; puede ser tambi\u00e9n una oportunidad para actuar antes\u00bb.<\/p>\n<p>Implicaciones y l\u00edmites<\/p>\n<p class=\"ft-text\">Los resultados del estudio son prometedores, pero tambi\u00e9n plantean preguntas abiertas. \u00bfQu\u00e9 biomarcadores son los m\u00e1s fiables para distintas poblaciones? \u00bfQu\u00e9 valores deber\u00edan considerarse de riesgo en la pr\u00e1ctica cl\u00ednica? \u00bfC\u00f3mo se combinan estos indicadores con factores m\u00e1s cl\u00e1sicos como el \u00edndice de masa corporal o la glucosa?<\/p>\n<p class=\"ft-text\">Adem\u00e1s, al ser un estudio observacional, no puede establecer de forma definitiva si la inflamaci\u00f3n causa la enfermedad o si los primeros cambios renales alimentan la inflamaci\u00f3n. Para resolverlo, ser\u00e1 necesario ampliar el seguimiento en el tiempo y replicar los hallazgos en otras cohortes.<\/p>\n<p class=\"ft-text\">\u00abNuestro objetivo final es construir un mapa claro de se\u00f1ales biol\u00f3gicas que nos digan qui\u00e9n est\u00e1 en riesgo y c\u00f3mo podemos intervenir\u00bb, resume Quetglas. \u00abEs un trabajo paciente, pero creemos que puede transformar la forma en que entendemos la prevenci\u00f3n\u00bb.<\/p>\n<p class=\"ft-text\">M\u00e1s all\u00e1 de las tablas de datos y los an\u00e1lisis estad\u00edsticos, lo que late en este estudio es una met\u00e1fora poderosa: la posibilidad de escuchar al cuerpo antes de que enferme. Los biomarcadores de inflamaci\u00f3n y estr\u00e9s oxidativo son susurros qu\u00edmicos que, si aprendemos a descifrar, pueden guiarnos hacia una medicina m\u00e1s anticipativa, m\u00e1s personalizada y, en \u00faltima instancia, m\u00e1s humana.<\/p>\n<p>\u00bfDesea descubrir nuevas formas de mejorar su bienestar?<\/p>\n<p class=\"ft-text\">\u00bfLe apetece formar parte de un proyecto europeo que promueve estilos de vida m\u00e1s saludables? El equipo de investigaci\u00f3n de la UIB y el IdISBa busca ni\u00f1os (5-12 a\u00f1os), j\u00f3venes (18-26 a\u00f1os) y adultos mayores de 65 a\u00f1os que vivan en Mallorca y quieran colaborar en el estudio HealthyW8.<\/p>\n<p class=\"ft-text\">Durante un a\u00f1o, se podr\u00e1 probar una aplicaci\u00f3n m\u00f3vil innovadora que ofrece recomendaciones personalizadas sobre alimentaci\u00f3n, ejercicio y bienestar mental. Las aportaciones que se hagan ayudar\u00e1n a perfeccionar esta herramienta y a mejorar la salud de muchas personas en el futuro.<\/p>\n<p><img decoding=\"async\" src=\"https:\/\/www.europesays.com\/es\/wp-content\/uploads\/2025\/10\/67790840-93fb-466e-bc8a-dd374c7186b8_alta-libre-aspect-ratio_default_0.jpg\" width=\"1200\" height=\"677\" alt=\"Estudio HealthyW8\" class=\"ft-helper-img-rd\" loading=\"lazy\" hasdataaida=\"true\"\/><\/p>\n<p class=\"ft-helper-fontColor-quaternary ft-helper-fontSize-body-S ft-helper-spacer-t-xxs\">Estudio HealthyW8  \/ Maria Magdalena Quetglas Llabr\u00e9s<\/p>\n<p class=\"ft-text\">Si cumple con los requisitos (edad, residencia en Mallorca, sin patolog\u00edas metab\u00f3licas y con acceso a m\u00f3vil o tableta Android), esta es su oportunidad de contribuir a la ciencia y, al mismo tiempo, cuidar de su salud.<\/p>\n<p><strong>Contacta con el equipo: <\/strong>grupnucoxuib@gmail.com \/ 971 17 31 42<\/p>\n<p data-close=\"closedContent\" class=\"subscribeHideForDisplay\">Suscr\u00edbete para seguir leyendo<\/p>\n","protected":false},"excerpt":{"rendered":"Un reciente estudio con la participaci\u00f3n de la investigadora balear Maria Magdalena Quetglas y su equipo aporta nuevas&hellip;\n","protected":false},"author":2,"featured_media":158864,"comment_status":"","ping_status":"","sticky":false,"template":"","format":"standard","meta":{"footnotes":""},"categories":[92],"tags":[5293,873,2238,25,24,11909,165,3023,2457,5693,166,23],"class_list":{"0":"post-158863","1":"post","2":"type-post","3":"status-publish","4":"format-standard","5":"has-post-thumbnail","7":"category-salud","8":"tag-cronica","9":"tag-cuerpo","10":"tag-descubrir","11":"tag-es","12":"tag-espana","13":"tag-estres","14":"tag-health","15":"tag-lenguaje","16":"tag-mallorca","17":"tag-obesidad","18":"tag-salud","19":"tag-spain"},"share_on_mastodon":{"url":"","error":""},"_links":{"self":[{"href":"https:\/\/www.europesays.com\/es\/wp-json\/wp\/v2\/posts\/158863","targetHints":{"allow":["GET"]}}],"collection":[{"href":"https:\/\/www.europesays.com\/es\/wp-json\/wp\/v2\/posts"}],"about":[{"href":"https:\/\/www.europesays.com\/es\/wp-json\/wp\/v2\/types\/post"}],"author":[{"embeddable":true,"href":"https:\/\/www.europesays.com\/es\/wp-json\/wp\/v2\/users\/2"}],"replies":[{"embeddable":true,"href":"https:\/\/www.europesays.com\/es\/wp-json\/wp\/v2\/comments?post=158863"}],"version-history":[{"count":0,"href":"https:\/\/www.europesays.com\/es\/wp-json\/wp\/v2\/posts\/158863\/revisions"}],"wp:featuredmedia":[{"embeddable":true,"href":"https:\/\/www.europesays.com\/es\/wp-json\/wp\/v2\/media\/158864"}],"wp:attachment":[{"href":"https:\/\/www.europesays.com\/es\/wp-json\/wp\/v2\/media?parent=158863"}],"wp:term":[{"taxonomy":"category","embeddable":true,"href":"https:\/\/www.europesays.com\/es\/wp-json\/wp\/v2\/categories?post=158863"},{"taxonomy":"post_tag","embeddable":true,"href":"https:\/\/www.europesays.com\/es\/wp-json\/wp\/v2\/tags?post=158863"}],"curies":[{"name":"wp","href":"https:\/\/api.w.org\/{rel}","templated":true}]}}