{"id":158869,"date":"2025-10-06T04:16:10","date_gmt":"2025-10-06T04:16:10","guid":{"rendered":"https:\/\/www.europesays.com\/es\/158869\/"},"modified":"2025-10-06T04:16:10","modified_gmt":"2025-10-06T04:16:10","slug":"solaria-resucita-tras-calmar-al-mercado-con-su-objetivo-de-inversion","status":"publish","type":"post","link":"https:\/\/www.europesays.com\/es\/158869\/","title":{"rendered":"Solaria resucita tras calmar al mercado con su objetivo de inversi\u00f3n\u00a0"},"content":{"rendered":"<p>Tras el apag\u00f3n de abril, uno de los temas que han afectado a las empresas el\u00e9ctricas en Espa\u00f1a es la injusta propuesta de retribuci\u00f3n de las redes del pa\u00eds. A partir de agosto<strong>, Solaria hab\u00eda estado injustificadamente castigada en el parqu\u00e9 hasta este mes de octubre<\/strong>, en que ha encontrado cierta tranquilidad tras un comportamiento negativo en el parqu\u00e9.\u00a0\u00a0<\/p>\n<p>Hasta el lunes, la firma estaba pasando por una mala racha con su cotizaci\u00f3n en bolsa, llevaba acumulando una ca\u00edda del 27% desde sus m\u00e1ximos del a\u00f1o, los 14,21 euros, que obtuvo\u00a0en pleno mes de agosto. La publicaci\u00f3n de sus resultados que baten las <strong>expectativas <\/strong>de los expertos en <strong>pr\u00e1cticamente todas las m\u00e9tricas<\/strong> ha permitido que la firma rebote con contundencia.\u00a0\u00a0<\/p>\n<p>Su balance de cuentas del primer semestre del a\u00f1o ha demostrado especial fortaleza, especialmente en el <strong>beneficio neto de la entidad<\/strong>, lo que la ha impulsado con una subida del 25% esta semana, alcanzando los 12,90 euros por acci\u00f3n. \u00a0<\/p>\n<p>Ante esto, Bank of America ha recomendado comprar t\u00edtulos de <a href=\"https:\/\/www.finanzas.com\/ibex-35\/solaria-rally-del-40-en-el-ano-y-margen-alcista-de-un-60-mas.html\" target=\"_blank\" rel=\"noreferrer noopener nofollow\">Solaria<\/a>, \u201cla correcci\u00f3n de las acciones de la empresa presenta un perfil de riesgo-recompensa atractivo\u201d, afirma Alexandre Roncier, analista de la firma, adem\u00e1s de contar con una valoraci\u00f3n poco exigente. \u00a0<\/p>\n<p>Pero desde el punto de vista de los expertos, el punto m\u00e1s importante en las redes que ha reiterado sus objetivos de inversi\u00f3n en la red el\u00e9ctrica nacional para el ejercicio todav\u00eda en curso.\u00a0\u00a0<\/p>\n<p><strong>Solaria duplic\u00f3 sus ganancias<\/strong>\u00a0<\/p>\n<p>El experto de Renta 4, Eduardo Imedio Cano, detalla que a pesar de que los fundamentales de esta empresa han sido excelentes durante el primer semestre del a\u00f1o, tienen una gran influencia de \u00bb efectos inorg\u00e1nicos, en particular la operaci\u00f3n con Stonepeak en la filial de terrenos Generia\u201d.\u00a0<\/p>\n<p>Generia es su filial dedicada a la gesti\u00f3n de terrenos para proyectos de energ\u00eda solar, e\u00f3lica e incluso de almacenamiento. Recientemente realiz\u00f3 una ampliaci\u00f3n de capital de 125 millones de euros provechosa, al haber estado por encima del valor contable de la empresa. \u00a0<\/p>\n<p>No obstante, es llamativo tambi\u00e9n el hecho de que sus beneficios netos se dispararon en la primera parte del a\u00f1o. \u201cEl beneficio neto casi se duplic\u00f3, <strong>con un aumento del 97%, hasta los 82 millones de euros<\/strong>, apoyado tambi\u00e9n en menores costes financieros relativos y la aportaci\u00f3n de la operaci\u00f3n de Generia\u201d.\u00a0<\/p>\n<p>Adem\u00e1s, el ebitda de la entidad toc\u00f3 los 140 millones de euros, con un crecimiento interanual del 66% ante el crecimiento de sus ingresos y estabilidad de sus m\u00e1rgenes, y esperan que estos alcancen entre los 245 y 255 millones de euros de su gu\u00eda, tras haber reiterado su objetivo de redes: los tres gigavatios para el ejercicio 2025. \u00a0<\/p>\n<p><strong>La capacidad solar, su punta de lanza<\/strong>\u00a0<\/p>\n<p>Para los analistas de GV Gaesco, los m\u00e1s descatable es el hecho de que \u201cla empresa sigue avanzando en el desarrollo de capacidad solar en contraste con el freno que otras compa\u00f1\u00edas han anunciado en esa actividad, lo que demostrar\u00eda que Solaria juega con un margen de rentabilidad en los proyecto<strong>s gracias a su focalizaci\u00f3n y su desarrollo propio<\/strong>\u201d.\u00a0<\/p>\n<p>\u201cContinuamos positivos con el valor, ya que pensamos que la cotizaci\u00f3n actual <strong>solo recoge los planes m\u00e1s tangibles de la empresa\u201d, <\/strong>se\u00f1alan desde la firma, \u201ces decir, los tres gigavatios de energ\u00eda que pueden generar unos <strong>180 millones de euros de ebitda anual<\/strong>\u201d, punt\u00faan. \u00a0<\/p>\n<p>Pero la apuesta de <a href=\"https:\/\/www.economiadigital.es\/empresas\/iberdrola-endesa-solaria-renovables-protagonismo-inversor-almacenamiento.html\" target=\"_blank\" rel=\"noreferrer noopener nofollow\">Solaria<\/a> por las bater\u00edas en un entorno cada vez menos atra\u00eddo por las renovables es una realidad palpable. \u00a0<\/p>\n<p>Incluso, este viernes se confirmaba que ha conseguido<strong> la autorizaci\u00f3n para a\u00f1adir m\u00e1s bater\u00edas al proyecto Garo\u00f1a de 710 megavatio<\/strong>s, uno de los mayores proyectos fotovoltaicos en toda Espa\u00f1a, seg\u00fan detallan desde Bankinter. \u00a0<\/p>\n<p>Esto puede llevar al alza \u201clas perspectivas de ingresos de Solaria una vez ese proyecto se construya y entre en funcionamiento\u201d, se\u00f1ala el analista de la entidad bancaria Pedro Echeguren.\u00a0<\/p>\n<p>Si esta noticia ha sido \u00fatil para ti, <a href=\"https:\/\/acumbamail.com\/newform\/web\/3jZ0nArv6A93H10fMx9ib5grSQsEDDKjJ\/53685\/\" target=\"_blank\" rel=\"noopener nofollow\">ap\u00fantate a nuestros boletines<\/a> \u00a1No te decepcionaremos! Tambi\u00e9n puedes a\u00f1adir las alertas de <strong>finanzas.com<\/strong> a tus redes y apps: <a href=\"https:\/\/twitter.com\/finanzascom\" target=\"_blank\" rel=\"noopener nofollow\">Twitter<\/a> | <a href=\"https:\/\/www.facebook.com\/finanzas.inversion\" target=\"_blank\" rel=\"noopener nofollow\">Facebook<\/a> | <a href=\"https:\/\/www.linkedin.com\/company\/finanzascom\/\" target=\"_blank\" rel=\"noopener nofollow\">LinkedIn<\/a> | <a rel=\"noreferrer noopener nofollow\" href=\"https:\/\/www.whatsapp.com\/channel\/0029VaFw9rZGehEEjsKS2O3C\" target=\"_blank\">Whatsapp<\/a> | <a href=\"https:\/\/flipboard.com\/@Finanzascom\" target=\"_blank\" rel=\"noopener nofollow\">Flipboard<\/a>. Y sigue los mejores videos financieros de <a href=\"https:\/\/www.youtube.com\/@fcom\" target=\"_blank\" rel=\"noopener nofollow\">Youtube<\/a>.<\/p>\n<p>\t\t\t\t<script async src=\"https:\/\/platform.twitter.com\/widgets.js\" charset=\"utf-8\"><\/script><\/p>\n","protected":false},"excerpt":{"rendered":"Tras el apag\u00f3n de abril, uno de los temas que han afectado a las empresas el\u00e9ctricas en Espa\u00f1a&hellip;\n","protected":false},"author":2,"featured_media":158870,"comment_status":"","ping_status":"","sticky":false,"template":"","format":"standard","meta":{"footnotes":""},"categories":[80],"tags":[82,95,94,25,24,3501,23],"class_list":{"0":"post-158869","1":"post","2":"type-post","3":"status-publish","4":"format-standard","5":"has-post-thumbnail","7":"category-economia","8":"tag-business","9":"tag-economia","10":"tag-economy","11":"tag-es","12":"tag-espana","13":"tag-ibex-35","14":"tag-spain"},"share_on_mastodon":{"url":"","error":""},"_links":{"self":[{"href":"https:\/\/www.europesays.com\/es\/wp-json\/wp\/v2\/posts\/158869","targetHints":{"allow":["GET"]}}],"collection":[{"href":"https:\/\/www.europesays.com\/es\/wp-json\/wp\/v2\/posts"}],"about":[{"href":"https:\/\/www.europesays.com\/es\/wp-json\/wp\/v2\/types\/post"}],"author":[{"embeddable":true,"href":"https:\/\/www.europesays.com\/es\/wp-json\/wp\/v2\/users\/2"}],"replies":[{"embeddable":true,"href":"https:\/\/www.europesays.com\/es\/wp-json\/wp\/v2\/comments?post=158869"}],"version-history":[{"count":0,"href":"https:\/\/www.europesays.com\/es\/wp-json\/wp\/v2\/posts\/158869\/revisions"}],"wp:featuredmedia":[{"embeddable":true,"href":"https:\/\/www.europesays.com\/es\/wp-json\/wp\/v2\/media\/158870"}],"wp:attachment":[{"href":"https:\/\/www.europesays.com\/es\/wp-json\/wp\/v2\/media?parent=158869"}],"wp:term":[{"taxonomy":"category","embeddable":true,"href":"https:\/\/www.europesays.com\/es\/wp-json\/wp\/v2\/categories?post=158869"},{"taxonomy":"post_tag","embeddable":true,"href":"https:\/\/www.europesays.com\/es\/wp-json\/wp\/v2\/tags?post=158869"}],"curies":[{"name":"wp","href":"https:\/\/api.w.org\/{rel}","templated":true}]}}