{"id":158872,"date":"2025-10-06T04:19:22","date_gmt":"2025-10-06T04:19:22","guid":{"rendered":"https:\/\/www.europesays.com\/es\/158872\/"},"modified":"2025-10-06T04:19:22","modified_gmt":"2025-10-06T04:19:22","slug":"zaragoza-estrena-su-nuevo-tobogan-gigante-el-leon-garganchon-noticia-ayuntamiento-de-zaragoza","status":"publish","type":"post","link":"https:\/\/www.europesays.com\/es\/158872\/","title":{"rendered":"Zaragoza estrena su nuevo tobog\u00e1n gigante, el Le\u00f3n Garganch\u00f3n. Noticia. Ayuntamiento de Zaragoza"},"content":{"rendered":"<p>      Cuerpo de la noticia<\/p>\n<p>Los ni\u00f1os zaragozanos han podido deslizarse por primera vez hoy por el <strong>nuevo tobog\u00e1n gigante, el Le\u00f3n Garganch\u00f3n<\/strong>, que estas fiestas se une al Tragachicos para hacer las delicias de los m\u00e1s peque\u00f1os. La expectaci\u00f3n por estrenarlo aument\u00f3 ayer, despu\u00e9s de que hiciera su primera aparici\u00f3n oficial como estrella del desfile del preg\u00f3n, con el lema \u00abZaragoza es el Le\u00f3n\u00bb. As\u00ed que han sido <strong>muchos los ni\u00f1os y ni\u00f1as de nuestra ciudad que no han querido perderse esta oportunidad para probarlo<\/strong>. En su estreno tambi\u00e9n ha estado presente la alcaldesa de Zaragoza, <strong>Natalia Chueca<\/strong>.<\/p>\n<p>La figura representa a un le\u00f3n rampante,<strong> s\u00edmbolo de la ciudad<\/strong>, que, despu\u00e9s de su debut de hoy en la Plaza del Pilar, recorrer\u00e1 diferentes puntos de la ciudad, ya en solitario, para multiplicar las opciones de los m\u00e1s peque\u00f1os para disfrutar de las Fiestas del Pilar. El objetivo de este nuevo tobog\u00e1n itinerante es convertirse en un elemento tan querido entre los ni\u00f1os como el Tragachicos.<\/p>\n<p>El Le\u00f3n Garganch\u00f3n visitar\u00e1 ma\u00f1ana <strong>lunes el Parque Oliver<\/strong>, para viajar el martes hasta <strong>Las Fuentes<\/strong>, donde se situar\u00e1 en el Paseo Vicente Cazcarra. El mi\u00e9rcoles, los ni\u00f1os podr\u00e1n disfrutar de \u00e9l en la<strong> Plaza Mayor de San Jos\u00e9<\/strong>, mientras que el pr\u00f3ximo jueves estar\u00e1 en Valdespartera, en la plaza Cantor de Jazz. El viernes se trasladar\u00e1 a la <strong>plaza Basilio Para\u00edso,<\/strong> el s\u00e1bado ir\u00e1 a<strong> La Jota<\/strong>, a la plaza La Albada y el domingo, el d\u00eda grande de las fiestas, la <strong>Glorieta del Esperanto<\/strong> ser\u00e1 su ubicaci\u00f3n. La \u00faltima ocasi\u00f3n para deslizarse por el Le\u00f3n Garganch\u00f3n estas Fiestas ser\u00e1 el lunes 13 en la <strong>Plaza Salamero<\/strong>. El horario ser\u00e1 de 16 a 20 horas excepto el viernes 10, el s\u00e1bado 11, los domingos 5 y 12 y el lunes 13, que tendr\u00e1 horario de ma\u00f1ana y tarde, de 11 a 14 horas y de 16 a 20 horas.<\/p>\n<p>\u00a0<\/p>\n<p><strong>UNA FIGURA CENTENARIA<\/strong><\/p>\n<p>Los toboganes gigantes son un cl\u00e1sico en las Fiestas del Pilar, aunque ha ido evolucionando a lo largo de los a\u00f1os.<strong> Su primera aparici\u00f3n se produjo en 1867<\/strong>, cuando uno de los personajes de las Fiestas era una enorme figura ataviada con un turbante, que desfilaba en un carro tirado por mulas y al que unos hombres vestidos de cocineros le daban de comer los objetos m\u00e1s dispares, como sombreros o botas. Pero<strong> su antecedente m\u00e1s cercano es el T\u00edo Zambombo,<\/strong> que a finales de los a\u00f1os 60 cambi\u00f3 su dieta por la de los ni\u00f1os que se introduc\u00edan por su boca para recorrer su tobog\u00e1n interior. Esta figura se perdi\u00f3 en los a\u00f1os 90, pero se recuper\u00f3 en 2012 en la forma del Tragachicos, que ahora se complementa con el nuevo Le\u00f3n Garganch\u00f3n.<\/p>\n","protected":false},"excerpt":{"rendered":"Cuerpo de la noticia Los ni\u00f1os zaragozanos han podido deslizarse por primera vez hoy por el nuevo tobog\u00e1n&hellip;\n","protected":false},"author":2,"featured_media":158873,"comment_status":"","ping_status":"","sticky":false,"template":"","format":"standard","meta":{"footnotes":""},"categories":[5],"tags":[17,18,25,24,13,14,11,19,20,9,10,15,16,23,12,21,22],"class_list":{"0":"post-158872","1":"post","2":"type-post","3":"status-publish","4":"format-standard","5":"has-post-thumbnail","7":"category-titulares","8":"tag-breaking-news","9":"tag-breakingnews","10":"tag-es","11":"tag-espana","12":"tag-featured-news","13":"tag-featurednews","14":"tag-headlines","15":"tag-latest-news","16":"tag-latestnews","17":"tag-news","18":"tag-noticias","19":"tag-noticias-destacadas","20":"tag-noticiasdestacadas","21":"tag-spain","22":"tag-titulares","23":"tag-ultimas-noticias","24":"tag-ultimasnoticias"},"share_on_mastodon":{"url":"","error":""},"_links":{"self":[{"href":"https:\/\/www.europesays.com\/es\/wp-json\/wp\/v2\/posts\/158872","targetHints":{"allow":["GET"]}}],"collection":[{"href":"https:\/\/www.europesays.com\/es\/wp-json\/wp\/v2\/posts"}],"about":[{"href":"https:\/\/www.europesays.com\/es\/wp-json\/wp\/v2\/types\/post"}],"author":[{"embeddable":true,"href":"https:\/\/www.europesays.com\/es\/wp-json\/wp\/v2\/users\/2"}],"replies":[{"embeddable":true,"href":"https:\/\/www.europesays.com\/es\/wp-json\/wp\/v2\/comments?post=158872"}],"version-history":[{"count":0,"href":"https:\/\/www.europesays.com\/es\/wp-json\/wp\/v2\/posts\/158872\/revisions"}],"wp:featuredmedia":[{"embeddable":true,"href":"https:\/\/www.europesays.com\/es\/wp-json\/wp\/v2\/media\/158873"}],"wp:attachment":[{"href":"https:\/\/www.europesays.com\/es\/wp-json\/wp\/v2\/media?parent=158872"}],"wp:term":[{"taxonomy":"category","embeddable":true,"href":"https:\/\/www.europesays.com\/es\/wp-json\/wp\/v2\/categories?post=158872"},{"taxonomy":"post_tag","embeddable":true,"href":"https:\/\/www.europesays.com\/es\/wp-json\/wp\/v2\/tags?post=158872"}],"curies":[{"name":"wp","href":"https:\/\/api.w.org\/{rel}","templated":true}]}}