{"id":158874,"date":"2025-10-06T04:21:07","date_gmt":"2025-10-06T04:21:07","guid":{"rendered":"https:\/\/www.europesays.com\/es\/158874\/"},"modified":"2025-10-06T04:21:07","modified_gmt":"2025-10-06T04:21:07","slug":"javier-castano-la-gloria-bien-ganada","status":"publish","type":"post","link":"https:\/\/www.europesays.com\/es\/158874\/","title":{"rendered":"Javier Casta\u00f1o, la gloria bien ganada"},"content":{"rendered":"<p class=\"v-p\">Puede estar tranquilo y orgulloso. Y debe estar feliz tras su retirada en Zaragoza donde se ha cortado la coleta un torero admirable y ejemplar. Javier Casta\u00f1o ya est\u00e1 en el reino de los elegidos, en la n\u00f3mina de los toreros referencia. En los que se han ganado un sitio en la historia. Por sus cifras, sus hitos, por su entrega, por tres d\u00e9cadas de pasi\u00f3n, dedicaci\u00f3n, constancia y fidelidad al toro. Al toreo se aferr\u00f3 para salvar al hombre que desafi\u00f3 las ganader\u00edas m\u00e1s terror\u00edficas y le toc\u00f3 lidiar el toro m\u00e1s duro de su existencia cuando el puto c\u00e1ncer se le atraves\u00f3 en su vida. Pero lo venci\u00f3 con su eterna e inquebrantable alma de acero. Esa fue una de las cimas de la monta\u00f1a rusa que fue su carrera. Disfrut\u00f3 los momentos de gloria y fue ejemplo de constancia, fe y superaci\u00f3n cuando pintaron bastos. Fue capaz de revertirlo. Sali\u00f3 de la nada y se hizo torero casi por capricho de su padre al que hoy le costaba contener las l\u00e1grimas; y a hombros de novillero en Madrid, de matador sabore\u00f3 la miel de las ferias y la hiel del desprecio. Lo abandonaron en el desierto y casi una d\u00e9cada despu\u00e9s de esa cruel traves\u00eda se reinvent\u00f3 como el m\u00e1s valiente, templado y capaz con los toros m\u00e1s fueros. Confi\u00f3 \u00e9l y confi\u00f3 Tiburcio Lucero, a quien hoy no le sal\u00edan las palabras, que fue quien le tendi\u00f3 la mano cuando los dem\u00e1s s\u00f3lo le pon\u00edan excusas. Y los dos se hicieron grandes en la \u00e9poca dorada en la que Javier hizo historia con los seis Miuras en Nimes, cuando puso en efervescencia todos los tercios, cuando aquella faena al Cuadri de Sevilla; al Adolfo en Fallas, la \u00e9pica tarde de Gij\u00f3n, la de las tres orejas de Castell\u00f3n, Salamanca&#8230; Aquello se fue desinflando hasta que lleg\u00f3 el c\u00e1ncer. Que venci\u00f3 en silencio, en una nueva lecci\u00f3n de superaci\u00f3n y vida. Rindi\u00f3 al p\u00fablico con la evidencia de los imponentes efectos de la quimioterapia en Sevilla. Pero fue el sistema quien devast\u00f3 su grandeza al ningunear lo que hizo el hombre primero y el torero despu\u00e9s. No tuvo recompensa. Y tampoco este a\u00f1o de su adi\u00f3s. Ni las empresas ni la prensa\u2026 Dijo antes de empezar que no quer\u00eda ni limosnas. Y lo que hizo fue poner en valor su carrera y marcharse con el orgullo y la dignidad de un hombre \u00edntegro y un torero honrado, fiel y capaz. Hoy su hija Sabela le ha cortado la coleta a su padre en La Misericordia; y Javier brind\u00f3 los dos \u00faltimos toros de su vida a su apoderado Tiburcio Lucero y a Enrique, su padre. Como no pod\u00eda ser de otra manera. En los abrazos sobraron las palabras. La profesi\u00f3n le dio mucho pero no todo lo que mereci\u00f3 y gan\u00f3. A Casta\u00f1o, el respeto eterno. Porque lo ha conquistado en tres d\u00e9cadas intachables. Ah\u00ed est\u00e1 su hoja de ruta para gloria del toreo y orgullo de Salamanca.<\/p>\n<p>Reporta un error<\/p>\n","protected":false},"excerpt":{"rendered":"Puede estar tranquilo y orgulloso. Y debe estar feliz tras su retirada en Zaragoza donde se ha cortado&hellip;\n","protected":false},"author":2,"featured_media":158875,"comment_status":"","ping_status":"","sticky":false,"template":"","format":"standard","meta":{"footnotes":""},"categories":[277],"tags":[14649,373,8991,168,25,24,27898,3086,5264,23,167,374],"class_list":{"0":"post-158874","1":"post","2":"type-post","3":"status-publish","4":"format-standard","5":"has-post-thumbnail","7":"category-toreo","8":"tag-bien","9":"tag-bullfighting","10":"tag-castano","11":"tag-deportes","12":"tag-es","13":"tag-espana","14":"tag-ganada","15":"tag-gloria","16":"tag-javier","17":"tag-spain","18":"tag-sports","19":"tag-toreo"},"share_on_mastodon":{"url":"","error":""},"_links":{"self":[{"href":"https:\/\/www.europesays.com\/es\/wp-json\/wp\/v2\/posts\/158874","targetHints":{"allow":["GET"]}}],"collection":[{"href":"https:\/\/www.europesays.com\/es\/wp-json\/wp\/v2\/posts"}],"about":[{"href":"https:\/\/www.europesays.com\/es\/wp-json\/wp\/v2\/types\/post"}],"author":[{"embeddable":true,"href":"https:\/\/www.europesays.com\/es\/wp-json\/wp\/v2\/users\/2"}],"replies":[{"embeddable":true,"href":"https:\/\/www.europesays.com\/es\/wp-json\/wp\/v2\/comments?post=158874"}],"version-history":[{"count":0,"href":"https:\/\/www.europesays.com\/es\/wp-json\/wp\/v2\/posts\/158874\/revisions"}],"wp:featuredmedia":[{"embeddable":true,"href":"https:\/\/www.europesays.com\/es\/wp-json\/wp\/v2\/media\/158875"}],"wp:attachment":[{"href":"https:\/\/www.europesays.com\/es\/wp-json\/wp\/v2\/media?parent=158874"}],"wp:term":[{"taxonomy":"category","embeddable":true,"href":"https:\/\/www.europesays.com\/es\/wp-json\/wp\/v2\/categories?post=158874"},{"taxonomy":"post_tag","embeddable":true,"href":"https:\/\/www.europesays.com\/es\/wp-json\/wp\/v2\/tags?post=158874"}],"curies":[{"name":"wp","href":"https:\/\/api.w.org\/{rel}","templated":true}]}}