{"id":158876,"date":"2025-10-06T04:31:16","date_gmt":"2025-10-06T04:31:16","guid":{"rendered":"https:\/\/www.europesays.com\/es\/158876\/"},"modified":"2025-10-06T04:31:16","modified_gmt":"2025-10-06T04:31:16","slug":"libros-de-colombia-que-no-te-puedes-perder","status":"publish","type":"post","link":"https:\/\/www.europesays.com\/es\/158876\/","title":{"rendered":"Libros de Colombia que no te puedes perder"},"content":{"rendered":"<p>                                 <img decoding=\"async\" alt=\"FIL Mty 2025\" src=\"https:\/\/www.europesays.com\/es\/wp-content\/uploads\/2025\/10\/logotipo-fil-monterrey-1.jpg\" height=\"396\" style=\"width: auto; max-width: 100%; height: auto;\"\/><\/p>\n<p>La narrativa colombiana ha trazado un mapa literario tan diverso y complejo como el pa\u00eds mismo. Esta selecci\u00f3n de <strong>libros de Colombia que no te puedes perder<\/strong> son una muestra del talento en el pa\u00eds invitado de honor en la Feria Internacional del Libro Monterrey 2025, una potencia creativa de una de las tradiciones literarias m\u00e1s vigorosas de la lengua espa\u00f1ola.<\/p>\n<p>Ecos de la historia y la memoria<\/p>\n<p>La vor\u00e1gine, de Jos\u00e9 Eustasio Rivera, es <a href=\"https:\/\/librotea.eldiario.es\/libros\/la-voragine-de-jose-eustasio-rivera\" target=\"_self\" rel=\"nofollow noopener\">una novela publicada en 1924 a manera de grito de denuncia<\/a>\u00a0sobre la explotaci\u00f3n de los caucheros en la selva amaz\u00f3nica. La historia sigue al poeta Arturo Cova y su amante Alicia, quienes huyen de Bogot\u00e1 y se adentran en la jungla, un infierno verde que devora a los hombres. La prosa de Rivera, que oscila entre el romanticismo y el horror,<strong> transforma la naturaleza en un personaje activo y avasallador, sentando las bases de la novela de la selva latinoamericana.<\/strong><\/p>\n<p>                <img loading=\"lazy\" decoding=\"async\" src=\"https:\/\/www.europesays.com\/es\/wp-content\/uploads\/2025\/10\/la-voragine.jpeg\" alt=\"La vor\u00e1gine\" type=\"\" width=\"126\" height=\"126\" onerror=\"this.onerror=null;this.src=`\/bundles\/libroteacore\/fallback-image\/126\/205.png`;\" data-camus-image=\"\"\/><\/p>\n<p>\t\tLa vor\u00e1gine<\/p>\n<p>Jos\u00e9 Eustasio Rivera<\/p>\n<p>Ediciones C\u00e1tedra<\/p>\n<p><a href=\"https:\/\/librotea.com\/buscar?q=Gabriel+garcia+marquez\" target=\"_self\" rel=\"nofollow noopener\">Gabriel Garc\u00eda M\u00e1rquez aport\u00f3 a la leyenda<\/a> de la literatura colombiana con Cien a\u00f1os de soledad, novela del realismo m\u00e1gico que relata la historia de<strong> la estirpe de los Buend\u00eda a lo largo de siete generaciones en el pueblo m\u00edtico de Macondo<\/strong>. A trav\u00e9s de un lenguaje exuberante y una estructura c\u00edclica, Garc\u00eda M\u00e1rquez condensa los mitos fundacionales de Am\u00e9rica Latina, entrelazando lo pol\u00edtico, lo familiar y lo sobrenatural en una reflexi\u00f3n sobre la soledad, el tiempo y el olvido. Su publicaci\u00f3n en 1967 cambi\u00f3 el curso de la literatura en espa\u00f1ol.<\/p>\n<p>                <img loading=\"lazy\" decoding=\"async\" src=\"https:\/\/www.europesays.com\/es\/wp-content\/uploads\/2025\/10\/cien-anos-de-soledad.jpg\" alt=\"Cien a\u00f1os de soledad\" type=\"\" width=\"1000\" height=\"1641\" onerror=\"this.onerror=null;this.src=`\/bundles\/libroteacore\/fallback-image\/126\/205.png`;\" data-camus-image=\"\"\/><\/p>\n<p>\t\tCien a\u00f1os de soledad<\/p>\n<p>Gabriel Garc\u00eda M\u00e1rquez<\/p>\n<p>C\u00e1tedra<\/p>\n<p><\/p>\n<p>Voces narrativas y paisajes humanos<\/p>\n<p>Ganadora del Premio Alfaguara en 2004, Delirio, de\u00a0<a href=\"https:\/\/librotea.com\/buscar?q=Laura+restrepo\" target=\"_self\" rel=\"nofollow noopener\">Laura Restrepo<\/a>,\u00a0captura el clima de caos y paranoia de <strong>una Bogot\u00e1 sitiada por el narcotr\u00e1fico y la violencia pol\u00edtica.<\/strong> La trama se desencadena cuando Agustina, la protagonista, sufre un episodio de locura tras presenciar un evento traum\u00e1tico. A trav\u00e9s de la investigaci\u00f3n de su esposo, la narraci\u00f3n reconstruye, de forma fragmentaria, los hilos que conectan la historia familiar de Agustina con la corrupci\u00f3n y la demencia colectiva del pa\u00eds.<\/p>\n<p>                <img loading=\"lazy\" decoding=\"async\" src=\"https:\/\/www.europesays.com\/es\/wp-content\/uploads\/2025\/10\/delirio.jpeg\" alt=\"Delirio ( Premio Alfaguara de novela 2004 )\" type=\"\" width=\"126\" height=\"126\" onerror=\"this.onerror=null;this.src=`\/bundles\/libroteacore\/fallback-image\/126\/205.png`;\" data-camus-image=\"\"\/><\/p>\n<p>\t\tDelirio ( Premio Alfaguara de novela 2004 )<\/p>\n<p>Laura Restrepo<\/p>\n<p>DEBOLSILLO<\/p>\n<p>Publicada en 2023, Perra es una novela en la que Pilar Quintana explora la vida de Damaris, una mujer en un pueblo del Pac\u00edfico colombiano cuya relaci\u00f3n con Rogelio ha estado marcada por la frustraci\u00f3n de no poder tener un hijo. La narrativa se concentra en el giro que toma su vida cuando adopta una perra, un acto que desencadena <strong>una reflexi\u00f3n profunda y tensa sobre la maternidad, el instinto y los deseos incumplido<\/strong><strong>s<\/strong>, <a href=\"https:\/\/librotea.eldiario.es\/videos\/entrevista-pilar-quintana-libros-descubren-salvaje\" target=\"_self\" rel=\"nofollow noopener\">consolidando el lugar de la autora en la narrativa contempor\u00e1nea colombiana.<\/a><\/p>\n<p>                <img loading=\"lazy\" decoding=\"async\" src=\"https:\/\/www.europesays.com\/es\/wp-content\/uploads\/2025\/10\/la-perra_2.jpeg\" alt=\"La perra\" type=\"\" width=\"126\" height=\"126\" onerror=\"this.onerror=null;this.src=`\/bundles\/libroteacore\/fallback-image\/126\/205.png`;\" data-camus-image=\"\"\/><\/p>\n<p>\t\tLa perra<\/p>\n<p>Pilar Quintana<\/p>\n<p>LITERATURA RANDOM HOUSE<\/p>\n<p>Libros de Colombia que no te puedes perder<\/p>\n<p>El olvido que seremos,\u00a0de <a href=\"https:\/\/es.wikipedia.org\/wiki\/H\u00e9ctor_Abad_Faciolince\" target=\"_blank\" rel=\"nofollow noopener\">H\u00e9ctor Abad Faciolince<\/a>, es un homenaje del autor a su padre, H\u00e9ctor Abad G\u00f3mez, un <strong>m\u00e9dico y activista de derechos humanos asesinado en Medell\u00edn en 1987<\/strong>. Con una prosa clara y desprovista de sentimentalismo, Abad reconstruye la figura paterna, su pensamiento humanista y su lucha social, al tiempo que narra el duelo y el impacto del asesinato. Es un testimonio profundamente conmovedor sobre el amor filial, la memoria y la violencia pol\u00edtica en Colombia.<\/p>\n<p>                <img loading=\"lazy\" decoding=\"async\" src=\"https:\/\/www.europesays.com\/es\/wp-content\/uploads\/2025\/10\/el-olvido-que-seremos.jpeg\" alt=\"El olvido que seremos\" type=\"\" width=\"738\" height=\"1122\" onerror=\"this.onerror=null;this.src=`\/bundles\/libroteacore\/fallback-image\/126\/205.png`;\" data-camus-image=\"\"\/><\/p>\n<p>\t\tEl olvido que seremos<\/p>\n<p>H\u00e9ctor Abad Faciolince<\/p>\n<p>Booket<\/p>\n<p>\u200b<\/p>\n<p>\u00a1Que viva la m\u00fasica!, de Andr\u00e9s Caicedo, se public\u00f3\u00a0p\u00f3stumamente en 1977 y se convirti\u00f3 en u<strong>n manifiesto de la contracultura y la juventud en la ciudad de Cali. <\/strong>Su protagonista, Mar\u00eda del Carmen Huerta, abandona su vida de adolescente de clase alta para sumergirse en los bajos fondos, obsesionada con la salsa y el rock. La narraci\u00f3n fren\u00e9tica y ca\u00f3tica refleja un deseo autodestructivo de vivir al l\u00edmite, constituyendo <a href=\"http:\/\/www.mamacoca.org\/docs_de_base\/La_Representacion_Social_del_narcotrafico\/Libro_caicedo_andres_que_viva_la_musica.pdf\" target=\"_blank\" rel=\"nofollow noopener\">un documento \u00fanico sobre la efervescencia social y cultural de los a\u00f1os setenta.<\/a><\/p>\n<p>                <img loading=\"lazy\" decoding=\"async\" src=\"https:\/\/www.europesays.com\/es\/wp-content\/uploads\/2025\/08\/que-viva-la-musica.jpeg\" alt=\"\u00a1Que viva la m\u00fasica!\" type=\"\" width=\"126\" height=\"126\" onerror=\"this.onerror=null;this.src=`\/bundles\/libroteacore\/fallback-image\/126\/205.png`;\" data-camus-image=\"\"\/><\/p>\n<p>\t\t\u00a1Que viva la m\u00fasica!<\/p>\n<p>Andr\u00e9s Caicedo<\/p>\n<p>DEBOLSILLO<\/p>\n<p><\/p>\n","protected":false},"excerpt":{"rendered":"La narrativa colombiana ha trazado un mapa literario tan diverso y complejo como el pa\u00eds mismo. Esta selecci\u00f3n&hellip;\n","protected":false},"author":2,"featured_media":158877,"comment_status":"","ping_status":"","sticky":false,"template":"","format":"standard","meta":{"footnotes":""},"categories":[172],"tags":[47317,47320,224,18816,146,147,25,24,47318,9009,47316,47314,47315,26109,225,33155,34152,9198,47322,47319,47321,23],"class_list":{"0":"post-158876","1":"post","2":"type-post","3":"status-publish","4":"format-standard","5":"has-post-thumbnail","7":"category-libros","8":"tag-andres-caicedo","9":"tag-autores-colombianos","10":"tag-books","11":"tag-cien-anos-de-soledad","12":"tag-entertainment","13":"tag-entretenimiento","14":"tag-es","15":"tag-espana","16":"tag-evelio-rosero","17":"tag-gabriel-garcia-marquez","18":"tag-hector-abad-faciolince","19":"tag-jose-eustasio-rivera","20":"tag-la-voragine","21":"tag-laura-restrepo","22":"tag-libros","23":"tag-libros-para-leer","24":"tag-libros-recomendados","25":"tag-literatura-colombiana","26":"tag-macondo","27":"tag-novelas-colombianas","28":"tag-realismo-magico","29":"tag-spain"},"share_on_mastodon":{"url":"","error":""},"_links":{"self":[{"href":"https:\/\/www.europesays.com\/es\/wp-json\/wp\/v2\/posts\/158876","targetHints":{"allow":["GET"]}}],"collection":[{"href":"https:\/\/www.europesays.com\/es\/wp-json\/wp\/v2\/posts"}],"about":[{"href":"https:\/\/www.europesays.com\/es\/wp-json\/wp\/v2\/types\/post"}],"author":[{"embeddable":true,"href":"https:\/\/www.europesays.com\/es\/wp-json\/wp\/v2\/users\/2"}],"replies":[{"embeddable":true,"href":"https:\/\/www.europesays.com\/es\/wp-json\/wp\/v2\/comments?post=158876"}],"version-history":[{"count":0,"href":"https:\/\/www.europesays.com\/es\/wp-json\/wp\/v2\/posts\/158876\/revisions"}],"wp:featuredmedia":[{"embeddable":true,"href":"https:\/\/www.europesays.com\/es\/wp-json\/wp\/v2\/media\/158877"}],"wp:attachment":[{"href":"https:\/\/www.europesays.com\/es\/wp-json\/wp\/v2\/media?parent=158876"}],"wp:term":[{"taxonomy":"category","embeddable":true,"href":"https:\/\/www.europesays.com\/es\/wp-json\/wp\/v2\/categories?post=158876"},{"taxonomy":"post_tag","embeddable":true,"href":"https:\/\/www.europesays.com\/es\/wp-json\/wp\/v2\/tags?post=158876"}],"curies":[{"name":"wp","href":"https:\/\/api.w.org\/{rel}","templated":true}]}}