{"id":158882,"date":"2025-10-06T04:36:11","date_gmt":"2025-10-06T04:36:11","guid":{"rendered":"https:\/\/www.europesays.com\/es\/158882\/"},"modified":"2025-10-06T04:36:11","modified_gmt":"2025-10-06T04:36:11","slug":"cada-decada-requiere-ajustar-volumen-e-intensidad-del-entrenamiento-pero-nunca-parar","status":"publish","type":"post","link":"https:\/\/www.europesays.com\/es\/158882\/","title":{"rendered":"Cada d\u00e9cada requiere ajustar volumen e intensidad del entrenamiento, pero nunca parar"},"content":{"rendered":"<p id=\"ePohUs1_oo\" data-wc=\"77\">Vivir m\u00e1s y mejor es el objetivo que muchos perseguimos, y el ejercicio f\u00edsico juega un papel clave en ese camino. Pero<strong>\u00a0\u00bfc\u00f3mo deber\u00edamos entrenar para ganar a\u00f1os de vida con calidad?\u00a0<\/strong>\u00bfEs cuesti\u00f3n de acumular horas o de afinar el enfoque? M\u00e1s all\u00e1 del volumen, lo que realmente marca la diferencia es la eficiencia: entrenar con inteligencia, <strong>adaptando el esfuerzo a las necesidades reales del cuerpo<\/strong>. Lo analizamos junto a <strong>Gonzalo Ruiz Utrilla<\/strong>, experto en longevidad.<\/p>\n<p>\u00bfEntrenar m\u00e1s siempre es mejor?<\/p>\n<p id=\"e3a9XSobOT1\" data-wc=\"115\">En opini\u00f3n del especialista, uno de los mayores errores que cometen muchas personas es pensar que m\u00e1s actividad siempre equivale a m\u00e1s beneficios. Pero en realidad, un entrenamiento mal estructurado, con un volumen excesivo o sin planificaci\u00f3n, puede llevar a un desgaste innecesario, ya que <a class=\"hm-link ho-link\" href=\"https:\/\/www.hola.com\/estar-bien\/20190910147675\/ejercicios-provocan-mas-lesiones-cs\/\" data-mrf-recirculation=\"article-body-link\" rel=\"nofollow noopener\" target=\"_blank\">aumentan el riesgo de lesiones\u00a0<\/a>y se genera fatiga cr\u00f3nica, lo que es contraproducente en el largo plazo: \u201cLo ideal es organizar un plan pautado y optimizado en el que se <strong>estimulen los biomarcadores m\u00e1s importantes para la longevidad<\/strong>, sin generar un estr\u00e9s excesivo en el organismo. Lo que realmente marca la diferencia es el tipo de est\u00edmulo que recibe el cuerpo y c\u00f3mo se adapta a \u00e9l\u201d, nos detalla.<\/p>\n<p> <img src=\"https:\/\/www.europesays.com\/es\/wp-content\/uploads\/2025\/10\/89612238adcb-gettyimages-600678096.jpg\"   width=\"1024\" height=\"682\" loading=\"lazy\" decoding=\"async\" alt=\"Mujer atl\u00e9tica haciendo zancadas para adelgazar las piernas\" fetchpriority=\"auto\" class=\"image ho-image\"\/>\u00a9 Getty Images<br \/>\nActividad f\u00edsica para vivir m\u00e1s y mejor<\/p>\n<p id=\"eZZ1G0V9dWd\" data-wc=\"66\">Tal y como nos cuenta el experto en longevidad, el ejercicio no es solo un \u201cquemador de calor\u00edas\u201d. \u00abEs un modulador biol\u00f3gico que activa v\u00edas metab\u00f3licas asociadas a longevidad. Mejora la densidad mitocondrial, <a class=\"hm-link ho-link\" href=\"https:\/\/www.hola.com\/estar-bien\/20230518232068\/ganar-masa-muscular-consejos-ejercicio-nutricion\/\" data-mrf-recirculation=\"article-body-link\" rel=\"nofollow noopener\" target=\"_blank\">mantiene la masa muscular<\/a> y protege frente a sarcopenia y fragilidad. Vivir m\u00e1s a\u00f1os sin fuerza, sin movilidad o sin autonom\u00eda, no es longevidad. El entrenamiento es la vacuna contra eso\u00bb, nos dice.<\/p>\n<p id=\"eUrJnATLCL_L\" data-wc=\"105\">El experto habla de la importancia de estimular biomarcadores clave para la longevidad. Le preguntamos cu\u00e1les son los m\u00e1s relevantes y c\u00f3mo se activan con el ejercicio. Uno de ellos es la <strong>variabilidad de la frecuencia card\u00edaca (VFC),<\/strong> muy importante en la planificaci\u00f3n del entrenamiento. \u00abLa VFC es el term\u00f3metro del sistema nervioso aut\u00f3nomo. Una VFC baja sugiere un exceso de estr\u00e9s, mala recuperaci\u00f3n y un predominio del sistema simp\u00e1tico, lo que puede favorecer el envejecimiento acelerado. Entrenar fuerte puede ser contraproducente. Si est\u00e1 alta, es momento de empujar m\u00e1s. <strong>Usar la VFC es entrenar con inteligencia,\u00a0<\/strong>no contra el cuerpo\u00bb, nos comenta el experto.<\/p>\n<p>\u00bfC\u00f3mo podemos medir la VFC?<\/p>\n<p id=\"eXtbpdw8FfyK\" data-wc=\"78\">Una de las mejores herramientas para gestionar esto es la medici\u00f3n de la variabilidad de la frecuencia card\u00edaca (VFC) a trav\u00e9s de wearables. En su opini\u00f3n, al monitorizar la VFC, <strong>podemos saber cu\u00e1ndo es el mejor momento para entrenar<\/strong> fuerte y cuando es necesario reducir la intensidad o priorizar la recuperaci\u00f3n. \u201cEsta informaci\u00f3n es clave para optimizar la longevidad, ya que el equilibrio entre est\u00edmulo y recuperaci\u00f3n es lo que permite adaptaciones positivas sin generar un desgaste innecesario\u201d.\u00a0<\/p>\n<p id=\"edC9SrCfoST\" data-wc=\"63\">Adem\u00e1s de los wearables, hay otras formas de controlar el estr\u00e9s y modular el sistema nervioso: \u201cPor ejemplo, hacer <strong>ejercicios de respiraci\u00f3n diafragm\u00e1tica,<\/strong> exponerse al fr\u00edo para activar el sistema parasimp\u00e1tico, tomarse d\u00edas de descanso activo con estiramientos o caminatas con el fin de reducir la carga total, o tener el suficiente sue\u00f1o profundo y una alimentaci\u00f3n \u00f3ptima que favorezca la reparaci\u00f3n celular\u201d.<\/p>\n<p>Entrenamiento para personas de m\u00e1s de 40 a\u00f1os<\/p>\n<p id=\"e1yhXZtCI5QH\" data-wc=\"38\">Le planteamos al experto qu\u00e9 tipo de entrenamiento considera \u00f3ptimo para personas a partir de los 40 o 50 a\u00f1os que quieren mantenerse funcionales sin caer en el sobreentrenamiento. En su opini\u00f3n, la combinaci\u00f3n ideal ser\u00eda la siguiente:<\/p>\n<ul data-wc=\"26\" id=\"ul-dkkj4mgemmofa\">\n<li><strong>2\u20133 sesiones de fuerza<\/strong> (cargas progresivas, \u00e9nfasis en b\u00e1sicos).<\/li>\n<li><strong>1\u20132 sesiones de cardio intervalado<\/strong> (HIIT o sprint en bicicleta\/correr).<\/li>\n<li><a class=\"hm-link ho-link\" href=\"https:\/\/www.hola.com\/estar-bien\/20211221201589\/caminar-beneficios-consejos\/\" data-mrf-recirculation=\"article-body-link\" rel=\"nofollow noopener\" target=\"_blank\">Caminar mucho<\/a> y no olvidar la movilidad diaria.<\/li>\n<\/ul>\n<p id=\"ewr5klvu1I4z\" data-wc=\"16\">En su opini\u00f3n, \u00abel secreto no est\u00e1 en la intensidad m\u00e1xima, sino en la consistencia inteligente\u00bb.<\/p>\n<p> <img src=\"https:\/\/www.europesays.com\/es\/wp-content\/uploads\/2025\/10\/eba0baa92861-gettyimages-1281506055.jpg\"   width=\"1024\" height=\"682\" loading=\"lazy\" decoding=\"async\" alt=\"mujer descansando despu\u00e9s de hacer ejercicio en casa\" fetchpriority=\"auto\" class=\"image ho-image\"\/>\u00a9 Getty Images<br \/>\nLa importancia del descanso<\/p>\n<p id=\"eMDe-TDwFlc1\" data-wc=\"65\">En opini\u00f3n del experto, la clave para la longevidad no es s\u00f3lo entrenar, sino saber cu\u00e1ndo hacerlo y descansar. Sin embargo, seguimos cayendo en esos errores. \u00bfLa raz\u00f3n? \u00abEntrenamos m\u00e1s con el ego que con la fisiolog\u00eda. La cultura del &#8216;no pain no gain&#8217; sigue pesando m\u00e1s que la ciencia. <strong>No entendemos que la adaptaci\u00f3n ocurre en el descanso, no en la sesi\u00f3n<\/strong>\u00ab, nos comenta.<\/p>\n<p id=\"egRBtAddDV7O\" data-wc=\"75\">Adem\u00e1s, no podemos perder de vista <a class=\"hm-link ho-link\" href=\"https:\/\/www.hola.com\/estar-bien\/20190816147341\/descanso-activo-deporte-gt\/\" data-mrf-recirculation=\"article-body-link\" rel=\"nofollow noopener\" target=\"_blank\">la importancia del descanso activo<\/a>, el sue\u00f1o profundo y la gesti\u00f3n del estr\u00e9s en un plan de entrenamiento para longevidad. En opini\u00f3n de Gonzalo Ruiz Utrilla, son la base. \u00abPuedes entrenar perfecto, pero si no duermes 7\u20138h con suficiente fase profunda, todo se derrumba. El estr\u00e9s cr\u00f3nico eleva el cortisol y destruye masa muscular. Y el descanso activo mantiene el flujo sangu\u00edneo y la movilidad sin a\u00f1adir carga\u00bb, apunta.<\/p>\n<p>Principales errores al entrenar con m\u00e1s de 40 a\u00f1os<\/p>\n<p id=\"elg5UP_0DDgD\" data-wc=\"30\">\u00bfCu\u00e1les son, en opini\u00f3n del experto, los errores m\u00e1s comunes que comete la gente al querer ponerse en forma a partir de cierta edad? Nos los resume en cuatro principalmente:<\/p>\n<ul data-wc=\"32\" id=\"ul-dkkj4mgemmofd\">\n<li><strong>Entrenar como si tuvieran 20 a\u00f1os<\/strong>, sin progresi\u00f3n ni control.<\/li>\n<li><strong>Ignorar el sue\u00f1o<\/strong> y el estr\u00e9s.<\/li>\n<li>Creer que <strong>solo vale el cardio<\/strong> para \u201cbajar peso\u201d.<\/li>\n<li><strong>No medir<\/strong> nada: ni biomarcadores, ni progresi\u00f3n.<\/li>\n<\/ul>\n<p>Ejercicio adecuado en cada d\u00e9cada<\/p>\n<p id=\"eDyYMAfFcegd\" data-wc=\"29\">Lo que es un hecho es que la respuesta del cuerpo al ejercicio cambia con el paso de los a\u00f1os. \u00bfQu\u00e9 debemos ajustar en cada d\u00e9cada de la vida?<\/p>\n<ul data-wc=\"46\" id=\"ul-dkkj4mgemmoff\">\n<li><strong>En la d\u00e9cada de los 30,<\/strong> conviene priorizar fuerza y explosividad.<\/li>\n<li><strong>En la de los 40\u00a0<\/strong>hay que empezar a controlar VO\u2082max y movilidad.<\/li>\n<li><strong>A los 50,<\/strong>\u00a0hay que proteger masa muscular y vigilar articulaciones.<\/li>\n<li><strong>A partir de los 60,<\/strong> hay que entrenar fuerza ligera, equilibrio y coordinaci\u00f3n.<\/li>\n<\/ul>\n<p id=\"e01i3aBOLr-F\" data-wc=\"15\">\u00abCada d\u00e9cada requiere ajustar volumen e intensidad del entrenamiento, pero nunca parar\u00bb, considera el experto.<\/p>\n<p> <img src=\"https:\/\/www.europesays.com\/es\/wp-content\/uploads\/2025\/10\/1e586f40e900-gettyimages-1008621530.jpg\"   width=\"791\" height=\"1024\" loading=\"lazy\" decoding=\"async\" alt=\"mujer preparada para hacer ejercicio, con una botella de agua en la mano\" fetchpriority=\"auto\" class=\"image ho-image\"\/>\u00a9 Getty Images\/Tetra images RF<br \/>\nC\u00f3mo saber si estamos entrenando lo suficiente<\/p>\n<p id=\"eqqvldZ_WdyX\" data-wc=\"19\">Una de las claves es saber si estamos entrenando demasiado o demasiado poco. \u00bfQu\u00e9 se\u00f1ales nos da el cuerpo?<\/p>\n<ul data-wc=\"19\" id=\"ul-dkkj4mgemmofh\">\n<li><strong>Demasiado:<\/strong> sue\u00f1o fragmentado, baja VFC, lesiones recurrentes, fatiga mental.<\/li>\n<li><strong>Demasiado poco:<\/strong> p\u00e9rdida de fuerza, rigidez, VO\u2082max bajo, energ\u00eda plana.<\/li>\n<\/ul>\n<p id=\"elr3BjBemb28\" data-wc=\"96\">El experto en longevidad insiste en una idea clave: \u00abEl cuerpo habla: el problema es que no lo escuchamos\u00bb. Tenemos que tener en cuenta que si nos excedemos en la pr\u00e1ctica del deporte a partir de ciertas edades, y combinamos el estresor deportivo con la gran carga alost\u00e1tica derivada del trabajo, la familia y compromisos, podemos generar un entorno de activaci\u00f3n excesiva del sistema nervioso simp\u00e1tico: \u201cEsto conducir\u00e1 a un<strong>\u00a0estado de estr\u00e9s cr\u00f3nico<\/strong> que no s\u00f3lo afecta a la recuperaci\u00f3n, tambi\u00e9n disminuye la resiliencia metab\u00f3lica, aumenta la inflamaci\u00f3n sist\u00e9mica y se acelera el envejecimiento celular\u201d.<\/p>\n<p>3 claves para entrenar y vivir m\u00e1s y mejor<\/p>\n<p id=\"eTod9XYTtsSn\" data-wc=\"27\">Por \u00faltimo, le planteamos al experto que nos resuma las que son, en su opini\u00f3n, las \u00a0tres claves para entrenar con inteligencia y vivir m\u00e1s y mejor.<\/p>\n<ul data-wc=\"28\" id=\"ul-dkkj4mgemmofj\">\n<li><strong>Entrena para los biomarcadores,\u00a0<\/strong>no para el espejo.<\/li>\n<li><strong>Alterna est\u00edmulo y recuperaci\u00f3n<\/strong>. El descanso es parte del plan.<\/li>\n<li><strong>Mide y ajusta<\/strong>. Lo que no se mide, no se mejora.<\/li>\n<\/ul>\n","protected":false},"excerpt":{"rendered":"Vivir m\u00e1s y mejor es el objetivo que muchos perseguimos, y el ejercicio f\u00edsico juega un papel clave&hellip;\n","protected":false},"author":2,"featured_media":158883,"comment_status":"","ping_status":"","sticky":false,"template":"","format":"standard","meta":{"footnotes":""},"categories":[92],"tags":[253,1507,25,24,5816,165,19199,166,23],"class_list":{"0":"post-158882","1":"post","2":"type-post","3":"status-publish","4":"format-standard","5":"has-post-thumbnail","7":"category-salud","8":"tag-discover","9":"tag-ejercicio-fisico","10":"tag-es","11":"tag-espana","12":"tag-estar-bien","13":"tag-health","14":"tag-longevidad","15":"tag-salud","16":"tag-spain"},"share_on_mastodon":{"url":"","error":""},"_links":{"self":[{"href":"https:\/\/www.europesays.com\/es\/wp-json\/wp\/v2\/posts\/158882","targetHints":{"allow":["GET"]}}],"collection":[{"href":"https:\/\/www.europesays.com\/es\/wp-json\/wp\/v2\/posts"}],"about":[{"href":"https:\/\/www.europesays.com\/es\/wp-json\/wp\/v2\/types\/post"}],"author":[{"embeddable":true,"href":"https:\/\/www.europesays.com\/es\/wp-json\/wp\/v2\/users\/2"}],"replies":[{"embeddable":true,"href":"https:\/\/www.europesays.com\/es\/wp-json\/wp\/v2\/comments?post=158882"}],"version-history":[{"count":0,"href":"https:\/\/www.europesays.com\/es\/wp-json\/wp\/v2\/posts\/158882\/revisions"}],"wp:featuredmedia":[{"embeddable":true,"href":"https:\/\/www.europesays.com\/es\/wp-json\/wp\/v2\/media\/158883"}],"wp:attachment":[{"href":"https:\/\/www.europesays.com\/es\/wp-json\/wp\/v2\/media?parent=158882"}],"wp:term":[{"taxonomy":"category","embeddable":true,"href":"https:\/\/www.europesays.com\/es\/wp-json\/wp\/v2\/categories?post=158882"},{"taxonomy":"post_tag","embeddable":true,"href":"https:\/\/www.europesays.com\/es\/wp-json\/wp\/v2\/tags?post=158882"}],"curies":[{"name":"wp","href":"https:\/\/api.w.org\/{rel}","templated":true}]}}