{"id":158884,"date":"2025-10-06T04:37:08","date_gmt":"2025-10-06T04:37:08","guid":{"rendered":"https:\/\/www.europesays.com\/es\/158884\/"},"modified":"2025-10-06T04:37:08","modified_gmt":"2025-10-06T04:37:08","slug":"avance-semanal-de-suenos-de-libertad-del-6-al-10-de-octubre-begona-recibe-los-resultados-y-esta-embarazada-el-mundo","status":"publish","type":"post","link":"https:\/\/www.europesays.com\/es\/158884\/","title":{"rendered":"Avance semanal de &#039;Sue\u00f1os de libertad&#039;, del 6 al 10 de octubre: Bego\u00f1a recibe los resultados y&#8230; \u00a1est\u00e1 embarazada! &#8211; El Mundo"},"content":{"rendered":"<ol>\n<li><a href=\"https:\/\/news.google.com\/rss\/articles\/CBMiiAFBVV95cUxPRHpGVFM4WURhT205MmxoaHY4UWZOTzZvRDNLM2t4ZFE2ajR1RmVLZmlJa1JkMF95b1AzX21USnUxS2ExTXluaDI5d1IwZnFpZmRaVjlTMjdNbHFFTW1lcW42QkliMGNSNDZTOUJwd0lrQ2I1ZWVqbE1rX1RPanlEaXozcDMtQWJT0gGIAUFVX3lxTE9qeEtmOGUzS0poaElnc0VleXhxSFFGSFdQblVWT2NhQS1QckNERXEyWkxSa1M2S2tNMnRDb3dFS3ZJSEhkeDN0TmFWVS1SdW1qX1RuZktreE5PSk1yRmRyR3JYeEMzVTYzZ0sxZXJ2VEFNYVAzczdPZzlEUUVIRXFSWWRuZEZEb0Q?oc=5\" target=\"_blank\" rel=\"nofollow noopener\">Avance semanal de &#8216;Sue\u00f1os de libertad&#8217;, del 6 al 10 de octubre: Bego\u00f1a recibe los resultados y&#8230; \u00a1est\u00e1 embarazada!<\/a>&nbsp;&nbsp;El Mundo<\/li>\n<li><a href=\"https:\/\/news.google.com\/rss\/articles\/CBMixAFBVV95cUxNM3hxcG1qMDVzY2VrQ3NOT0VRa21BVkZDZDZQMEZsbUVjRWJNdVFDOTdGT29kc0FGR1NWN21MZllxUGdUZFg5OVJXeWhZMTdTcVpzNnpLNTA4cXpISnFBUllsQ09ROGo0RDlUZjVvcHh2bzBrWlRsY3JlaXZ6aDFYbHRHY2pWM2hWRTVHV1NXZUZTQ203UnBmMjJJTDdiMi0wNzIzZXczQVltRUtNdDRTRU9CT2thTXQ1LUQtS1JMbzBQa21i0gHKAUFVX3lxTFBBRFhwbDhmaHNNaEdnMXFFNEkyZWVaTXZrMmJCWWcydUJVVG5Xc0xZcGhXQUI5ZkFhTy1PbmllVC1PVXBYc2dkWmFraGtkS2dPM0l1WS1NTzI1ZDVRQ1d6bjlWVVJPbWJyQmRuaXFGblp5SndLalFsME1PWFc5RUJLQkZyZGFDdm00TzdmaGhOSTlORVBPV2FMRTl6UF9tMk5oLTZIY3NrWE9VN2xhWUUxSUU5ZERRNmE2RTlUY0FTbUlpSnZqTzBuSXc?oc=5\" target=\"_blank\" rel=\"nofollow noopener\">Avance del cap\u00edtulo de &#8216;Sue\u00f1os de libertad&#8217; del lunes, 6 de octubre: Bego\u00f1a recibe el resultado de la prueba<\/a>&nbsp;&nbsp;El Confidencial<\/li>\n<li><a href=\"https:\/\/news.google.com\/rss\/articles\/CBMi9AFBVV95cUxOemVNenlJcktUUFF2U2pXRlg1akx1aXNudW95bFprakJGZXlCdnowa2VfYWlRZk4zeXRsY2NJY3RLd0hla1Budk1pYUs0MlJSaV9CVnFXS05zWmVFeGJPcm9xZjJaWkoza2FQYmdXWDJ1MUJsVVMzU3NzUGZ0SmhaREJVSFlJWTk3TTFJUUtHcnlhMTlubHFZbXdTbnNCcGo2b3JQRWNhSmtaQ0JQcmFwWFBkQ19UeGh5YXdWckx2TjZCdjVMckxwTXhPQU1EZmc0MUVaZGVJSkZycjVEeG9HTEVUOXhubmduMlF2NTJGQWxRY2Z30gH0AUFVX3lxTE9EYXgtOE9XVFpXM01FZjQtWjVzZk9YUmY5bG1hcXgxMnNoTWxjZ0c2Um1pcVplN0dGY2dWQ1czaEdhV0d1dFl6WkxYVkRhLTAwTVZxdVF6SFFrdlBHbnVtYWhmZEVIWktoTEYxcFhsaXlkdE5xNS0zbnZSZTZ2QUlYeWhvS0c1b1QwYU1HQlVWdGtwRTdZaGluOWlHZHVOU3liZHJTaC1NRHZSSmVjczFvdnVTcU1WZjNoV2Vkd2g0emxlTnZFWWF6TDZBNmFzRm16NXV0Zmd0dVNZcTNwUnFieGNUb0x5TkdfN1lEY2JmRTlZalY?oc=5\" target=\"_blank\" rel=\"nofollow noopener\">Avance semanal de Sue\u00f1os de libertad: Bego\u00f1a le revela a Gabriel que est\u00e1 embarazada, \u00bfc\u00f3mo reaccionar\u00e1 \u00e9l?<\/a>&nbsp;&nbsp;Antena 3<\/li>\n<li><a href=\"https:\/\/news.google.com\/rss\/articles\/CBMi8gFBVV95cUxOYXpJajRjOW5RNEpfNnJRWnA3ek1ZamxBSmNkakZ6aElIbWFYOUFrMW5VTVpJU0o2M3NqUU9BcTcwVkE3TVl0NmRiOTk2enBBMHR0UzZzbjV3SWNoWVg2ang2bDNScW9iLVdpRUZldXltWVdiaFlITnd3aEs4OGt4NlhiZEUyTmw3alJ2LXd0Zi1ZejV0T2tJQ0lkQkp1VEhhVFdHYjV3WmpaQXVYZERZYUpQUXpSOC1OMG02dFJmRWZCU01vVVJaTWNoVDFWMm94MnBFVUNneUpnS1NiX3BneU1VQjZ5MDR1RGpNNEItR2FuQQ?oc=5\" target=\"_blank\" rel=\"nofollow noopener\">&#8216;Sue\u00f1os de libertad&#8217;, resumen semanal del 29 de septiembre al 3 de octubre en Antena 3: Bego\u00f1a ser\u00e1 mam\u00e1<\/a>&nbsp;&nbsp;Diez Minutos<\/li>\n<li><a href=\"https:\/\/news.google.com\/rss\/articles\/CBMiywFBVV95cUxOR3VLdkM5YkU2SEJ2V0RkVEdBUktNYW5WdWhOQjlrZ1lCejU4VktJUVNlV1pnSlJVMEtJQUlFcFNjcndacmJEdEt4ejVkWlhld0ZPTG9RUEpNLXFNby1FNlJjN1AxTlltVmZZa2FGOTBfWkx5SzBVSHFFenRMb2V6NnRtVFVxdUs4anZlQlBLRnEzVFRmc2dlTmYtd3lJbThlSk1TeHBVR2FPcWNjNXljMERCcUMxNU95X0JNNGJJVUNmRlAtU1dOZ1Q5Y9IB0AFBVV95cUxQSHE3OUJCd0ZVQkcySWZSb2hUd2FfRXJuanZtYVdvWUQxTktfSXI1Tk1ZWF9RTW1nUFBwOVN0NndUMGx0MDQ4QTBQWENyNDJOQXVmUGt1VUFULTZOVXAtY05ja2NFOVBpNWVnczl3eGdkbEhaV3NtUEFqRWJrRDdWcnlwa2N4ME5SSlJZVk0zdVpLeXlqalZSd25WLWxXRVo3NWcxUkxJNVNxd195MHNkSGQyTXNPcXpaSldxOXFUZnZiQWtyWERyYjM4SjFlUjhp?oc=5\" target=\"_blank\" rel=\"nofollow noopener\">Avance semanal de &#8216;Sue\u00f1os de libertad&#8217;: una famosa en la colonia, un padre malherido y la gran novedad de Bego\u00f1a<\/a>&nbsp;&nbsp;El Confidencial<\/li>\n<\/ol>\n","protected":false},"excerpt":{"rendered":"Avance semanal de &#8216;Sue\u00f1os de libertad&#8217;, del 6 al 10 de octubre: Bego\u00f1a recibe los resultados y&#8230; \u00a1est\u00e1&hellip;\n","protected":false},"author":2,"featured_media":158885,"comment_status":"","ping_status":"","sticky":false,"template":"","format":"standard","meta":{"footnotes":""},"categories":[91],"tags":[11030,146,147,25,24,805,23,807,11029,6761],"class_list":{"0":"post-158884","1":"post","2":"type-post","3":"status-publish","4":"format-standard","5":"has-post-thumbnail","7":"category-entretenimiento","8":"tag-cineseries","9":"tag-entertainment","10":"tag-entretenimiento","11":"tag-es","12":"tag-espana","13":"tag-series","14":"tag-spain","15":"tag-television","16":"tag-television-series","17":"tag-tresb"},"share_on_mastodon":{"url":"","error":""},"_links":{"self":[{"href":"https:\/\/www.europesays.com\/es\/wp-json\/wp\/v2\/posts\/158884","targetHints":{"allow":["GET"]}}],"collection":[{"href":"https:\/\/www.europesays.com\/es\/wp-json\/wp\/v2\/posts"}],"about":[{"href":"https:\/\/www.europesays.com\/es\/wp-json\/wp\/v2\/types\/post"}],"author":[{"embeddable":true,"href":"https:\/\/www.europesays.com\/es\/wp-json\/wp\/v2\/users\/2"}],"replies":[{"embeddable":true,"href":"https:\/\/www.europesays.com\/es\/wp-json\/wp\/v2\/comments?post=158884"}],"version-history":[{"count":0,"href":"https:\/\/www.europesays.com\/es\/wp-json\/wp\/v2\/posts\/158884\/revisions"}],"wp:featuredmedia":[{"embeddable":true,"href":"https:\/\/www.europesays.com\/es\/wp-json\/wp\/v2\/media\/158885"}],"wp:attachment":[{"href":"https:\/\/www.europesays.com\/es\/wp-json\/wp\/v2\/media?parent=158884"}],"wp:term":[{"taxonomy":"category","embeddable":true,"href":"https:\/\/www.europesays.com\/es\/wp-json\/wp\/v2\/categories?post=158884"},{"taxonomy":"post_tag","embeddable":true,"href":"https:\/\/www.europesays.com\/es\/wp-json\/wp\/v2\/tags?post=158884"}],"curies":[{"name":"wp","href":"https:\/\/api.w.org\/{rel}","templated":true}]}}