{"id":158891,"date":"2025-10-06T04:41:19","date_gmt":"2025-10-06T04:41:19","guid":{"rendered":"https:\/\/www.europesays.com\/es\/158891\/"},"modified":"2025-10-06T04:41:19","modified_gmt":"2025-10-06T04:41:19","slug":"el-patron-mas-saludable-es-el-que-se-salta-la-cena","status":"publish","type":"post","link":"https:\/\/www.europesays.com\/es\/158891\/","title":{"rendered":"\u00abEl patr\u00f3n m\u00e1s saludable es el que se salta la cena\u00bb"},"content":{"rendered":"<p class=\"voc-p\" style=\"\">Cada vez se habla m\u00e1s del <a href=\"https:\/\/www.abc.es\/bienestar\/alimentacion\/sirve-ayuno-intermitente-facil-20240312111922-nt.html\" target=\"_self\" data-voc-vtm-id=\"in-text-traffic\" title=\"ayuno intermitente\" data-mrf-link=\"www.abc.es\" rel=\"nofollow noopener\">ayuno intermitente<\/a>, pero no siempre con base cient\u00edfica. Ahora, un estudio dirigido por<strong> Jonathan Ruiz<\/strong>, catedr\u00e1tico del Departamento de Educaci\u00f3n F\u00edsica y Deportiva de la Universidad de Granada, arroja luz sobre el tema y confirma lo que muchos intu\u00edan: <strong>ayuda a perder peso, mejora la salud metab\u00f3lica<\/strong> y puede incluso <strong>prevenir enfermedades graves<\/strong> como el c\u00e1ncer.<\/p>\n<p class=\"voc-p\" style=\"\">Ruiz y su equipo han trabajado con 200 personas con sobrepeso u obesidad, analizando c\u00f3mo influye el horario de las comidas en el cuerpo. Y los resultados se\u00f1alan que <strong>comer temprano y dejar de hacerlo al final de la tarde<\/strong> parece ser la f\u00f3rmula m\u00e1s saludable. \u00abEl patr\u00f3n de alimentaci\u00f3n m\u00e1s beneficioso es aquel que se salta la cena\u00bb, explica el investigador. Y es que seg\u00fan coment\u00f3 recientemente en el programa &#8216;Despierta Andaluc\u00eda&#8217; de <a href=\"https:\/\/www.abc.es\/noticias\/canal-sur\/\" target=\"_self\" data-voc-vtm-id=\"in-text-traffic\" title=\"Canal Sur\" data-mrf-link=\"www.abc.es\" rel=\"nofollow noopener\">Canal Sur<\/a>, ser\u00eda recomendable <strong>no comer nada a partir de las seis de la tarde<\/strong>.<\/p>\n<p>\nComer menos horas al d\u00eda, no menos comida\n<\/p>\n<p class=\"voc-p\" style=\"\">El estudio parte de una idea muy simple, la de <strong>reducir la ventana de tiempo en la que comemos<\/strong> cada d\u00eda. Es decir, no se trata tanto de comer menos, sino de hacerlo en un periodo m\u00e1s corto. En este caso, los participantes pod\u00edan alimentarse durante ocho horas al d\u00eda y ayunar las diecis\u00e9is restantes, con la \u00fanica excepci\u00f3n del agua, el caf\u00e9 o el t\u00e9 sin az\u00facar.<\/p>\n<p class=\"voc-p\" style=\"\"><strong>\u00abEl ayuno intermitente no es una dieta milagro ni una moda\u00bb<\/strong>, aclara Ruiz. \u00abEs una manera distinta de organizar las comidas, una estrategia que le da al cuerpo tiempo para descansar, regularse y quemar mejor la energ\u00eda que ya tiene acumulada\u00bb.<\/p>\n<p>\nPor qu\u00e9 dejar de cenar puede ser beneficioso para el cuerpo\n<\/p>\n<p class=\"voc-p\" style=\"\">Entre las diferentes formas de practicar el ayuno intermitente, la que mejor resultado dio fue la del <strong>ayuno temprano<\/strong>, en la que se come solo hasta media tarde. Seg\u00fan el estudio, evitar la cena favorece una mayor quema de grasa, mejora la sensibilidad a la insulina y ayuda a dormir mejor, ya que el organismo no est\u00e1 ocupado digiriendo alimentos durante la noche.<\/p>\n<p class=\"voc-p\" style=\"\"><strong>\u00abLo ideal ser\u00eda que nuestra \u00faltima comida del d\u00eda fuera ligera y no demasiado tarde\u00bb<\/strong>, sugiere Ruiz. \u00abNuestro cuerpo est\u00e1 preparado para comer de d\u00eda y descansar de noche. Cuando alteramos ese ritmo, es m\u00e1s f\u00e1cil que aparezcan problemas de peso o de salud\u00bb.<\/p>\n<p>\nBeneficios para la salud m\u00e1s all\u00e1 del peso\n<\/p>\n<p class=\"voc-p\" style=\"\">Uno de los aspectos m\u00e1s interesantes del estudio es que los beneficios del ayuno intermitente van m\u00e1s all\u00e1 de la p\u00e9rdida de peso. Los investigadores encontraron, por ejemplo, <strong>una reducci\u00f3n de la grasa que se acumula en el p\u00e1ncreas<\/strong>, un factor de riesgo importante en el desarrollo de c\u00e1ncer pancre\u00e1tico.<\/p>\n<p class=\"voc-p\" style=\"\">Adem\u00e1s, los participantes reportaron sentirse con <strong>m\u00e1s energ\u00eda<\/strong>,<strong> menos hambre<\/strong> entre horas y una mayor <strong>sensaci\u00f3n de bienestar general<\/strong>. Muchos incluso aseguraron que les result\u00f3 f\u00e1cil mantener este patr\u00f3n cinco o seis d\u00edas a la semana, algo que no siempre ocurre con las dietas tradicionales.<\/p>\n<p>\nUn cambio de h\u00e1bito que s\u00ed se puede mantener\n<\/p>\n<p class=\"voc-p\" style=\"\">Para Jonathan Ruiz, la clave est\u00e1 en que el ayuno intermitente es<strong> una estrategia realista y sostenible<\/strong>. No exige contar calor\u00edas ni eliminar grupos de alimentos, solo reorganizar los horarios. Eso s\u00ed, insiste en que cada persona es diferente, por lo que <strong>es importante adaptar el m\u00e9todo a las necesidades de cada uno<\/strong> y, si es posible, hacerlo con la orientaci\u00f3n de un profesional.<\/p>\n<p class=\"voc-p\" style=\"\">Su investigaci\u00f3n ha tenido tanto impacto que el catedr\u00e1tico ha sido galardonado con el <strong>Premio Ciencias de la Salud<\/strong> de la <a href=\"https:\/\/fundacioncrg.com\/\" target=\"_blank\" data-voc-vtm-id=\"in-text-traffic\" title=\"Fundaci\u00f3n Caja Rural Granada\" data-mrf-link=\"fundacioncrg.com\" rel=\"nofollow noopener\">Fundaci\u00f3n Caja Rural Granada<\/a>, un reconocimiento que respalda el valor de su trabajo en la promoci\u00f3n de h\u00e1bitos saludables.<\/p>\n<p class=\"voc-p\" style=\"\">En definitiva, <strong>adelgazar sin pasar hambre y ganar salud al mismo tiempo<\/strong> no parece una promesa imposible. Seg\u00fan la ciencia, basta con algo tan simple como cenar antes o, mejor a\u00fan, no cenar. A veces, los cambios peque\u00f1os \u2014como dejar que el cuerpo descanse unas horas m\u00e1s sin comer\u2014 son los que marcan la diferencia.<\/p>\n<p>Reportar un error<\/p>\n","protected":false},"excerpt":{"rendered":"Cada vez se habla m\u00e1s del ayuno intermitente, pero no siempre con base cient\u00edfica. Ahora, un estudio dirigido&hellip;\n","protected":false},"author":2,"featured_media":158892,"comment_status":"","ping_status":"","sticky":false,"template":"","format":"standard","meta":{"footnotes":""},"categories":[8],"tags":[7509,19197,5078,17,18,20668,26674,1779,25,24,1292,13,14,11,23658,13573,19,20,9,10,15,16,19378,5106,950,11683,23,12,21,22],"class_list":{"0":"post-158891","1":"post","2":"type-post","3":"status-publish","4":"format-standard","5":"has-post-thumbnail","7":"category-espana","8":"tag-adelgazar","9":"tag-ayuno","10":"tag-beneficios","11":"tag-breaking-news","12":"tag-breakingnews","13":"tag-catedratico","14":"tag-cena","15":"tag-confirma","16":"tag-es","17":"tag-espana","18":"tag-estudio","19":"tag-featured-news","20":"tag-featurednews","21":"tag-headlines","22":"tag-intermitente","23":"tag-jonathan","24":"tag-latest-news","25":"tag-latestnews","26":"tag-news","27":"tag-noticias","28":"tag-noticias-destacadas","29":"tag-noticiasdestacadas","30":"tag-patron","31":"tag-ruiz","32":"tag-salta","33":"tag-saludable","34":"tag-spain","35":"tag-titulares","36":"tag-ultimas-noticias","37":"tag-ultimasnoticias"},"share_on_mastodon":{"url":"","error":""},"_links":{"self":[{"href":"https:\/\/www.europesays.com\/es\/wp-json\/wp\/v2\/posts\/158891","targetHints":{"allow":["GET"]}}],"collection":[{"href":"https:\/\/www.europesays.com\/es\/wp-json\/wp\/v2\/posts"}],"about":[{"href":"https:\/\/www.europesays.com\/es\/wp-json\/wp\/v2\/types\/post"}],"author":[{"embeddable":true,"href":"https:\/\/www.europesays.com\/es\/wp-json\/wp\/v2\/users\/2"}],"replies":[{"embeddable":true,"href":"https:\/\/www.europesays.com\/es\/wp-json\/wp\/v2\/comments?post=158891"}],"version-history":[{"count":0,"href":"https:\/\/www.europesays.com\/es\/wp-json\/wp\/v2\/posts\/158891\/revisions"}],"wp:featuredmedia":[{"embeddable":true,"href":"https:\/\/www.europesays.com\/es\/wp-json\/wp\/v2\/media\/158892"}],"wp:attachment":[{"href":"https:\/\/www.europesays.com\/es\/wp-json\/wp\/v2\/media?parent=158891"}],"wp:term":[{"taxonomy":"category","embeddable":true,"href":"https:\/\/www.europesays.com\/es\/wp-json\/wp\/v2\/categories?post=158891"},{"taxonomy":"post_tag","embeddable":true,"href":"https:\/\/www.europesays.com\/es\/wp-json\/wp\/v2\/tags?post=158891"}],"curies":[{"name":"wp","href":"https:\/\/api.w.org\/{rel}","templated":true}]}}