{"id":158898,"date":"2025-10-06T04:54:05","date_gmt":"2025-10-06T04:54:05","guid":{"rendered":"https:\/\/www.europesays.com\/es\/158898\/"},"modified":"2025-10-06T04:54:05","modified_gmt":"2025-10-06T04:54:05","slug":"terapia-10-formas-de-salvar-el-libro-cultura","status":"publish","type":"post","link":"https:\/\/www.europesays.com\/es\/158898\/","title":{"rendered":"Terapia: 10 formas de salvar el libro | Cultura"},"content":{"rendered":"<p class=\"\">Una guap\u00edsima sirena est\u00e1 llamando a los editores de nuestro tiempo. Una sirena que les susurra: ven a m\u00ed, soy Inteligente, soy Artificial, soy muy sexy, nunca me quejar\u00e9, crear\u00e9 libros sin que necesites autores y no les tendr\u00e1s que soportar m\u00e1s. Los traducir\u00e9 sin que necesites traductores. Los editar\u00e9, los ilustrar\u00e9, los maquetar\u00e9 y promocionar\u00e9 sin costes de personas porque lo har\u00e9 todo. Y lo har\u00e9 en pocos segundos.<\/p>\n<p>M\u00e1s informaci\u00f3n<\/p>\n<p class=\"\">Y ah\u00ed est\u00e1n los editores, como Ulises, pregunt\u00e1ndose: \u00bfVamos a sus brazos o nos atamos al m\u00e1stil del barco para resistir? Las Conversaciones de Formentor reunieron estos d\u00edas en Aranjuez a decenas de editores y autores de toda Europa, una especie de junta m\u00e9dica que, tras analizar unas constantes vitales en entredicho, arrojaron una especie de dec\u00e1logo terap\u00e9utico para salvarlo.<\/p>\n<p class=\"\">El diagn\u00f3stico de pulsaciones, tensi\u00f3n, ox\u00edgeno y colesterol es claro: el paciente no ha muerto, respira y vive, aunque <a href=\"https:\/\/elpais.com\/ideas\/2025-09-12\/caminamos-hacia-el-fin-de-la-lectura.html\" target=\"_self\" rel=\"nofollow noopener\" title=\"https:\/\/elpais.com\/ideas\/2025-09-12\/caminamos-hacia-el-fin-de-la-lectura.html\">algunas constantes dan se\u00f1ales negativas, <\/a>especialmente en el mundo anglosaj\u00f3n: solo un 16% dedica hoy su tiempo libre a la lectura frente al 28% de hace dos d\u00e9cadas, seg\u00fan un estudio de la Universidad de Florida y el University College de Londres que cit\u00f3 Basilio Baltasar, director de la Fundaci\u00f3n Formentor. Tambi\u00e9n los hay positivos, como la recuperaci\u00f3n tras la crisis, los 13 a\u00f1os de subidas consecutivas en Espa\u00f1a, el auge de algunos sectores y la reinvenci\u00f3n de las librer\u00edas, como se\u00f1al\u00f3 Sergio Vila-Sanju\u00e1n, coeditor del Foro Edita Barcelona y responsable del suplemento cultural de La Vanguardia. <a href=\"https:\/\/elpais.com\/extra\/formacion\/2025-05-11\/jovenes-que-saben-leer-pero-no-logran-entender-los-textos.html\" target=\"_self\" rel=\"nofollow noopener\" title=\"https:\/\/elpais.com\/extra\/formacion\/2025-05-11\/jovenes-que-saben-leer-pero-no-logran-entender-los-textos.html\">El descenso en la capacidad de concentraci\u00f3n y comprensi\u00f3n <\/a>est\u00e1 en numerosos estudios y la IA amenaza el mundo editorial y la creatividad, como explic\u00f3 Javier Guti\u00e9rrez, director general de la entidad de derechos VEGAP.<\/p>\n<p class=\"\">Por tanto, se abre paso la necesidad de una terapia y este es el dec\u00e1logo de consejos para sanear al paciente y mantener la esperanza de una gran longevidad, incluso de inmortalidad.<\/p>\n<ol>\n<li><b>Relevancia irrenunciable del editor<\/b> en el papel de aquellos monjes de monasterios medievales que supieron guardar y mantener la lectura y que hay que alimentar como un fuego sagrado. Los grandes del pasado supieron encontrar la equidistancia entre el lector y el autor con la conciencia de que importa el p\u00fablico, pero sobre todo la obra. Esa alianza debe pervivir. <\/li>\n<li><b>Factor clave: la imprevisibilidad:<\/b> Gianluca Foglia, director editorial de Feltrinelli, se pregunt\u00f3 qu\u00e9 salvar\u00eda del mundo actual y se llevar\u00eda a un mundo nuevo. Y nos dio la respuesta: la imprevisibilidad, que es justo lo contrario del mundo de los datos. Se trata de encontrar ese libro que rompa los algoritmos y que sorprenda a los departamentos de marketing, dijo Juan Cerezo, editor de Tusquets.<b> <\/b>Claire Do S\u00earro, directora editorial de ficci\u00f3n internacional en Editions Robert Laffont, nos record\u00f3 que la literatura literaria no es \u00fatil en los par\u00e1metros de un mundo que busca el beneficio inmediato, pero s\u00ed en algo m\u00e1s importante: es \u00fatil para el ser humano.<\/li>\n<li><b>La importancia de compartir en esta era de las redes:<\/b> Nuevos espacios y formatos est\u00e1n ayudando a crecer: podcast, fiestas de lectura, fotos y recomendaciones compartidas en redes, incluso el fen\u00f3meno fan en torno a algunos autores y el papel de las librer\u00edas que se reinventan. Aurore Touya, editora internacional de Gallimard, record\u00f3 que ver a gente dispuesta a esperar una cola para que <a href=\"https:\/\/elpais.com\/babelia\/2025-09-22\/unos-cuantos-suenos-de-chimamanda-ngozi-adichie-pijas-nigerianas-atravesadas-por-el-patriarcado.html\" rel=\"nofollow noopener\" title=\"https:\/\/elpais.com\/babelia\/2025-09-22\/unos-cuantos-suenos-de-chimamanda-ngozi-adichie-pijas-nigerianas-atravesadas-por-el-patriarcado.html\" target=\"_blank\">una autora como Chimamanda<\/a> Ngozi Adiche le firme con sus dedos y su tinta en un papel da esperanzas. Puro mundo anal\u00f3gico. <\/li>\n<li><b>El gran nicho: \u00a1Atentos a los ni\u00f1os y j\u00f3venes! <\/b>Es lo que est\u00e1 creciendo y esos j\u00f3venes lectores pueden darnos grandes sorpresas. Son un gran bolsillo de esperanza.<\/li>\n<li><b>Otro eslab\u00f3n de nuestro tiempo: \u00a1Atentos a la nueva sensibilidad! <\/b>Silvia Ses\u00e9, editora de Anagrama, agarr\u00f3 el toro por los cuernos y abord\u00f3 la reflexi\u00f3n iniciada a partir de la <a href=\"https:\/\/elpais.com\/opinion\/2025-04-03\/el-odio-de-luisge-martin-censura-en-nombre-de-las-victimas.html\" rel=\"nofollow noopener\" title=\"https:\/\/elpais.com\/opinion\/2025-04-03\/el-odio-de-luisge-martin-censura-en-nombre-de-las-victimas.html\" target=\"_blank\">frustrada publicaci\u00f3n de El odio, de Luisg\u00e9 Mart\u00edn, <\/a>y de la necesidad de conectar con los nuevos paradigmas o sensibilidades como los que han rodeado este caso. \u201cEl libro mantiene una fuerza en lo negativo y lo positivo, provoca una discusi\u00f3n social y hasta puede cambiar leyes o generar tsunamis. Creo que los editores debemos estar superatentos para recoger un cambio de sensibilidad\u201d, asegur\u00f3. <\/li>\n<li>Se propone nueva etiqueta: <b>\u201cEdici\u00f3n humana en todo el proceso\u201d<\/b>, como defendi\u00f3 Claudia Casanova, editora de \u00c1tico de los Libros, en una intervenci\u00f3n en defensa de la artesan\u00eda del proceso<b>. <\/b>Al igual que una etiqueta nos recuerda que el libro est\u00e1 hecho de forma ecol\u00f3gica y que respeta los bosques, urge una que aclare que est\u00e1 libre de IA.<\/li>\n<li><b>La \u00e9lite cultural siempre pervive.<\/b> Piero Salabe, editor senior de ficci\u00f3n de Hanser Verlag (Alemania), nos revel\u00f3 que en M\u00fanich hay torres de libros en la calle que nadie quiere acumular en pisos que hoy son m\u00e1s peque\u00f1os, pero que la lectura siempre fue privilegio de clase culta.<b> <\/b>El mercado de una minor\u00eda sigue mientras esa minor\u00eda exista.<\/li>\n<li><b>Libros que encuentran nuevos formatos.<\/b> Aleksi Siltala, director editorial de la finlandesa Siltala revel\u00f3 que all\u00ed y en Suecia el 40% del mercado ya es audiolibro. \u201cMi primo que nunca le\u00eda hoy oye dos libros a la semana en su tractor\u201d. Pues bienvenido.<\/li>\n<li><b>Poner en valor la cultura europea, <\/b>la excepcionalidad cultural, dijo Juan Cerezo,<b> <\/b>sin transigir con los formatos americano o la cultura Netflix. Y, dentro de ello, especialmente poner en valor el espa\u00f1ol. Miguel Aguilar, director editorial de Penguin Random House Espa\u00f1a, subray\u00f3 la importancia de una reuni\u00f3n de decenas de editores europeos que hablaban en castellano.<\/li>\n<li><b>Saber gobernar la IA, llevar las riendas:<\/b> \u201cLa IA est\u00e1, se va a quedar y vamos a tener que gobernarla, estamos obligados a luchar para contener el monstruo. Es ya una herramienta de las editoriales y quien no la use est\u00e1 perdiendo una oportunidad de hacer m\u00e1s con menos trabajo\u201d, dijo Joaqu\u00edn Palau (Arpa). Ante la inevitabilidad de su llegada hay que gobernarla, regularla y dominarla porque, como dijo Mar\u00eda Lynch, directora de Casanovas&amp;Lynch, es una amenaza para todo el ecosistema editorial a partir de solo dos, tres o cuatro empresas globalizadas que lo dominan.<\/li>\n<\/ol>\n<p class=\"\">Los 10 puntos de la terapia no solo ayudar\u00e1n a salvar el libro si los editores enciendan la luz de ese monasterio guardi\u00e1n de las esencias, si avivan ese fuego eterno y nos sirven un buen men\u00fa. Tambi\u00e9n acaso logren que nosotros, lectores, tambi\u00e9n conservemos las constantes vitales en perfecto estado de revista. Nos va la vida (mental) en ello.<\/p>\n","protected":false},"excerpt":{"rendered":"Una guap\u00edsima sirena est\u00e1 llamando a los editores de nuestro tiempo. Una sirena que les susurra: ven a&hellip;\n","protected":false},"author":2,"featured_media":158899,"comment_status":"","ping_status":"","sticky":false,"template":"","format":"standard","meta":{"footnotes":""},"categories":[172],"tags":[224,209,3662,146,147,25,1598,24,136,225,671,23],"class_list":{"0":"post-158898","1":"post","2":"type-post","3":"status-publish","4":"format-standard","5":"has-post-thumbnail","7":"category-libros","8":"tag-books","9":"tag-cultura","10":"tag-editoriales","11":"tag-entertainment","12":"tag-entretenimiento","13":"tag-es","14":"tag-escritores","15":"tag-espana","16":"tag-inteligencia-artificial","17":"tag-libros","18":"tag-literatura","19":"tag-spain"},"share_on_mastodon":{"url":"","error":""},"_links":{"self":[{"href":"https:\/\/www.europesays.com\/es\/wp-json\/wp\/v2\/posts\/158898","targetHints":{"allow":["GET"]}}],"collection":[{"href":"https:\/\/www.europesays.com\/es\/wp-json\/wp\/v2\/posts"}],"about":[{"href":"https:\/\/www.europesays.com\/es\/wp-json\/wp\/v2\/types\/post"}],"author":[{"embeddable":true,"href":"https:\/\/www.europesays.com\/es\/wp-json\/wp\/v2\/users\/2"}],"replies":[{"embeddable":true,"href":"https:\/\/www.europesays.com\/es\/wp-json\/wp\/v2\/comments?post=158898"}],"version-history":[{"count":0,"href":"https:\/\/www.europesays.com\/es\/wp-json\/wp\/v2\/posts\/158898\/revisions"}],"wp:featuredmedia":[{"embeddable":true,"href":"https:\/\/www.europesays.com\/es\/wp-json\/wp\/v2\/media\/158899"}],"wp:attachment":[{"href":"https:\/\/www.europesays.com\/es\/wp-json\/wp\/v2\/media?parent=158898"}],"wp:term":[{"taxonomy":"category","embeddable":true,"href":"https:\/\/www.europesays.com\/es\/wp-json\/wp\/v2\/categories?post=158898"},{"taxonomy":"post_tag","embeddable":true,"href":"https:\/\/www.europesays.com\/es\/wp-json\/wp\/v2\/tags?post=158898"}],"curies":[{"name":"wp","href":"https:\/\/api.w.org\/{rel}","templated":true}]}}