{"id":158912,"date":"2025-10-06T05:03:11","date_gmt":"2025-10-06T05:03:11","guid":{"rendered":"https:\/\/www.europesays.com\/es\/158912\/"},"modified":"2025-10-06T05:03:11","modified_gmt":"2025-10-06T05:03:11","slug":"la-sociedad-israeli-ante-la-masacre-de-gaza-entre-la-indiferencia-y-el-entusiasmo-internacional","status":"publish","type":"post","link":"https:\/\/www.europesays.com\/es\/158912\/","title":{"rendered":"La sociedad israel\u00ed, ante la masacre de Gaza: entre la indiferencia y el entusiasmo | Internacional"},"content":{"rendered":"<p class=\"\">\u201cExplosiones, explosiones, solo quiero o\u00edr explosiones. Y mirar hacia all\u00ed y solo ver el mar\u201d. Nadav Hazen tiene 24 a\u00f1os, es <a href=\"\" rel=\"\" title=\"\">de la localidad israel\u00ed de Sderot<\/a>, a menos de dos kil\u00f3metros de Gaza, y cuenta que acude todos los d\u00edas al mirador del municipio \u2014\u201cmi perro se ha quedado sordo de los bombardeos\u201d, ilustra\u2014 para ver desde lo alto c\u00f3mo progresa la invasi\u00f3n israel\u00ed de la Franja, que este martes cumple dos a\u00f1os. \u201cHay que acabar con todo eso\u201d, dice se\u00f1alando al min\u00fasculo enclave palestino. \u201cYo quiero que haya un hotel y un casino. Y vivir all\u00ed\u201d.<\/p>\n<p class=\"\">Desde la distancia, en realidad, no se ve mucho. En parte porque <a href=\"https:\/\/elpais.com\/internacional\/2025-10-05\/en-gaza-no-quedan-lugares-adonde-ir-los-datos-de-ataques-muertos-y-desplazamientos.html\" target=\"_self\" rel=\"nofollow noopener\" title=\"https:\/\/elpais.com\/internacional\/2025-10-05\/en-gaza-no-quedan-lugares-adonde-ir-los-datos-de-ataques-muertos-y-desplazamientos.html\">tampoco queda mucho que ver.<\/a> Es m\u00e1s bien un fondo plano y gris solo roto de vez en cuando por las nubes de polvo que levantan los veh\u00edculos militares israel\u00edes al moverse o las que causan los bombardeos. Normalmente, suena el fuego de artiller\u00eda y los m\u00e1s acostumbrados o quienes han venido a festejar los ataques ni se inmutan. Solo alguno se sobresalta. Un grupo de adolescentes celebra: \u201cMira, aqu\u00ed podemos grabar un [v\u00eddeo para] TikTok\u201d. Decenas de israel\u00edes se acercan cada d\u00eda a contemplar el espect\u00e1culo de la guerra a este mirador. Algunos est\u00e1n para celebrar los bombardeos; otros, por morbo, curiosidad o la extra\u00f1a sensaci\u00f3n de ver en directo lo que retransmite la televisi\u00f3n. <\/p>\n<p class=\"\">Para apreciar el detalle hay un telescopio, como los de los miradores tur\u00edsticos. Cuesta cinco shekels, poco m\u00e1s de un euro. Tambi\u00e9n una m\u00e1quina expendedora de refrescos y comida, porque algunos vienen con mantas, picoteo y narguile (pipa de agua) incluso de madrugada, cuando m\u00e1s bombardea Israel. Una familia se pelea por aprovechar el tiempo que da el telescopio para mirar. \u201cMira, ah\u00ed queda en pie un edificio\u201d, dice uno. \u201c\u00a1Hijo, ven a ver el humo y los escombros!\u201d, apremia el padre.<\/p>\n<p class=\"\">Meir Sterman, de 39 a\u00f1os, viene con su familia y propone una soluci\u00f3n para Gaza:<a href=\"https:\/\/elpais.com\/internacional\/2025-09-21\/israel-se-lanza-a-tomar-ciudad-de-gaza-entre-delirios-inmobiliarios.html\" target=\"_self\" rel=\"nofollow noopener\" title=\"https:\/\/elpais.com\/internacional\/2025-09-21\/israel-se-lanza-a-tomar-ciudad-de-gaza-entre-delirios-inmobiliarios.html\"> \u201cderruirla por completo\u201d<\/a> y que \u201ccada uno de los pa\u00edses que critica a Israel\u201d acoja a 30.000 de sus habitantes. Daniel, de 16 a\u00f1os, tambi\u00e9n quiere \u201caplanar\u201d Gaza. \u201cA lo mejor entonces Ham\u00e1s se rinde. Si no meti\u00e9semos [en referencia a permitir que entre] ninguna ayuda, generar\u00eda presi\u00f3n sobre la sociedad. Y si de verdad hubiese hambre en Gaza, la guerra se acabar\u00eda en dos d\u00edas\u201d, a\u00f1ade. Cree que la soluci\u00f3n \u201cm\u00e1s moral\u201d es la \u201cemigraci\u00f3n\u201d, <a href=\"https:\/\/elpais.com\/internacional\/2024-01-17\/emigracion-voluntaria-el-eufemismo-que-impulsa-la-ultraderecha-israeli-para-despoblar-gaza.html\" target=\"_self\" rel=\"nofollow noopener\" title=\"https:\/\/elpais.com\/internacional\/2024-01-17\/emigracion-voluntaria-el-eufemismo-que-impulsa-la-ultraderecha-israeli-para-despoblar-gaza.html\">el eufemismo de la limpieza \u00e9tnica de Gaza, <\/a>\u201cpara que no haya m\u00e1s heridos\u201d. \u201cSomos un pueblo que celebra la vida y tenemos el ej\u00e9rcito m\u00e1s moral del mundo\u201d, tercia su padre, Doron, de 60.  <\/p>\n<p class=\"\">El fen\u00f3meno no es nuevo. Ya hab\u00eda israel\u00edes que se acercaban a ver los bombardeos durante la ofensiva Plomo Fundido sobre Gaza de 2008. Sus 1.400 muertos en tres semanas parec\u00edan entonces muchos, pero esa misma cifra se alcanz\u00f3 en solo dos d\u00edas en octubre de 2023, cuando los bombardeos contra la Franja arreciaron a ra\u00edz del sangriento ataque de Ham\u00e1s en Israel, que supuso la jornada m\u00e1s sangrienta en la historia del pa\u00eds, con casi 1.200 muertos y m\u00e1s de 250 rehenes. <\/p>\n<p><img decoding=\"auto\" class=\"_re lazyload a_m-h\" height=\"276\"  width=\"414\"  src=\"https:\/\/www.europesays.com\/es\/wp-content\/uploads\/2025\/10\/ORJA6XYRMFAH7LHU53OR4SFJBQ.JPG\" loading=\"lazy\"\/>Un soldado israel\u00ed, en el memorial a las v\u00edctimas del ataque de Ham\u00e1s el 7 de octubre de 2023 en donde se celebraba el festival Nova, este septiembreSAEEDQAQ<\/p>\n<p class=\"\">Lo novedoso es m\u00e1s bien c\u00f3mo las opiniones recogidas en ese mirador est\u00e1n ahora m\u00e1s cerca que nunca del mainstream, del discurso socialmente aceptado y repetido en las calles, la pol\u00edtica y los medios de comunicaci\u00f3n. Por supuesto, no representan a todos los israel\u00edes, pero<a href=\"https:\/\/elpais.com\/internacional\/2023-11-07\/israel-un-mes-de-dolor-trauma-y-venganza.html\" target=\"_self\" rel=\"nofollow noopener\" title=\"https:\/\/elpais.com\/internacional\/2023-11-07\/israel-un-mes-de-dolor-trauma-y-venganza.html\"> el trauma y la sensaci\u00f3n de vulnerabilidad que gener\u00f3 la jornada del 7 de octubre de 2023<\/a> han disparado de golpe las tendencias de las dos \u00faltimas d\u00e9cadas: derechizaci\u00f3n social, deshumanizaci\u00f3n, demonizaci\u00f3n o condescendencia paternalista hacia los palestinos y crecimiento del ultranacionalismo de base religiosa.<\/p>\n<p class=\"\">Esas posiciones alcanzan ahora cada vez m\u00e1s capas de la poblaci\u00f3n, incluidos a muchos de quienes se definen de izquierdas. El discurso genocida, en defensa de la limpieza \u00e9tnica o de animalizaci\u00f3n de los palestinos (o de los \u00e1rabes y musulmanes en general) no es anecd\u00f3tico en Israel. M\u00e1s a\u00fan cuando la identidad colectiva se articula en torno a la necesidad de un Estado jud\u00edo y un ej\u00e9rcito fuertes para jam\u00e1s sufrir un nuevo Holocausto, <a href=\"https:\/\/elpais.com\/internacional\/2025-04-24\/rena-quint-la-nina-que-sobrevivio-sin-su-familia-a-los-campos-nazis-del-holocausto-dondequiera-que-ibas-veias-y-olias-a-muerte.html\" target=\"_self\" rel=\"nofollow noopener\" title=\"https:\/\/elpais.com\/internacional\/2025-04-24\/rena-quint-la-nina-que-sobrevivio-sin-su-familia-a-los-campos-nazis-del-holocausto-dondequiera-que-ibas-veias-y-olias-a-muerte.html\">tras el exterminio nazi de seis millones de jud\u00edos antes de su creaci\u00f3n<\/a>.<\/p>\n<p>Consensos<\/p>\n<p class=\"\">Ori Goldberg viene analizando sin concesiones los consensos en su sociedad, la israel\u00ed. Es analista independiente, doctorado en Estudios de Oriente Pr\u00f3ximo por la Universidad de Tel Aviv, y ha ganado cierta popularidad en la red social X por su condici\u00f3n de voz en el desierto. Para ilustrar el cambio operado por su sociedad desde 2023, recurre a la famosa distinci\u00f3n entre el ello, el yo y el supery\u00f3 que acu\u00f1\u00f3 el creador del psicoan\u00e1lisis, Sigmund Freud.<\/p>\n<p class=\"\">\u201cEs como que nuestro yo y supery\u00f3 cambiaron de lugar\u201d, resume. \u201cEl yo eran las fantas\u00edas sobre c\u00f3mo nos encantar\u00eda que todos los palestinos se fueran, no necesariamente matarlos. Era la parte de la que no se habla. El supery\u00f3 se centraba en la diplomacia, en la soluci\u00f3n de dos Estados. El 7 de octubre se escap\u00f3 la ilusi\u00f3n de que podr\u00edamos normalizar la ocupaci\u00f3n [militar de los territorios palestinos], as\u00ed que nos vimos plenamente legitimados para perseguir fantas\u00edas, no principios respetuosos. Ese es el cambio: <a href=\"https:\/\/elpais.com\/internacional\/2025-02-06\/trump-regala-a-la-ultraderecha-su-sueno-historico-que-hoy-muchos-mas-aplauden-en-israel.html\" target=\"_self\" rel=\"nofollow noopener\" title=\"https:\/\/elpais.com\/internacional\/2025-02-06\/trump-regala-a-la-ultraderecha-su-sueno-historico-que-hoy-muchos-mas-aplauden-en-israel.html\">hablar de limpieza \u00e9tnica, de destrucci\u00f3n<\/a>, de que no hay inocentes en Gaza, de perpetrar un genocidio y luego ignorarlo o negarlo, se volvi\u00f3 no solo normal sino normativo\u201d. <\/p>\n<p class=\"\">Es, tambi\u00e9n, lo que cuentan los datos. En una encuesta de este mismo agosto, aChord (un centro afiliado a la Universidad Hebrea de Jerusal\u00e9n que trabaja desde la psicolog\u00eda social para promover la coexistencia) pidi\u00f3 a los encuestados puntuar del 1 al 6 su grado de acuerdo con una frase <a href=\"https:\/\/elpais.com\/internacional\/2023-12-10\/todos-con-la-guerra-en-israel.html\" target=\"_self\" rel=\"nofollow noopener\" title=\"https:\/\/elpais.com\/internacional\/2023-12-10\/todos-con-la-guerra-en-israel.html\">que se oye en Israel con relativa frecuencia<\/a>: \u201cNo hay inocentes en Gaza\u201d. Un 76% de los jud\u00edos israel\u00edes le dio entre un 4 y un 6. El apoyo es m\u00e1s pronunciado entre los votantes de algunos de los partidos de la coalici\u00f3n de Benjam\u00edn Netanyahu con la derecha radical y ultraortodoxos, la m\u00e1s derechista de las siete d\u00e9cadas de historia del pa\u00eds, pero notable entre quienes optaron en las \u00faltimas elecciones, en 2022, por formaciones hoy en la oposici\u00f3n. <\/p>\n<p><img decoding=\"auto\" class=\"_re lazyload a_m-h\" height=\"277\"  width=\"414\"  src=\"https:\/\/www.europesays.com\/es\/wp-content\/uploads\/2025\/10\/UMHXVW2NX5NH5BK5TUE4AUKRLE.jpg\" loading=\"lazy\"\/>Netanyahu, en la rueda de prensa con el secretario de Estado de EE UU, Marco Rubio, el pasado septiembre en Jerusal\u00e9n.Nathan Howard (AP)<\/p>\n<p class=\"\">\u201cHay muchos aspectos dif\u00edciles en las relaciones entre grupos: miedo, hostilidad, odio, percepci\u00f3n de superioridad, etc. Pero la deshumanizaci\u00f3n y la percepci\u00f3n de que no hay inocentes al otro lado es la m\u00e1s dif\u00edcil y peligrosa de todas, y la que ha conducido a situaciones terribles y horribles a lo largo de la historia una y otra vez. En este sentido, la sociedad israel\u00ed est\u00e1 al borde del abismo o, de hecho, ya est\u00e1 en \u00e9l\u201d, escribi\u00f3 al respecto en Facebook el director general de AChord, Ron Gerlitz.<\/p>\n<p class=\"\">\u00bfC\u00f3mo casa este dato con las im\u00e1genes de decenas de miles de personas manifest\u00e1ndose cada semana desde hace dos a\u00f1os, sobre todo en Tel Aviv, para pedir \u201cun acuerdo que ponga fin a la guerra\u201d? Porque no son en absoluto incompatibles. Una encuesta publicada esta misma semana por el Instituto para la Democracia de Israel es particularmente reveladora. Arroja \u2014como todos los sondeos desde hace ya m\u00e1s de un a\u00f1o\u2014 una mayor\u00eda social a favor del \u201cfin de la guerra\u201d (incluso descontando la opini\u00f3n del 20% de palestinos con ciudadan\u00eda israel\u00ed, abrumadoramente favorables). Una reciente del canal 12 la cifraba en el 74%. Incluso del 60% entre quienes votaron a partidos en el Ejecutivo.<\/p>\n<p class=\"\">En esta del think-tank Instituto para la Democracia de Israel, un 60,2% de jud\u00edos israel\u00edes considera que ha llegado el momento de ponerle fin. Y m\u00e1s de la mitad escoge la opci\u00f3n \u201cclaramente\u201d. Pero, a diferencia de otras, pregunta tambi\u00e9n el principal motivo. Solo un 2,3% elige la respuesta \u201cpara dejar de causar da\u00f1os a los residentes de Gaza y comenzar la reconstrucci\u00f3n de la Franja\u201d. Obtienen m\u00e1s puntuaci\u00f3n estas razones: \u201c<a href=\"\" rel=\"\" title=\"\">Continuar los combates pone en peligro a los rehenes<\/a>\u201d (50,4%), \u201cla guerra ya ha logrado la mayor\u00eda de lo posible\u201d (15,8%), \u201cel da\u00f1o econ\u00f3mico y social [para Israel] es demasiado grande\u201d (14,5%) y \u201ces necesario detener el deterioro del estatus internacional de Israel\u201d (6,4%).<\/p>\n<p><img decoding=\"auto\" class=\"_re lazyload a_m-h\" height=\"276\"  width=\"414\"  src=\"https:\/\/www.europesays.com\/es\/wp-content\/uploads\/2025\/10\/7QX22TXR4ZL7TJ6W56S5K2E52Y.jpg\" loading=\"lazy\"\/>Palestinos velan el cad\u00e1ver de un familiar muerto en un bombardeo israel\u00ed, en un hospital de Deir al Balah, en Gaza, este s\u00e1bado.CONTACTO v\u00eda Europa Press (CONTACTO v\u00eda Europa Press)<\/p>\n<p class=\"\">Una encuesta de agosto del mismo think-tank apuntaba en la misma direcci\u00f3n. Una pregunta era: \u201c\u00bfEn qu\u00e9 medida le preocupan, o no, personalmente las informaciones sobre la hambruna <a href=\"https:\/\/elpais.com\/planeta-futuro\/2025-10-05\/dos-anos-de-infierno-en-la-tierra-en-gaza.html\" target=\"_self\" rel=\"nofollow noopener\" title=\"https:\/\/elpais.com\/planeta-futuro\/2025-10-05\/dos-anos-de-infierno-en-la-tierra-en-gaza.html\">y el sufrimiento entre la poblaci\u00f3n palestina de Gaza<\/a>?\u201d Un 55,6% de los consultados jud\u00edos respondi\u00f3: \u201cNada\u201d. Un 23,4%, \u201cpoco\u201d. Casi un 70% de los encuestados cree, adem\u00e1s, del todo o bastante las informaciones de su ej\u00e9rcito sobre si los muertos que causa con sus bombardeos en Gaza son civiles o milicianos. En otro sondeo, un 78% considera que las Fuerzas Armadas \u201cse esfuerzan por evitar causar sufrimiento innecesario a los palestinos en Gaza\u201d.<\/p>\n<p class=\"\">No es solo la indiferencia \u2014o entusiasmo\u2014 por las v\u00edctimas \u201cdel otro lado\u201d. En todo conflicto armado, cada parte realza en mayor o menor medida el sufrimiento propio <a href=\"https:\/\/elpais.com\/internacional\/2020-07-10\/la-resistencia-a-llamar-genocidio-a-srebrenica.html\" target=\"_self\" rel=\"nofollow noopener\" title=\"https:\/\/elpais.com\/internacional\/2020-07-10\/la-resistencia-a-llamar-genocidio-a-srebrenica.html\">e ignora o relativiza el ajeno<\/a>. Es, sobre todo, que la mayor\u00eda social parece abrazar posiciones anta\u00f1o consideradas m\u00e1s extremistas y defiende la comisi\u00f3n de cr\u00edmenes contra la humanidad o de genocidio. <\/p>\n<p>\u201cExiliar a los palestinos\u201d<\/p>\n<p class=\"\">Por ejemplo, la limpieza \u00e9tnica de Gaza. La apoya, encuesta tras encuesta, una amplia mayor\u00eda de los jud\u00edos. Un 82% en la que la Universidad Estatal de Pensilvania (EE UU) encarg\u00f3 en marzo a la empresa demosc\u00f3pica israel\u00ed Grupo Geocartograf\u00eda. Un 72%, entre todos los israel\u00edes (por lo que previsiblemente tambi\u00e9n supera el 80% entre la mayor\u00eda jud\u00eda), con la expresi\u00f3n \u201cexiliar a los palestinos\u201d. La hizo el canal 13 de la televisi\u00f3n nacional un mes antes, cuando Trump habl\u00f3 de \u201climpiar\u201d Gaza de su poblaci\u00f3n para crear la Riviera de Oriente Pr\u00f3ximo, algo que <a href=\"https:\/\/elpais.com\/internacional\/2025-10-04\/israel-se-prepara-para-la-liberacion-de-los-rehenes-y-ordena-a-su-ejercito-reducir-los-bombardeos-en-gaza.html\" target=\"_self\" rel=\"nofollow noopener\" title=\"https:\/\/elpais.com\/internacional\/2025-10-04\/israel-se-prepara-para-la-liberacion-de-los-rehenes-y-ordena-a-su-ejercito-reducir-los-bombardeos-en-gaza.html\">no contempla su nuevo plan de paz.<\/a> En la del canal 12, tambi\u00e9n entre todos los israel\u00edes y usando el verbo \u201ctrasladar\u201d a los gazat\u00edes, lo apoya un 58% de los votantes de la oposici\u00f3n.<\/p>\n<p class=\"\">En el sondeo de Geocartograf\u00eda, un 56% de los jud\u00edos israel\u00edes va m\u00e1s all\u00e1 y apoya el famoso transfer (la expulsi\u00f3n forzosa a otros pa\u00edses) de sus conciudadanos \u00e9tnicamente palestinos. Son casi dos millones de personas, el 20% de la poblaci\u00f3n israel\u00ed. El gran defensor de la idea era el extremista Meir Kahane. En los a\u00f1os noventa, el Supremo ilegaliz\u00f3 su partido, Kaj, por su radicalidad y racismo. Hoy, cada a\u00f1o se ven m\u00e1s pegatinas en las calles con la frase \u201cKahane ten\u00eda raz\u00f3n\u201d. Un diputado del partido de Benjam\u00edn Netanyahu, Nissim Vaturi, acaba de declarar abiertamente en televisi\u00f3n que, a su juicio, \u201cel inter\u00e9s israel\u00ed es que no haya ning\u00fan \u00e1rabe aqu\u00ed\u201d. \u201cSi pudi\u00e9ramos expulsar a todos, ya lo habr\u00edamos hecho\u201d, a\u00f1adi\u00f3.<\/p>\n<p class=\"\">La encuesta de Geocartograf\u00eda pregunt\u00f3 tambi\u00e9n a los ciudadanos si compart\u00edan que, \u201cal conquistar una ciudad enemiga, el ej\u00e9rcito israel\u00ed deber\u00eda actuar de manera similar\u201d a como lo hicieron en el relato b\u00edblico los israelitas \u201ccuando conquistaron Jeric\u00f3 bajo el liderazgo de Josu\u00e9, es decir, matar a todos sus habitantes\u201d. Un 47% estuvo de acuerdo. <\/p>\n<p>Negaci\u00f3n<\/p>\n<p class=\"\">Daniel Bar Tal lleva d\u00e9cadas analizando el conflicto palestino-israel\u00ed desde la perspectiva de la psicolog\u00eda social. Profesor em\u00e9rito de la Universidad de Tel Aviv y expresidente de la Sociedad Internacional de Psicolog\u00eda Pol\u00edtica, ha publicado ensayos como Cayendo en el regalo envenenado: el caso del conflicto israel\u00ed-palestino. Ahora trabaja en un nuevo concepto (\u201cbestializaci\u00f3n\u201d) <a href=\"https:\/\/elpais.com\/internacional\/2022-11-07\/la-juventud-de-derechas-marca-el-rumbo-de-israel.html\" target=\"_self\" rel=\"nofollow noopener\" title=\"https:\/\/elpais.com\/internacional\/2022-11-07\/la-juventud-de-derechas-marca-el-rumbo-de-israel.html\">para ilustrar el proceso que ha observado<\/a>. \u201cLa sociedad israel\u00ed se vio extremadamente sorprendida por la acci\u00f3n de Ham\u00e1s y se sinti\u00f3 muy amenazada y humillada. Y no puede superarlo. Los secuestrados, adem\u00e1s, le recuerdan que eso no ha acabado\u201d. El resultado, argumenta, es una suerte de \u201cnegaci\u00f3n\u201d colectiva de los estragos que su ej\u00e9rcito nacional causa en Gaza. \u201cNo quieren verse, ni a sus hijos, como los perpetradores. Lo hemos visto tambi\u00e9n en Rusia, Turqu\u00eda, Estados Unidos o Bosnia\u201d, se\u00f1ala por videoconferencia. <\/p>\n<p class=\"\">Tel Aviv, s\u00e1bado por la noche. <a href=\"https:\/\/elpais.com\/internacional\/2025-10-04\/una-multitud-inunda-tel-aviv-para-presionar-por-la-liberacion-de-los-rehenes-netanyahu-es-ahora-o-nunca.html\" target=\"_self\" rel=\"nofollow noopener\" title=\"https:\/\/elpais.com\/internacional\/2025-10-04\/una-multitud-inunda-tel-aviv-para-presionar-por-la-liberacion-de-los-rehenes-netanyahu-es-ahora-o-nunca.html\">Decenas de miles de personas se manifiestan<\/a> para presionar por un acuerdo para liberar a los rehenes. Suena el nombre de Netanyahu desde el estrado y la multitud lo abuchea. Las v\u00edctimas palestinas no reciben menci\u00f3n y se respeta, y mucho, al ej\u00e9rcito que efect\u00faa los bombardeos. <\/p>\n<p><img decoding=\"auto\" class=\"_re lazyload a_m-h\" height=\"276\"  width=\"414\"  src=\"https:\/\/www.europesays.com\/es\/wp-content\/uploads\/2025\/10\/BATJ3EOBLRKYZPR42PVIFHEYPM.jpg\" loading=\"lazy\"\/>Manifestaci\u00f3n en Tel Aviv para pedir el regreso de los rehenes en Gaza, este s\u00e1bado.Ammar Awad (REUTERS)<\/p>\n<p class=\"\">Todo gira en torno a los 48 rehenes israel\u00edes a\u00fan en manos de Ham\u00e1s. \u201cEl plan de Trump va a traerlos de vuelta, por lo que ya es suficientemente bueno para m\u00ed. El resto de detalles, francamente, me importan menos. Es lo m\u00e1s importante y urgente\u201d, dice Yoav Shelhav, de 60 a\u00f1os. \u201cCuando ves las im\u00e1genes de las condiciones en las que est\u00e1n, son inaguantables. No puedo ni siquiera imaginar ponerme en su sitio\u201d. <\/p>\n<p class=\"\">A Hadas le apena, en cambio, que el plan haya tenido que llegar de EE UU y no del Gobierno de Netanyahu. \u201cEst\u00e1 el discurso de que Ir\u00e1n quiere matarnos. Irak, L\u00edbano, Siria\u2026 Que lo \u00fanico que quieren los pa\u00edses \u00e1rabes es arrojarnos al mar. Crec\u00ed con estas cosas, pero nunca me dieron miedo. Ten\u00edamos cierta confianza en nosotros mismos, en que \u00e9ramos fuertes. Lo que de verdad sentimos en los \u00faltimos dos a\u00f1os y medio [<a href=\"https:\/\/elpais.com\/internacional\/2023-07-30\/la-reforma-judicial-distancia-aun-mas-a-las-dos-almas-de-israel.html\" target=\"_self\" rel=\"nofollow noopener\" title=\"https:\/\/elpais.com\/internacional\/2023-07-30\/la-reforma-judicial-distancia-aun-mas-a-las-dos-almas-de-israel.html\">desde las protestas contra la reforma judicial de Netanyahu, en 2023<\/a>] es que este Gobierno est\u00e1 destruyendo Israel desde dentro\u201d, asevera Hadas, originario de Haifa pero con tres d\u00e9cadas ya en Tel Aviv. <\/p>\n<p class=\"\">La carencia general de alimentos en Gaza se debe a la decisi\u00f3n del Gobierno de Netanyahu de utilizar el hambre como castigo colectivo y arma de guerra, que provoca muertos diarios por inanici\u00f3n y llev\u00f3 a la ONU en agosto a declarar la hambruna en la zona de la capital. Pero, en el epicentro de las protestas, la plaza de Tel Aviv rebautizada como de los Rehenes y los Desaparecidos, los activistas colocaron medio pan de pita, en referencia a lo que com\u00eda uno de los rehenes, en una mesa larga en recuerdo a los ausentes que simula las de la cena de shabat.<\/p>\n<p class=\"\">De hecho, el foro que representa a los rehenes fue de los primeros en convertir la ayuda humanitaria en herramienta de presi\u00f3n. En octubre de 2023, critic\u00f3 al Gobierno por ceder ante Washington y aceptar \u201cgratis\u201d que entrasen los primeros cargamentos desde Egipto. Yoav Gallant \u2014el entonces ministro de Defensa y hoy con orden de arresto del Tribunal Penal Internacional por presuntos cr\u00edmenes de guerra y contra la humanidad en Gaza\u2014 pronunci\u00f3, a ra\u00edz del ataque masivo de Ham\u00e1s, <a href=\"https:\/\/elpais.com\/internacional\/2024-01-11\/borrar-gaza-de-la-faz-de-la-tierra-las-frases-de-politicos-israelies-en-las-que-sudafrica-apoya-su-acusacion-de-genocidio.html\" target=\"_self\" rel=\"nofollow noopener\" title=\"https:\/\/elpais.com\/internacional\/2024-01-11\/borrar-gaza-de-la-faz-de-la-tierra-las-frases-de-politicos-israelies-en-las-que-sudafrica-apoya-su-acusacion-de-genocidio.html\">una frase que Sud\u00e1frica incluy\u00f3 en la demanda por genocidio<\/a> que present\u00f3 contra Israel en la corte de La Haya: \u201cNo habr\u00e1 electricidad, ni alimentos, ni combustible. Todo est\u00e1 cerrado. [\u2026] Nos enfrentamos a animales humanos y actuamos en consecuencia\u201d.<\/p>\n<p class=\"\">Uno de los principales cr\u00edticos del denominado sionismo liberal es el conocido periodista del diario Haaretz Gideon Levy. \u201c[La sociedad] Se queda impactada con cada v\u00eddeo, desconcertada por el destino de los rehenes demacrados y los soldados muertos. Pero, cuando escuchan noticias de una horrible masacre en un hospital, bostezan, desinteresados\u201d, escrib\u00eda recientemente. \u201cSe preocupan por la vida de 20 rehenes mientras ignoran que su pa\u00eds mata a un promedio de 20 inocentes por hora\u201d.<\/p>\n<p>El mensaje en los medios<\/p>\n<p class=\"\">Un factor fundamental es la retroalimentaci\u00f3n entre p\u00fablico y medios de comunicaci\u00f3n. Una escena del pasado julio en el plat\u00f3 del canal 13 de televisi\u00f3n muestra el estado de \u00e1nimo al respecto. Una periodista, Emmanuelle Elbaz-Phelps, asegura: \u201cLa guerra en Gaza causa muchos muertos palestinos\u201d. Ante un intento de interrumpirla, a\u00f1ade: \u201cNo, no silencies esto. <a href=\"https:\/\/elpais.com\/internacional\/2024-03-24\/ni-cadaveres-ni-hambre-asi-ven-los-israelies-en-television-la-guerra-en-gaza.html\" target=\"_self\" rel=\"nofollow noopener\" title=\"https:\/\/elpais.com\/internacional\/2024-03-24\/ni-cadaveres-ni-hambre-asi-ven-los-israelies-en-television-la-guerra-en-gaza.html\">Son cosas que cuesta decir en los plat\u00f3s israel\u00edes, pero es importante hacerlo<\/a>\u201d. La corta entonces uno de los presentadores, Eyal Berkovich, que afirma: \u201cCon todo el respeto, y tengo mucho por ti: no necesito preocuparme de lo que pasa en Gaza\u201d.<\/p>\n<p class=\"\">Yinon Magal, el presentador estrella del canal de televisi\u00f3n 14, el favorito de los partidarios de Netanyahu, difundi\u00f3 en Twitter un v\u00eddeo cruel con tono c\u00f3mico cuando Israel y EE UU introdujeron en agosto un nuevo sistema de reparto de ayuda humanitaria, en el que una multitud compite para no morir de inanici\u00f3n y decenas han perdido la vida por fuego israel\u00ed. Magal aparece sentado en un parque, tirando migas de pan a unas palomas mientras les dice: \u201cVenid, coged ayuda humanitaria antes de que os haga a la parrilla [\u2026] Bibi [Netanyahu] sabe lo que hace, hasta la victoria total. Todas acabar\u00e9is fritas, no os preocup\u00e9is\u201d.<\/p>\n<p class=\"\">La hambruna causa risa en ese canal. En aquellas fechas proliferaban las im\u00e1genes de ni\u00f1os esquel\u00e9ticos en Gaza. Uno de los comentaristas se queja de las acusaciones y bromea con que, en realidad, \u201calgunos tienen que bajar de peso\u201d. \u201cPodemos llamarlo inanici\u00f3n selectiva\u201d, responde el presentador. \u201cEn las im\u00e1genes vemos ni\u00f1os delgados y padres gordos y sanos, incluso con sobrepeso\u201d. Ponen entonces la imagen de una madre con su hijo de cuatro a\u00f1os, que muri\u00f3 desnutrido, y dicen: \u201cEs la imagen de alguien que se ha comido toda la comida de su hijo\u201d. \u201cA lo mejor se ha comido a su hijo\u201d, a\u00f1ade otra, entre las risas de todos.<\/p>\n<p><img decoding=\"auto\" class=\"_re lazyload a_m-h\" height=\"276\"  width=\"414\"  src=\"https:\/\/www.europesays.com\/es\/wp-content\/uploads\/2025\/10\/DMGTMBTTLFN67HT5KUNPXEMMNI.jpg\" loading=\"lazy\"\/>Ni\u00f1os palestinos pelean por comida en el campamento de refugiados de Nuseirat, en Gaza, el pasado s\u00e1bado.DPA v\u00eda Europa Press (DPA v\u00eda Europa Press)<\/p>\n<p class=\"\">Zvi Yehezkeli, su comentarista de asuntos \u00e1rabes, aplaud\u00eda en otra cadena, i24, \u201cel asesinato de periodistas palestinos que muestran al mundo una imagen completamente distorsionada y sirven los intereses de Ham\u00e1s\u201d. \u201cA\u00fan quedan muchos que siguen causando da\u00f1o reputacional en una batalla en la que no estamos sobresaliendo\u201d, afirmaba. Por esas fechas, el periodista israel\u00ed Avraham Grinzig respond\u00eda al anuncio del Reino Unido de que reconocer\u00eda el Estado palestino este septiembre con la frase: \u201cNo pasa nada. Con la ayuda de Dios, para septiembre no quedar\u00e1 qu\u00e9 reconocer\u201d.<\/p>\n<p>Tab\u00fa<\/p>\n<p class=\"\">Cambiemos de lugar y de lenguaje. 19 de septiembre por la ma\u00f1ana. Decenas de activistas israel\u00edes jud\u00edos se han coordinado por su cuenta (no convoca ninguna organizaci\u00f3n) para intentar llegar a la valla fronteriza con Gaza y desplegar carteles con un t\u00e9rmino absolutamente tab\u00fa entre sus conciudadanos. <a href=\"https:\/\/elpais.com\/opinion\/2025-10-05\/hacia-el-final-del-genocidio-si-genocidio.html\" target=\"_self\" rel=\"nofollow noopener\" title=\"https:\/\/elpais.com\/opinion\/2025-10-05\/hacia-el-final-del-genocidio-si-genocidio.html\">\u201cGenocidio\u201d.<\/a><\/p>\n<p class=\"\">La protesta avanza bajo un sol de plomo y en medio del polvo durante m\u00e1s de una hora. La polic\u00eda arresta a algunos y advierte a otros, pero decide dejarlos llegar a la frontera. Las pancartas y lemas los sit\u00faan en los m\u00e1rgenes pol\u00edticos de su pa\u00eds, sobre todo porque este percibe \u2014a menudo con raz\u00f3n\u2014 las comparaciones con el Holocausto como una negaci\u00f3n o relativizaci\u00f3n de su gravedad. \u201cBasta de supremac\u00eda jud\u00eda desde el r\u00edo [Jord\u00e1n] hasta el mar [Mediterr\u00e1neo]\u201d, \u201cDetengamos el genocidio\u201d, \u201cLibertad para el gueto de Gaza\u201d, \u201cLa tercera generaci\u00f3n del Holocausto est\u00e1 cometiendo un genocidio\u201d. En su boca, como israel\u00edes jud\u00edos, suena distinto.<\/p>\n<p><img decoding=\"auto\" class=\"_re lazyload a_m-h\" height=\"276\"  width=\"414\"  src=\"https:\/\/www.europesays.com\/es\/wp-content\/uploads\/2025\/10\/KNL7ESEQWRBBTLLGCO4UN4GCBU.JPG\" loading=\"lazy\"\/>Roni Federman, junto a la frontera de Israel con Gaza, con una pancarta en solidaridad con la flotilla Global-Sumud, este septiembre.saeedqaq<\/p>\n<p class=\"\"><a href=\"https:\/\/elpais.com\/internacional\/2023-03-27\/los-israelies-que-cuelan-la-ocupacion-de-palestina-en-la-protesta-contra-la-reforma-judicial.html\" target=\"_self\" rel=\"nofollow noopener\" title=\"https:\/\/elpais.com\/internacional\/2023-03-27\/los-israelies-que-cuelan-la-ocupacion-de-palestina-en-la-protesta-contra-la-reforma-judicial.html\">\u201cDesafortunadamente, somos una minor\u00eda\u201d,<\/a> admite Roni Federman, de 60 a\u00f1os, con una pancarta en apoyo a la flotilla de ayuda humanitaria hacia Gaza interceptada finalmente la pasada semana. \u201cAunque la mayor\u00eda en Israel apoya el fin de la guerra, est\u00e1 menos interesada en lo que le sucede a la poblaci\u00f3n de Gaza. Todos los d\u00edas vemos im\u00e1genes impactantes, pero no en la televisi\u00f3n israel\u00ed. Todos los d\u00edas decenas de asesinados, ni\u00f1os que rompen a llorar&#8230; Es imposible no estar en contra; es imposible callar.\u201d<\/p>\n<p class=\"\">Galit Samuel, de 56 a\u00f1os y tambi\u00e9n de Tel Aviv, escoge los t\u00e9rminos que sabe c\u00f3mo suenan en su pa\u00eds. \u201cEs una guerra de exterminio, la Sho\u00e1 [Holocausto] palestina que est\u00e1n cometiendo los israel\u00edes. Un completo fracaso moral\u201d.<\/p>\n","protected":false},"excerpt":{"rendered":"\u201cExplosiones, explosiones, solo quiero o\u00edr explosiones. Y mirar hacia all\u00ed y solo ver el mar\u201d. Nadav Hazen tiene&hellip;\n","protected":false},"author":2,"featured_media":158913,"comment_status":"","ping_status":"","sticky":false,"template":"","format":"standard","meta":{"footnotes":""},"categories":[42],"tags":[17,18,68,70,71,72,13,14,73,69,75,11,61,62,63,64,74,19,20,9,10,15,16,77,76,12,21,22,65,66,67],"class_list":{"0":"post-158912","1":"post","2":"type-post","3":"status-publish","4":"format-standard","5":"has-post-thumbnail","7":"category-internacional","8":"tag-breaking-news","9":"tag-breakingnews","10":"tag-conflicto-arabe-israeli","11":"tag-conflictos","12":"tag-conflictos-armados","13":"tag-conflictos-internacionales","14":"tag-featured-news","15":"tag-featurednews","16":"tag-franja-gaza","17":"tag-guerra","18":"tag-hamas","19":"tag-headlines","20":"tag-internacional","21":"tag-international","22":"tag-international-news","23":"tag-internationalnews","24":"tag-israel","25":"tag-latest-news","26":"tag-latestnews","27":"tag-news","28":"tag-noticias","29":"tag-noticias-destacadas","30":"tag-noticiasdestacadas","31":"tag-oriente-proximo","32":"tag-palestina","33":"tag-titulares","34":"tag-ultimas-noticias","35":"tag-ultimasnoticias","36":"tag-world","37":"tag-world-news","38":"tag-worldnews"},"share_on_mastodon":{"url":"","error":""},"_links":{"self":[{"href":"https:\/\/www.europesays.com\/es\/wp-json\/wp\/v2\/posts\/158912","targetHints":{"allow":["GET"]}}],"collection":[{"href":"https:\/\/www.europesays.com\/es\/wp-json\/wp\/v2\/posts"}],"about":[{"href":"https:\/\/www.europesays.com\/es\/wp-json\/wp\/v2\/types\/post"}],"author":[{"embeddable":true,"href":"https:\/\/www.europesays.com\/es\/wp-json\/wp\/v2\/users\/2"}],"replies":[{"embeddable":true,"href":"https:\/\/www.europesays.com\/es\/wp-json\/wp\/v2\/comments?post=158912"}],"version-history":[{"count":0,"href":"https:\/\/www.europesays.com\/es\/wp-json\/wp\/v2\/posts\/158912\/revisions"}],"wp:featuredmedia":[{"embeddable":true,"href":"https:\/\/www.europesays.com\/es\/wp-json\/wp\/v2\/media\/158913"}],"wp:attachment":[{"href":"https:\/\/www.europesays.com\/es\/wp-json\/wp\/v2\/media?parent=158912"}],"wp:term":[{"taxonomy":"category","embeddable":true,"href":"https:\/\/www.europesays.com\/es\/wp-json\/wp\/v2\/categories?post=158912"},{"taxonomy":"post_tag","embeddable":true,"href":"https:\/\/www.europesays.com\/es\/wp-json\/wp\/v2\/tags?post=158912"}],"curies":[{"name":"wp","href":"https:\/\/api.w.org\/{rel}","templated":true}]}}