{"id":158914,"date":"2025-10-06T05:04:08","date_gmt":"2025-10-06T05:04:08","guid":{"rendered":"https:\/\/www.europesays.com\/es\/158914\/"},"modified":"2025-10-06T05:04:08","modified_gmt":"2025-10-06T05:04:08","slug":"dia-de-la-hispanidad-el-festivo-se-pasa-al-lunes-13-de-octubre-en-la-region-de-murcia","status":"publish","type":"post","link":"https:\/\/www.europesays.com\/es\/158914\/","title":{"rendered":"D\u00eda de la Hispanidad: \u00bfel festivo se pasa al lunes 13 de octubre en la Regi\u00f3n de Murcia?"},"content":{"rendered":"<p class=\"v-mdl-ath__p v-mdl-ath__p--6\">\nDomingo, 5 de octubre 2025, 17:27<\/p>\n<p class=\"v-p\">Entramos en los \u00faltimos tres meses de 2025 y despu\u00e9s de las vacaciones de verano, lo que comenzamos a mirar son los festivos para intentar aprovechar los m\u00e1ximos descansos posibles. El mayor dilema con este tipo de d\u00edas es la posibilidad de que se celebren en fin de semana y que, por lo tanto, no se puedan aprovechar. En el caso de la Regi\u00f3n de Murcia, quedan por celebrar cuatros festividades y dos de ellas se festejan en fin de semanas. Estas cuatro son: s\u00e1bado 1 de noviembre D\u00eda de todos los Santos; s\u00e1bado 6 de diciembre D\u00eda de la Constituci\u00f3n espa\u00f1ola; lunes 8 de diciembre D\u00eda de la Inmaculada Concepci\u00f3n; y jueves 25 de diciembre Navidad.<\/p>\n<p class=\"v-p\">Como en otros a\u00f1os, el festivo nacional m\u00e1s cercano es el 12 de octubre D\u00eda de la Hispanidad. Este d\u00eda cae en fin de semana, exactamente en domingo, y por lo que aparece en la normativa vigente, las administraciones regionales tienen la potestad de ajustar el calendario laboral cuando una festividad nacional coincide con el fin de semana.<\/p>\n<p class=\"v-p\">La decisi\u00f3n de la Administraci\u00f3n de la Regi\u00f3n de Murcia ha sido mantener el festivo en domingo, por lo que el lunes es d\u00eda laborable y tanto ni\u00f1os, j\u00f3venes y adultos tendr\u00e1n que acudir a sus colegios y lugares de trabajos al no poder optar a este d\u00eda de fiesta. En Espa\u00f1a solo hay cinco comunidades (Andaluc\u00eda, Arag\u00f3n, Asturias, Castilla y Le\u00f3n y Extremadura) que s\u00ed optaron por mover el festivo y as\u00ed disponer de tres d\u00edas de descanso consecutivos.<\/p>\n<p>\u00bfPor qu\u00e9 en la Regi\u00f3n de Murcia no es festivo el lunes?<\/p>\n<p class=\"v-p\">En primer lugar, esta decisi\u00f3n se tom\u00f3 antes de comenzar el 2025 y la confirmaci\u00f3n de esta idea se dio a conocer el 1 de enero de este a\u00f1o en el Bolet\u00edn Oficial del Estado (BOE). <a href=\"https:\/\/www.laverdad.es\/murcia\/calendario-laboral-2025-dias-festivos-region-murcia-20250101130619-nt.html\" title=\"www.laverdad.es\" data-voc-vtm-id=\"in-text-traffic\" data-mrf-link=\"www.laverdad.es\" rel=\"nofollow noopener\" target=\"_blank\">En el calendario se determinaron 12 d\u00edas festivos<\/a>, 9 de ellos nacionales no sustituibles y 3 sustituibles. Respecto a la decisi\u00f3n de los festivos sustituibles, en el caso de la Comunidad, se decidi\u00f3 optar por trasladar el festivo que corresponde por el D\u00eda del Pilar del 12 de octubre, que cae en domingo, por el d\u00eda de San Jos\u00e9 del 19 de marzo, que se celebr\u00f3 en mi\u00e9rcoles.<\/p>\n<p class=\"v-p\">Los festivos que quedan por celebrarse en la Regi\u00f3n de Murcia son los siguientes:<\/p>\n<p class=\"v-p\">1 de noviembre (s\u00e1bado): <strong>D\u00eda de Todos los Santos.<\/strong><\/p>\n<p class=\"v-p\">6 de diciembre (s\u00e1bado): <strong>Constituci\u00f3n Espa\u00f1ola.<\/strong><\/p>\n<p class=\"v-p\">8 de diciembre (lunes): <strong>Inmaculada Concepci\u00f3n.<\/strong><\/p>\n<p class=\"v-p\">25 de diciembre (jueves): <strong>Navidad.<\/strong><\/p>\n<p>Reporta un error<\/p>\n","protected":false},"excerpt":{"rendered":"Domingo, 5 de octubre 2025, 17:27 Entramos en los \u00faltimos tres meses de 2025 y despu\u00e9s de las&hellip;\n","protected":false},"author":2,"featured_media":158915,"comment_status":"","ping_status":"","sticky":false,"template":"","format":"standard","meta":{"footnotes":""},"categories":[8],"tags":[17,18,25,24,13,14,12680,11,19,20,1051,1478,9,10,15,16,9072,6192,23,12,21,22],"class_list":{"0":"post-158914","1":"post","2":"type-post","3":"status-publish","4":"format-standard","5":"has-post-thumbnail","7":"category-espana","8":"tag-breaking-news","9":"tag-breakingnews","10":"tag-es","11":"tag-espana","12":"tag-featured-news","13":"tag-featurednews","14":"tag-festivo","15":"tag-headlines","16":"tag-latest-news","17":"tag-latestnews","18":"tag-lunes","19":"tag-murcia","20":"tag-news","21":"tag-noticias","22":"tag-noticias-destacadas","23":"tag-noticiasdestacadas","24":"tag-octubre","25":"tag-region","26":"tag-spain","27":"tag-titulares","28":"tag-ultimas-noticias","29":"tag-ultimasnoticias"},"share_on_mastodon":{"url":"","error":""},"_links":{"self":[{"href":"https:\/\/www.europesays.com\/es\/wp-json\/wp\/v2\/posts\/158914","targetHints":{"allow":["GET"]}}],"collection":[{"href":"https:\/\/www.europesays.com\/es\/wp-json\/wp\/v2\/posts"}],"about":[{"href":"https:\/\/www.europesays.com\/es\/wp-json\/wp\/v2\/types\/post"}],"author":[{"embeddable":true,"href":"https:\/\/www.europesays.com\/es\/wp-json\/wp\/v2\/users\/2"}],"replies":[{"embeddable":true,"href":"https:\/\/www.europesays.com\/es\/wp-json\/wp\/v2\/comments?post=158914"}],"version-history":[{"count":0,"href":"https:\/\/www.europesays.com\/es\/wp-json\/wp\/v2\/posts\/158914\/revisions"}],"wp:featuredmedia":[{"embeddable":true,"href":"https:\/\/www.europesays.com\/es\/wp-json\/wp\/v2\/media\/158915"}],"wp:attachment":[{"href":"https:\/\/www.europesays.com\/es\/wp-json\/wp\/v2\/media?parent=158914"}],"wp:term":[{"taxonomy":"category","embeddable":true,"href":"https:\/\/www.europesays.com\/es\/wp-json\/wp\/v2\/categories?post=158914"},{"taxonomy":"post_tag","embeddable":true,"href":"https:\/\/www.europesays.com\/es\/wp-json\/wp\/v2\/tags?post=158914"}],"curies":[{"name":"wp","href":"https:\/\/api.w.org\/{rel}","templated":true}]}}