{"id":158920,"date":"2025-10-06T05:12:07","date_gmt":"2025-10-06T05:12:07","guid":{"rendered":"https:\/\/www.europesays.com\/es\/158920\/"},"modified":"2025-10-06T05:12:07","modified_gmt":"2025-10-06T05:12:07","slug":"la-nacion-victoria-de-russell","status":"publish","type":"post","link":"https:\/\/www.europesays.com\/es\/158920\/","title":{"rendered":"La Naci\u00f3n \/ Victoria de Russell"},"content":{"rendered":"<p class=\"paragraph\">El ingl\u00e9s George Russell de Mercedes gan\u00f3 el domingo el Gran Premio de Singapur de F\u00f3rmula 1 por delante del neerland\u00e9s Max Verstappeny el brit\u00e1nico Lando Norris, mientras que McLaren ase\u00adgur\u00f3 el campeonato de cons\u00adtructores de F\u00f3rmula Uno. <\/p>\n<p class=\"paragraph\">El australiano Oscar Pias\u00adtri fue cuarto, lo que significa que su ventaja sobre su com\u00adpa\u00f1ero de equipo de McLa\u00adren, Norris, en la cima de la clasificaci\u00f3n de pilotos se redujo a 22 puntos. <\/p>\n","protected":false},"excerpt":{"rendered":"El ingl\u00e9s George Russell de Mercedes gan\u00f3 el domingo el Gran Premio de Singapur de F\u00f3rmula 1 por&hellip;\n","protected":false},"author":2,"featured_media":158921,"comment_status":"","ping_status":"","sticky":false,"template":"","format":"standard","meta":{"footnotes":""},"categories":[270],"tags":[168,47327,25,24,306,271,272,23,167],"class_list":{"0":"post-158920","1":"post","2":"type-post","3":"status-publish","4":"format-standard","5":"has-post-thumbnail","7":"category-formula-1","8":"tag-deportes","9":"tag-el-ingles-george-russell","10":"tag-es","11":"tag-espana","12":"tag-f1","13":"tag-formula-1","14":"tag-formula1","15":"tag-spain","16":"tag-sports"},"share_on_mastodon":{"url":"","error":""},"_links":{"self":[{"href":"https:\/\/www.europesays.com\/es\/wp-json\/wp\/v2\/posts\/158920","targetHints":{"allow":["GET"]}}],"collection":[{"href":"https:\/\/www.europesays.com\/es\/wp-json\/wp\/v2\/posts"}],"about":[{"href":"https:\/\/www.europesays.com\/es\/wp-json\/wp\/v2\/types\/post"}],"author":[{"embeddable":true,"href":"https:\/\/www.europesays.com\/es\/wp-json\/wp\/v2\/users\/2"}],"replies":[{"embeddable":true,"href":"https:\/\/www.europesays.com\/es\/wp-json\/wp\/v2\/comments?post=158920"}],"version-history":[{"count":0,"href":"https:\/\/www.europesays.com\/es\/wp-json\/wp\/v2\/posts\/158920\/revisions"}],"wp:featuredmedia":[{"embeddable":true,"href":"https:\/\/www.europesays.com\/es\/wp-json\/wp\/v2\/media\/158921"}],"wp:attachment":[{"href":"https:\/\/www.europesays.com\/es\/wp-json\/wp\/v2\/media?parent=158920"}],"wp:term":[{"taxonomy":"category","embeddable":true,"href":"https:\/\/www.europesays.com\/es\/wp-json\/wp\/v2\/categories?post=158920"},{"taxonomy":"post_tag","embeddable":true,"href":"https:\/\/www.europesays.com\/es\/wp-json\/wp\/v2\/tags?post=158920"}],"curies":[{"name":"wp","href":"https:\/\/api.w.org\/{rel}","templated":true}]}}