{"id":158924,"date":"2025-10-06T05:20:11","date_gmt":"2025-10-06T05:20:11","guid":{"rendered":"https:\/\/www.europesays.com\/es\/158924\/"},"modified":"2025-10-06T05:20:11","modified_gmt":"2025-10-06T05:20:11","slug":"de-caravana-y-la-zurda-dos-filmes-sobre-el-cuarteto-vuelven-al-cine-remasterizados","status":"publish","type":"post","link":"https:\/\/www.europesays.com\/es\/158924\/","title":{"rendered":"\u00abDe Caravana\u00bb y \u00abLa Zurda\u00bb: dos filmes sobre el cuarteto vuelven al cine remasterizados"},"content":{"rendered":"<p>Dos de los filmes m\u00e1s destacados del director <strong>Rosendo Ruiz<\/strong>, regresan a la pantalla grande. Se trata de <strong>\u201cDe Caravana\u201d y \u201cLa Zurda\u201d,<\/strong> dos pel\u00edculas que tienen como protagonista al cuarteto cordob\u00e9s. \u00a0<\/p>\n<p>Ambas celebran la identidad de C\u00f3rdoba, con historias que vibran al ritmo del cuarteto y personajes que te har\u00e1n sentir en casa. Para este reestreno, las pel\u00edculas est\u00e1n remasterizadas.<\/p>\n<p>Se exhiben en Cines Gran Rex (Gral. Paz 174). <strong>La Zurda a las 21.25 y De Caravana a las 19.30.\u00a0<\/strong><\/p>\n<p><strong>Las entradas ya est\u00e1n a la venta:<\/strong><\/p>\n<p>De Caravana, entradas <a rel=\"noopener nofollow\" href=\"http:\/\/cinesgranrex.com.ar\/pelicula\/1026\" target=\"_blank\">AQU\u00cd.<\/a><\/p>\n<p>La Zurda, entradas <a rel=\"noopener nofollow\" href=\"http:\/\/cinesgranrex.com.ar\/pelicula\/1631\" target=\"_blank\">AQU\u00cd.<\/a><br \/>\u00a0<\/p>\n<p>De Caravana<\/p>\n<p>La pel\u00edcula relata una semana en la vida de Juan Cruz, un fot\u00f3grafo de C\u00f3rdoba, quien se ve inesperadamente involucrado en el mundo del popular \u00eddolo musical La Mona Jim\u00e9nez. A trav\u00e9s de una serie de aventuras, Juan Cruz descubre su verdadera vocaci\u00f3n como artista. Con la participaci\u00f3n de Lorena Jim\u00e9nez y su banda musical \u201cQu\u00e9 las pari\u00f3\u201d, y Carlos \u201cLa Mona\u201d Jim\u00e9nez. De Caravana fue producida por El Carro. <\/p>\n<p>De Caravana &#8211; Trailer Oficial<\/p>\n<\/p>\n<p>La Zurda<\/p>\n<p>El film sigue a La Zurda y Yonatan, dos j\u00f3venes de barrios marginados que sue\u00f1an con triunfar con su banda de cuarteto. Una noche, se ven envueltos en un crimen que no cometieron y huyen, convencidos de que su condici\u00f3n social los condenar\u00e1 de inmediato. En su intento por encontrar al verdadero culpable y demostrar su inocencia, se ven envueltos en una trama de enredos con la justicia, la polic\u00eda y el poder. La misma fue producida por El Carro y Jaque Content.\u00a0 <\/p>\n<p>LA ZURDA PELICULA TRAILER OFICIAL<\/p>\n<\/p>\n<p>Un fen\u00f3meno que vuelve a la cartelera<br \/>\u00a0<\/p>\n<p><strong>De Caravana cumple 15 a\u00f1os <\/strong>y fue un \u00e9xito rotundo, ganando el Premio del P\u00fablico en el 25\u00b0 Festival Internacional de Cine de Mar del Plata. Estuvo en cartelera durante 17 semanas, capturando el coraz\u00f3n del p\u00fablico y la cr\u00edtica que la describi\u00f3 como \u00abuna comedia a puro cuarteto, a puro v\u00e9rtigo y a puro cine\u00bb.<\/p>\n<p>Por su parte, <strong>La Zurda se estren\u00f3 a nivel nacional el 24 de abril de este a\u00f1o.<\/strong> Esta \u00abtragedia al ritmo del cuarteto\u00bb estuvo en la cartelera por 4 semanas y fue filmada completamente en C\u00f3rdoba Capital. Con m\u00fasica original de la banda <strong>Monada<\/strong>, la pel\u00edcula te sumergir\u00e1 en un thriller vibrante y lleno de sorpresas.<\/p>\n<p>No te pierdas esta oportunidad \u00fanica de ver (o volver a ver) dos joyas del cine cordob\u00e9s.<br \/>\u00a0<\/p>\n","protected":false},"excerpt":{"rendered":"Dos de los filmes m\u00e1s destacados del director Rosendo Ruiz, regresan a la pantalla grande. Se trata de&hellip;\n","protected":false},"author":2,"featured_media":158925,"comment_status":"","ping_status":"","sticky":false,"template":"","format":"standard","meta":{"footnotes":""},"categories":[169],"tags":[177,47330,47331,47334,47332,1931,146,147,25,24,176,47333,175,185,753,15118,23],"class_list":{"0":"post-158924","1":"post","2":"type-post","3":"status-publish","4":"format-standard","5":"has-post-thumbnail","7":"category-cine","8":"tag-cine","9":"tag-cine-cordobes","10":"tag-cines-rex","11":"tag-cuarteto","12":"tag-de-caravana","13":"tag-drama","14":"tag-entertainment","15":"tag-entretenimiento","16":"tag-es","17":"tag-espana","18":"tag-film","19":"tag-la-zurda","20":"tag-movies","21":"tag-musica","22":"tag-peliculas","23":"tag-policial","24":"tag-spain"},"share_on_mastodon":{"url":"","error":""},"_links":{"self":[{"href":"https:\/\/www.europesays.com\/es\/wp-json\/wp\/v2\/posts\/158924","targetHints":{"allow":["GET"]}}],"collection":[{"href":"https:\/\/www.europesays.com\/es\/wp-json\/wp\/v2\/posts"}],"about":[{"href":"https:\/\/www.europesays.com\/es\/wp-json\/wp\/v2\/types\/post"}],"author":[{"embeddable":true,"href":"https:\/\/www.europesays.com\/es\/wp-json\/wp\/v2\/users\/2"}],"replies":[{"embeddable":true,"href":"https:\/\/www.europesays.com\/es\/wp-json\/wp\/v2\/comments?post=158924"}],"version-history":[{"count":0,"href":"https:\/\/www.europesays.com\/es\/wp-json\/wp\/v2\/posts\/158924\/revisions"}],"wp:featuredmedia":[{"embeddable":true,"href":"https:\/\/www.europesays.com\/es\/wp-json\/wp\/v2\/media\/158925"}],"wp:attachment":[{"href":"https:\/\/www.europesays.com\/es\/wp-json\/wp\/v2\/media?parent=158924"}],"wp:term":[{"taxonomy":"category","embeddable":true,"href":"https:\/\/www.europesays.com\/es\/wp-json\/wp\/v2\/categories?post=158924"},{"taxonomy":"post_tag","embeddable":true,"href":"https:\/\/www.europesays.com\/es\/wp-json\/wp\/v2\/tags?post=158924"}],"curies":[{"name":"wp","href":"https:\/\/api.w.org\/{rel}","templated":true}]}}