{"id":158926,"date":"2025-10-06T05:21:18","date_gmt":"2025-10-06T05:21:18","guid":{"rendered":"https:\/\/www.europesays.com\/es\/158926\/"},"modified":"2025-10-06T05:21:18","modified_gmt":"2025-10-06T05:21:18","slug":"81-71-un-solido-real-madrid-debuta-en-liga-con-un-convincente-triunfo-ante-el-granca","status":"publish","type":"post","link":"https:\/\/www.europesays.com\/es\/158926\/","title":{"rendered":"81-71. Un s\u00f3lido Real Madrid debuta en liga con un convincente triunfo ante el Granca"},"content":{"rendered":"<p class=\"mb-4 text-lg md:leading-8 break-words\">Madrid, 5 oct (EFE).- El Real Madrid arranc\u00f3 la temporada liguera con una victoria solvente contra el Dreamland Gran Canaria en la que exhibi\u00f3 algunas de las l\u00edneas maestras llamadas a marcar su temporada; una buena defensa y el brillo del colectivo sobre lo individual, con nueve jugadores anotando seis puntos o m\u00e1s (81-71).<\/p>\n<p class=\"mb-4 text-lg md:leading-8 break-words\">El conjunto blanco sabe que el Movistar Arena es el trampol\u00edn sobre el que impulsar sus opciones de candidato a todo cada temporada. All\u00ed consigui\u00f3 el jueves su primera victoria en la Euroliga ante un &#8216;coco&#8217; como el Olympiacos y no se sali\u00f3 del camino ante el cuadro canario, recogiendo su imponente racha liguera como local donde lo dej\u00f3.<\/p>\n<p class=\"mb-4 text-lg md:leading-8 break-words\">Superado ya el r\u00e9cord de triunfos seguidos del club como anfitri\u00f3n en la competici\u00f3n, el objetivo es ahora es alcanzar el absoluto que ostenta al Bar\u00e7a. Y lo tiene al alcance de los dedos, pues le basta con ganar al Recoletas Salud San Pablo Burgos el 19 de octubre y al BAXI Manresa el 24, lo que supondr\u00eda cerrar el c\u00edrculo ante el rival que le venci\u00f3 por \u00faltima vez como for\u00e1neo el ya lejano 31 de marzo de 2024.<\/p>\n<p class=\"mb-4 text-lg md:leading-8 break-words\">Sin embargo, todo eso son castillos en el aire, y este Real Madrid en construcci\u00f3n no esta a\u00fan para pensar en esas cosas, sino para sacar adelante los partidos con la mayor confianza posible. M\u00e1s f\u00e1cil lo tendr\u00e1 cuanto m\u00e1s acelere su mejora, y en estos dos \u00faltimos duelos se han visto estimulantes brotes verdes.<\/p>\n<p class=\"mb-4 text-lg md:leading-8 break-words\">Empezaron lo de Sergio Scariolo de forma impecable, con un 8-0 favorable que redujo Pierre Pelos \u00e9l solo, con seis puntos sin respuesta. Ni rompi\u00f3 ah\u00ed el partido el bando madridista ni lo consigui\u00f3 en todo el primer cuarto y en el inicio del segundo, cuando el Dreamland Gran Canaria lleg\u00f3 a empatarle a veintid\u00f3s.<\/p>\n<p class=\"mb-4 text-lg md:leading-8 break-words\">Pero un 7-0 con cinco puntos de Mario Hezonja, unido a un lapso en el que el rival estuvo cuatro minutos sin anotar, bloqueo que aprovech\u00f3 Izan Almansa para mostrarse en su debut oficial como jugador del Real Madrid, termin\u00f3 por ayudarle a construir la tapia psicol\u00f3gica de la decena de renta favorable, sobre la que pusieron seis filas de ladrillos m\u00e1s entre el desenlace de la primera parte y el amanecer de la segunda (49-53, m.22).<\/p>\n<p class=\"mb-4 text-lg md:leading-8 break-words\">Un triple de Andrew Albicy fren\u00f3 el despegue definitivo de los de casa y espabil\u00f3 a los suyos, que empezaron a recomponerse hasta reducir la herida a la mitad. Un momento para volver a creer que dur\u00f3 poco, porque finalmente el talento individual se abri\u00f3 camino en forma de triples. Dos de Chuma Okeke, el segundo de ellos sobre la bocina del cuarto desde el centro del campo, y otro m\u00e1s kilom\u00e9trico de Sergio Llull hicieron que a la media hora los de blanco volviesen a ir ganando de quince (71-56, m.30).<\/p>\n<p><img alt=\"\" loading=\"lazy\" width=\"960\" height=\"643\" decoding=\"async\" data-nimg=\"1\" class=\"rounded-lg\" style=\"color:transparent\" src=\"https:\/\/www.europesays.com\/es\/wp-content\/uploads\/2025\/10\/7674cd2d44e63877d2532cda9bed91d7.jpeg\"\/><\/p>\n<p class=\"mb-4 text-lg md:leading-8 break-words\">Otro acierto exterior, este de Hezonja, aument\u00f3 el calvario; aunque no termin\u00f3 de hundir a un Gran Canaria que a trav\u00e9s de un 0-7 volvi\u00f3 a respirar y fue capaz de acabar el encuentro de una manera muy digna ante un Real Madrid que, ya con el triunfo en el bolsillo, dio la alternativa en los \u00faltimos segundos al joven let\u00f3n Gunars Grinva, cuyo primer punto, desde la l\u00ednea de tiros libres, fue recibido con una sonora ovaci\u00f3n desde la grada.<\/p>\n<p class=\"mb-4 text-lg md:leading-8 break-words\">Ficha t\u00e9cnica:<\/p>\n<p class=\"mb-4 text-lg md:leading-8 break-words\">81 &#8211; Real Madrid (22+22+27+10): Campazzo (6), Hezonja (13), Kr\u00e4mer (10), Lyles (10), Tavares (6) -cinco inicial-, Andr\u00e9s Feliz (7), Sergio Llull (10), Almansa (6), Okeke (6), Abalde (5), Bruno Fernando (1) y Grinvalds (1).<\/p>\n<p class=\"mb-4 text-lg md:leading-8 break-words\">71 &#8211; Dreamland Gran Canaria (18+15+23+15): Albicy (9), Wong (9), Brussino (-), Pelos (12), Tobey (-) -cinco inicial-, Angola (7), Labeyrie (13), Samar (10), Salv\u00f3 (2), Kuath (9), Nzambi (-).<\/p>\n<p class=\"mb-4 text-lg md:leading-8 break-words\">\u00c1rbitros: Fernando Calatrava, Jorge Mart\u00ednez y Vicente Mart\u00ednez. Sin eliminados.<\/p>\n<p class=\"mb-4 text-lg md:leading-8 break-words\">Incidencias: partido de la primera jornada de la Liga Endesa disputado en el Movistar Arena de Madrid ante 6.832 espectadores.<\/p>\n<p class=\"mb-4 text-lg md:leading-8 break-words\">Carlos Mateos Gil<\/p>\n<p><img alt=\"\" loading=\"lazy\" width=\"960\" height=\"638\" decoding=\"async\" data-nimg=\"1\" class=\"rounded-lg\" style=\"color:transparent\" src=\"https:\/\/www.europesays.com\/es\/wp-content\/uploads\/2025\/10\/f4f9b56de1c0b649d13e2a6bd3a9e2db.jpeg\"\/><\/p>\n<p class=\"mb-4 text-lg md:leading-8 break-words\">(c) Agencia EFE<\/p>\n","protected":false},"excerpt":{"rendered":"Madrid, 5 oct (EFE).- El Real Madrid arranc\u00f3 la temporada liguera con una victoria solvente contra el Dreamland&hellip;\n","protected":false},"author":2,"featured_media":158927,"comment_status":"","ping_status":"","sticky":false,"template":"","format":"standard","meta":{"footnotes":""},"categories":[93],"tags":[47335,168,995,14467,25,24,1897,205,47336,3048,3919,3049,23,167],"class_list":{"0":"post-158926","1":"post","2":"type-post","3":"status-publish","4":"format-standard","5":"has-post-thumbnail","7":"category-deportes","8":"tag-castillos-en-el-aire","9":"tag-deportes","10":"tag-efe","11":"tag-el-segundo","12":"tag-es","13":"tag-espana","14":"tag-gran-canaria","15":"tag-madrid","16":"tag-mario-hezonja","17":"tag-real-madrid","18":"tag-san-pablo-burgos","19":"tag-sergio-scariolo","20":"tag-spain","21":"tag-sports"},"share_on_mastodon":{"url":"","error":""},"_links":{"self":[{"href":"https:\/\/www.europesays.com\/es\/wp-json\/wp\/v2\/posts\/158926","targetHints":{"allow":["GET"]}}],"collection":[{"href":"https:\/\/www.europesays.com\/es\/wp-json\/wp\/v2\/posts"}],"about":[{"href":"https:\/\/www.europesays.com\/es\/wp-json\/wp\/v2\/types\/post"}],"author":[{"embeddable":true,"href":"https:\/\/www.europesays.com\/es\/wp-json\/wp\/v2\/users\/2"}],"replies":[{"embeddable":true,"href":"https:\/\/www.europesays.com\/es\/wp-json\/wp\/v2\/comments?post=158926"}],"version-history":[{"count":0,"href":"https:\/\/www.europesays.com\/es\/wp-json\/wp\/v2\/posts\/158926\/revisions"}],"wp:featuredmedia":[{"embeddable":true,"href":"https:\/\/www.europesays.com\/es\/wp-json\/wp\/v2\/media\/158927"}],"wp:attachment":[{"href":"https:\/\/www.europesays.com\/es\/wp-json\/wp\/v2\/media?parent=158926"}],"wp:term":[{"taxonomy":"category","embeddable":true,"href":"https:\/\/www.europesays.com\/es\/wp-json\/wp\/v2\/categories?post=158926"},{"taxonomy":"post_tag","embeddable":true,"href":"https:\/\/www.europesays.com\/es\/wp-json\/wp\/v2\/tags?post=158926"}],"curies":[{"name":"wp","href":"https:\/\/api.w.org\/{rel}","templated":true}]}}