{"id":158930,"date":"2025-10-06T05:23:10","date_gmt":"2025-10-06T05:23:10","guid":{"rendered":"https:\/\/www.europesays.com\/es\/158930\/"},"modified":"2025-10-06T05:23:10","modified_gmt":"2025-10-06T05:23:10","slug":"vega-trails-la-nueva-vida-de-un-visionario-del-jazz-britanico-en-la-sierra-madrilena-cultura","status":"publish","type":"post","link":"https:\/\/www.europesays.com\/es\/158930\/","title":{"rendered":"Vega trails: La nueva vida de un visionario del jazz brit\u00e1nico en la sierra madrile\u00f1a | Cultura"},"content":{"rendered":"<p class=\"\">Los pinos de la sierra de Guadarrama anhelan la lluvia. El cielo permanece despejado y el sol se eleva con fuerza en esta ma\u00f1ana de septiembre que bien merecer\u00eda un diluvio. \u201cEstuvimos muy preocupados por los incendios del verano\u201d, recuerda Milo Fitzpatrick (Southampton, el Reino Unido, 40 a\u00f1os) cuando la pinocha que cubre el sendero cruje bajo sus pies. <a href=\"https:\/\/elpais.com\/noticias\/sierra-guadarrama\/\" target=\"_blank\" rel=\"noreferrer nofollow noopener\" title=\"https:\/\/elpais.com\/noticias\/sierra-guadarrama\/\">El m\u00fasico asciende este escarpado paraje madrile\u00f1o <\/a>con el contrabajo a la espalda hasta llegar a un claro. All\u00ed desenfunda el instrumento, llena de aire sus pulmones y entorna los ojos. Sus dedos comienzan entonces a percutir las cuerdas y a recorrer el m\u00e1stil, que destaca entre los troncos de los \u00e1rboles, cuyas copas mece el aire seco. Suenan los primeros acordes de Els, una composici\u00f3n incluida en su segundo trabajo en solitario, Sierra Tracks, concebido en este entorno al que ahora llama hogar.<\/p>\n<p>M\u00e1s informaci\u00f3n<\/p>\n<p class=\"\">Fitzpatrick se refugi\u00f3 hace tres a\u00f1os en San Lorenzo de El Escorial (19.000 habitantes). <a href=\"https:\/\/elpais.com\/cultura\/2012\/02\/21\/tentaciones\/1329837842_690474.html\" target=\"_blank\" rel=\"noreferrer nofollow noopener\" title=\"https:\/\/elpais.com\/cultura\/2012\/02\/21\/tentaciones\/1329837842_690474.html\">Miembro fundador de Portico Quartet<\/a>, germen de una estimulante escena de jazz con sede en Londres y fama global, ha emprendido su carrera en solitario bajo el nombre de Vega Trails. Su \u00faltimo disco incursiona en la m\u00fasica de c\u00e1mara y los sonidos electr\u00f3nicos. Evoca el espacio abierto de la sierra de Guadarrama, en cuyas faldas vive con su mujer y dos hijos de 12 y siete a\u00f1os. El matrimonio ten\u00eda ganas de mudarse a Madrid, donde naci\u00f3 ella, y el destino quiso que acabasen instal\u00e1ndose en este municipio a unos 60 kil\u00f3metros de la capital. \u201cNos marchamos de Londres por el precio de la vivienda, como otros muchos artistas que conozco. Un amigo nos sugiri\u00f3 que mir\u00e1semos casas en esta zona de la sierra\u201d, rememora Fitzpatrick. \u201cAl final, alquilamos el piso desde el Reino Unido sin visitarlo. Lo que nos convenci\u00f3 definitivamente fueron las vistas a la monta\u00f1a\u201d.<\/p>\n<p><img decoding=\"auto\" class=\"_re lazyload a_m-h\" height=\"277\"  width=\"414\"  src=\"https:\/\/www.europesays.com\/es\/wp-content\/uploads\/2025\/10\/GF4A4E222RBKZG35AIE3O3NPWQ.jpg\" loading=\"lazy\"\/>Milo Fitzpatrick, en su casa de San Lorenzo de El Escorial (Madrid).Carlos Rosillo<\/p>\n<p class=\"\">Esta es la primera vez que Fitzpatrick se atreve a cargar con su contrabajo por la sierra, como hizo por el metro de Londres en sus tiempos de m\u00fasico callejero. Resalta que la mayor parte de las melod\u00edas del disco se le <a href=\"https:\/\/elpais.com\/noticias\/espacios-naturales\/\" target=\"_blank\" rel=\"noreferrer nofollow noopener\" title=\"https:\/\/elpais.com\/noticias\/espacios-naturales\/\">ha aparecido durante sus largos paseos<\/a> por aqu\u00ed. \u201cLa conexi\u00f3n con la naturaleza, que representa algo mucho m\u00e1s grande que nosotros, es muy com\u00fan en la historia del arte. Aqu\u00ed encuentro un espacio para que las ideas fluyan m\u00e1s all\u00e1 de las obligaciones del d\u00eda a d\u00eda\u201d, diserta con el instrumento entre las manos. En la g\u00e9nesis del proyecto, escuch\u00f3 mucha m\u00fasica rom\u00e1ntica con la idea de reproducir \u00e9l tambi\u00e9n \u201cla gravedad del paisaje\u201d. Colabora Jordan Smart, saxofonista de Mammal Hands, otro de esos conjuntos que en los \u00faltimos tiempos han reescrito desde la capital brit\u00e1nica y con un arrollador lirismo las reglas del g\u00e9nero. <\/p>\n<p class=\"\">\u201cEl resultado es una obra atmosf\u00e9rica\u201d, advierte el compositor, impregnada del aire de la sierra, grabada entre su casa de San Lorenzo de El Escorial y dos estudios en el Reino Unido y Polonia. Cuenta con arreglos de la pianista Hania Rani, quiz\u00e1 la figura que m\u00e1s refulge en la m\u00fasica neocl\u00e1sica actual, cuyas actuaciones han llegado a <a href=\"https:\/\/www.youtube.com\/watch?v=J5oZ80Daduc&amp;list=RDJ5oZ80Daduc&amp;start_radio=1\" target=\"_blank\" rel=\"noreferrer nofollow noopener\" title=\"https:\/\/www.youtube.com\/watch?v=J5oZ80Daduc&amp;list=RDJ5oZ80Daduc&amp;start_radio=1\">acumular en YouTube casi 10 millones de visualizaciones<\/a>. El eco de una de esas flautas de pan con las que se anuncia el afilador introduce el \u00e1lbum. \u201cTodav\u00eda siento que estoy aterrizando en el pueblo\u201d, advierte Fitzpatrick, que alega que su principal barrera es el idioma, aunque chapurrea el espa\u00f1ol. A escasos metros de su casa, la sala Rebabel organiza jam sessions cada jueves. \u201cHe ido alg\u00fan d\u00eda a escuchar, pero no me he atrevido a subir al escenario. S\u00e9 que es un obst\u00e1culo que est\u00e1 solo en mi cabeza. Llegar\u00e1 un momento en que tenga m\u00e1s confianza\u201d.<\/p>\n<p class=\"\">Su mente privilegiada le juega en ocasiones malas pasadas. \u201cMis hijos est\u00e1n muy c\u00f3modos en el colegio, mi mujer tiene un buen trabajo, creo que el que tiene que terminar de adaptarse soy yo\u201d, admite Fitzpatrick, quien por ahora no tiene ni una sola fecha confirmada en Espa\u00f1a para su gira de presentaci\u00f3n de Sierra Tracks. Alberga la sensaci\u00f3n de que <a href=\"https:\/\/elpais.com\/espana\/madrid\/2021-09-06\/monodrama-un-islote-de-jazz-contemporaneo-en-madrid.html\" target=\"_blank\" rel=\"noreferrer nofollow noopener\" title=\"https:\/\/elpais.com\/espana\/madrid\/2021-09-06\/monodrama-un-islote-de-jazz-contemporaneo-en-madrid.html\">su sonido en los m\u00e1rgenes de la improvisaci\u00f3n<\/a> no cuenta todav\u00eda con suficiente publico aqu\u00ed. Ofrecer\u00e1 recitales este oto\u00f1o en Par\u00eds, Bruselas, Berl\u00edn, Manchester o Londres, adonde viaja con frecuencia para visitar a familiares y amigos. Formado en M\u00fasica popular por la Universidad de Goldsmiths, siempre ha huido de las etiquetas estil\u00edsticas. \u201cCreo que en Espa\u00f1a hay m\u00e1s muros en ese sentido. Quienes asisten a clubs de jazz no se suelen mezclar con los de las salas de rock y viceversa\u201d, arguye.<\/p>\n<p class=\"\">\u201cEn Londres todo pasa a la vez en sitios como el Cafe Oto o conciertos en viejas f\u00e1bricas y talleres\u201d, prosigue al descender la monta\u00f1a de vuelta a casa. Portico Quartet se aliment\u00f3 de ese tipo de p\u00fablico \u00e1vido de experimentaci\u00f3n. Se forjaron en 2005 como m\u00fasicos callejeros a orillas del T\u00e1mesis. Durante estas actuaciones, lograron vender m\u00e1s de 10.000 ced\u00e9s autoeditados de su primer trabajo, un milagro del hazlo t\u00fa mismo. \u201cEra duro andar de un lado a otro con el contrabajo. No deb\u00ed hacer muchos amigos en el metro de Londres\u201d, bromea Fitzpatrick. Firmar con Real World, el sello del inclasificable Peter Gabriel, les permiti\u00f3 dejar de pasar fr\u00edo. Grabaron entonces siete discos de estudio que responden a variadas categor\u00edas musicales \u2014jazz contempor\u00e1neo, rock avanzado o ambient\u2014 y solo tienen en com\u00fan <a href=\"https:\/\/elpais.com\/cultura\/2012\/04\/02\/actualidad\/1333384012_366491.html\" rel=\"nofollow noopener\" title=\"https:\/\/elpais.com\/cultura\/2012\/04\/02\/actualidad\/1333384012_366491.html\" target=\"_blank\">el uso del hang, un instrumento de percusi\u00f3n mel\u00f3dica<\/a>. <\/p>\n<p><img decoding=\"auto\" class=\"_re lazyload a_m-h\" height=\"277\"  width=\"414\"  src=\"https:\/\/www.europesays.com\/es\/wp-content\/uploads\/2025\/10\/U3OHJB4CHFELZM2HBEP6GARL44.jpg\" loading=\"lazy\"\/>Portadas de los dos discos de Vega Trails, en la casa de Milo Fitzpatrick en San Lorenzo de El Escorial (Madrid).Carlos Rosillo<\/p>\n<p class=\"\">Portico Cuartet no ha vuelto a reunirse al completo desde la pandemia, cuando alcanzaron la c\u00faspide de su trayectoria. \u201cNos hemos dado un descanso para desarrollar proyectos personales\u201d, zanja el contrabajista. Sus cuatro art\u00edfices coincidieron por vez primera con apenas 20 a\u00f1os en la Escuela de Estudios Orientales y Africanos de la Universidad de Londres, donde tambi\u00e9n estudiaba la esposa de Fitzpatrick, que frecuentaba el centro sin estar matriculado. \u201cNos sent\u00edamos parte de algo que empezaba a nacer\u201d, destaca el contrabajista sobre un movimiento de jovenc\u00edsimos amantes de la sorpresa. M\u00e1s tarde surgir\u00edan <a href=\"https:\/\/elpais.com\/babelia\/2022-12-10\/ezra-collective-el-jazz-que-abre-la-mente.html\" target=\"_blank\" rel=\"noreferrer nofollow noopener\" title=\"https:\/\/elpais.com\/babelia\/2022-12-10\/ezra-collective-el-jazz-que-abre-la-mente.html\">espacios como Total Refreshment Center, Tomorrow\u2019s Warriors o Church Of Sound <\/a>que catalizan toda esta energ\u00eda colectiva con talleres de experimentaci\u00f3n musical y sesiones de improvisaci\u00f3n. Artistas de segunda ornada como The Comet Is Coming, Nubya Garc\u00eda y Ezra Collective se baquetearon all\u00ed.<\/p>\n<p class=\"\">Fitzpatrick busca ahora nuevos c\u00f3mplices en Madrid. Visita<a href=\"https:\/\/elpais.com\/espana\/madrid\/2025-07-23\/cierra-el-cafe-central-meca-del-jazz-en-madrid.html\" target=\"_blank\" rel=\"noreferrer nofollow noopener\" title=\"https:\/\/elpais.com\/espana\/madrid\/2025-07-23\/cierra-el-cafe-central-meca-del-jazz-en-madrid.html\"> clubs de jazz, acude a conciertos <\/a>si sus suegros pueden hacerse cargo de los ni\u00f1os. Intuye sin temor a equivocarse que en la ciudad le queda \u201cmucho talento\u201d por descubrir. \u201cNecesito artistas afines con los que tocar, simplemente, sin m\u00e1s ambici\u00f3n que esa. No es f\u00e1cil conocer gente nueva cuando ya no eres estudiante universitario\u201d, lamenta al traspasar el portal de su casa con el peso del contrabajo todav\u00eda a la espalda. Mientras espera a que baje el ascensor, una vecina del bloque muestra su alegr\u00eda por que haya \u201cotro m\u00fasico en la casa\u201d. \u201cPensaba que yo era el \u00fanico. Soy profesional, he grabado algunos discos en el Reino Unido. Espero no hacer demasiado ruido\u201d, se disculpa \u00e9l en espa\u00f1ol. As\u00ed es la nueva vida de un visionario del jazz a la sombra de la monta\u00f1a.<\/p>\n","protected":false},"excerpt":{"rendered":"Los pinos de la sierra de Guadarrama anhelan la lluvia. El cielo permanece despejado y el sol se&hellip;\n","protected":false},"author":2,"featured_media":158931,"comment_status":"","ping_status":"","sticky":false,"template":"","format":"standard","meta":{"footnotes":""},"categories":[91],"tags":[208,209,20062,146,147,25,24,723,7228,205,185,725,2444,37988,23877,23],"class_list":{"0":"post-158930","1":"post","2":"type-post","3":"status-publish","4":"format-standard","5":"has-post-thumbnail","7":"category-entretenimiento","8":"tag-conciertos","9":"tag-cultura","10":"tag-discos-musica","11":"tag-entertainment","12":"tag-entretenimiento","13":"tag-es","14":"tag-espana","15":"tag-jazz","16":"tag-londres","17":"tag-madrid","18":"tag-musica","19":"tag-musicos","20":"tag-reino-unido","21":"tag-san-lorenzo-de-el-escorial","22":"tag-sierra-de-guadarrama","23":"tag-spain"},"share_on_mastodon":{"url":"","error":""},"_links":{"self":[{"href":"https:\/\/www.europesays.com\/es\/wp-json\/wp\/v2\/posts\/158930","targetHints":{"allow":["GET"]}}],"collection":[{"href":"https:\/\/www.europesays.com\/es\/wp-json\/wp\/v2\/posts"}],"about":[{"href":"https:\/\/www.europesays.com\/es\/wp-json\/wp\/v2\/types\/post"}],"author":[{"embeddable":true,"href":"https:\/\/www.europesays.com\/es\/wp-json\/wp\/v2\/users\/2"}],"replies":[{"embeddable":true,"href":"https:\/\/www.europesays.com\/es\/wp-json\/wp\/v2\/comments?post=158930"}],"version-history":[{"count":0,"href":"https:\/\/www.europesays.com\/es\/wp-json\/wp\/v2\/posts\/158930\/revisions"}],"wp:featuredmedia":[{"embeddable":true,"href":"https:\/\/www.europesays.com\/es\/wp-json\/wp\/v2\/media\/158931"}],"wp:attachment":[{"href":"https:\/\/www.europesays.com\/es\/wp-json\/wp\/v2\/media?parent=158930"}],"wp:term":[{"taxonomy":"category","embeddable":true,"href":"https:\/\/www.europesays.com\/es\/wp-json\/wp\/v2\/categories?post=158930"},{"taxonomy":"post_tag","embeddable":true,"href":"https:\/\/www.europesays.com\/es\/wp-json\/wp\/v2\/tags?post=158930"}],"curies":[{"name":"wp","href":"https:\/\/api.w.org\/{rel}","templated":true}]}}