{"id":158936,"date":"2025-10-06T05:26:14","date_gmt":"2025-10-06T05:26:14","guid":{"rendered":"https:\/\/www.europesays.com\/es\/158936\/"},"modified":"2025-10-06T05:26:14","modified_gmt":"2025-10-06T05:26:14","slug":"gana-la-europa-de-las-naciones","status":"publish","type":"post","link":"https:\/\/www.europesays.com\/es\/158936\/","title":{"rendered":"Gana la Europa de las naciones"},"content":{"rendered":"<p>Abascal felicita al pueblo checo por \u00abescoger el camino de la libertad, la seguridad y la prosperidad\u00bb<\/p>\n<p>MADRID 4 Oct. (EUROPA PRESS)\u00a0<\/p>\n<p>\u00a0 Vox ha felicitado este s\u00e1bado al ex primer ministro de Rep\u00fablica Checa Andrej Babis por la victoria de su partido ANO (S\u00ed), perteneciente a la coalici\u00f3n europea de Patriots del Parlamento Europeo, y que acudi\u00f3 a la cumbre del grupo celebrada en Madrid el pasado mes de febrero.<\/p>\n<p>\u00a0 \u00a0\u00abFelicitamos a nuestro amigo y compa\u00f1ero de Patriotas Andrej Babis por la clara victoria de ANO en las elecciones legislativas de Rep\u00fablica Checa\u00bb, han expresado los de Santiago Abascal en un mensaje en la red social X, recogida por Europa Press.<\/p>\n<p>\u00a0 \u00a0Seg\u00fan Vox, los checos han votado \u00abun rotundo s\u00ed\u00bb a la soberan\u00eda nacional, la seguridad y la prosperidad. \u00abGana Europa, la Europa de las naciones\u00bb, han a\u00f1adido.<\/p>\n<p>\u00a0 \u00a0Tambi\u00e9n ha felicitado a Babis el presidente de Vox, Santiago Abascal, que en otro mensaje en la misma red social le ha dado la enhorabuena por \u00absu clara victoria\u00bb y ha felicitado al pueblo checo por \u00abescoger el camino de la libertad, la seguridad y la prosperidad\u00bb.<\/p>\n<p>\u00a0 \u00a0\u00abHay una buena noticia en Europa. El globalismo retrocede y los patriotas avanzan\u00bb, ha a\u00f1adido Abascal en su tuit.<\/p>\n<p>\u00a0 \u00a0El partido populista ANO (S\u00ed) del ex primer ministro Andrej Babis, ha ganado las elecciones legislativas celebradas en Rep\u00fablica Checa entre el viernes y el s\u00e1bado con un 36,94 por ciento de apoyo, seg\u00fan resultados parciales correspondientes al 75 por ciento del escrutinio.<\/p>\n<p>\u00a0 \u00a0En segunda posici\u00f3n se sit\u00faa la alianza de centroderecha SPOLU (Juntos, 21,56 por ciento) del actual primer ministro del pa\u00eds, Petr Fiala, seguido del partido de centro Alcaldes e Independientes (STAN, 10,73 por ciento) y del partido de extrema derecha Libertad y Democracia Directa (SPD, 8,14 por ciento).<\/p>\n<p>\u00a0 \u00a0Con estos resultados, el partido de Babis tendr\u00eda que negociar para lograr la mayor\u00eda parlamentaria y lograr la investidura y ya se especula con posibles socios de coalici\u00f3n.<\/p>\n","protected":false},"excerpt":{"rendered":"Abascal felicita al pueblo checo por \u00abescoger el camino de la libertad, la seguridad y la prosperidad\u00bb MADRID&hellip;\n","protected":false},"author":2,"featured_media":158937,"comment_status":"","ping_status":"","sticky":false,"template":"","format":"standard","meta":{"footnotes":""},"categories":[42],"tags":[17,18,13,14,11,61,62,63,64,19,20,9,10,15,16,12,21,22,65,66,67],"class_list":{"0":"post-158936","1":"post","2":"type-post","3":"status-publish","4":"format-standard","5":"has-post-thumbnail","7":"category-internacional","8":"tag-breaking-news","9":"tag-breakingnews","10":"tag-featured-news","11":"tag-featurednews","12":"tag-headlines","13":"tag-internacional","14":"tag-international","15":"tag-international-news","16":"tag-internationalnews","17":"tag-latest-news","18":"tag-latestnews","19":"tag-news","20":"tag-noticias","21":"tag-noticias-destacadas","22":"tag-noticiasdestacadas","23":"tag-titulares","24":"tag-ultimas-noticias","25":"tag-ultimasnoticias","26":"tag-world","27":"tag-world-news","28":"tag-worldnews"},"share_on_mastodon":{"url":"","error":""},"_links":{"self":[{"href":"https:\/\/www.europesays.com\/es\/wp-json\/wp\/v2\/posts\/158936","targetHints":{"allow":["GET"]}}],"collection":[{"href":"https:\/\/www.europesays.com\/es\/wp-json\/wp\/v2\/posts"}],"about":[{"href":"https:\/\/www.europesays.com\/es\/wp-json\/wp\/v2\/types\/post"}],"author":[{"embeddable":true,"href":"https:\/\/www.europesays.com\/es\/wp-json\/wp\/v2\/users\/2"}],"replies":[{"embeddable":true,"href":"https:\/\/www.europesays.com\/es\/wp-json\/wp\/v2\/comments?post=158936"}],"version-history":[{"count":0,"href":"https:\/\/www.europesays.com\/es\/wp-json\/wp\/v2\/posts\/158936\/revisions"}],"wp:featuredmedia":[{"embeddable":true,"href":"https:\/\/www.europesays.com\/es\/wp-json\/wp\/v2\/media\/158937"}],"wp:attachment":[{"href":"https:\/\/www.europesays.com\/es\/wp-json\/wp\/v2\/media?parent=158936"}],"wp:term":[{"taxonomy":"category","embeddable":true,"href":"https:\/\/www.europesays.com\/es\/wp-json\/wp\/v2\/categories?post=158936"},{"taxonomy":"post_tag","embeddable":true,"href":"https:\/\/www.europesays.com\/es\/wp-json\/wp\/v2\/tags?post=158936"}],"curies":[{"name":"wp","href":"https:\/\/api.w.org\/{rel}","templated":true}]}}