{"id":158938,"date":"2025-10-06T05:27:17","date_gmt":"2025-10-06T05:27:17","guid":{"rendered":"https:\/\/www.europesays.com\/es\/158938\/"},"modified":"2025-10-06T05:27:17","modified_gmt":"2025-10-06T05:27:17","slug":"muere-un-hombre-atrapado-en-su-coche-en-fuerteventura","status":"publish","type":"post","link":"https:\/\/www.europesays.com\/es\/158938\/","title":{"rendered":"Muere un hombre atrapado en su coche en Fuerteventura"},"content":{"rendered":"<p class=\"voc-p\" style=\"\">Un conductor ha fallecido tras quedar <strong>atrapado<\/strong> en su coche en un vuelco en la v\u00eda FV-104, a su paso por el Parque Holand\u00e9s y en direcci\u00f3n Puerto del Rosario (Fuerteventura). <\/p>\n<p class=\"voc-p\" style=\"\">Los hechos se produjeron pasada la medianoche de este s\u00e1bado, momento en el que se recibi\u00f3 el aviso en el 112  Canarias. Los Bomberos de La Oliva se hicieron cargo de liberar al hombre para que fuera asistido por el Servicio de Urgencias Canario (SUC).<\/p>\n<p class=\"voc-p\" style=\"\">No obstante, los recursos sanitarios no pudieron hacer nada por salvar al hombre, puesto que presentaba <strong>lesiones incompatibles con la vida<\/strong>, y se vieron obligados a confirmar su fallecimiento.<\/p>\n<p class=\"voc-p\" style=\"\">Por \u00faltimo, agentes de la Guardia Civil se hicieron cargo de instruir las diligencias correspondientes.<\/p>\n<p>Reportar un error<\/p>\n","protected":false},"excerpt":{"rendered":"Un conductor ha fallecido tras quedar atrapado en su coche en un vuelco en la v\u00eda FV-104, a&hellip;\n","protected":false},"author":2,"featured_media":158939,"comment_status":"","ping_status":"","sticky":false,"template":"","format":"standard","meta":{"footnotes":""},"categories":[8],"tags":[19658,17,18,3075,25,24,13,14,18496,11,366,19,20,8938,9,10,15,16,23,12,21,22],"class_list":{"0":"post-158938","1":"post","2":"type-post","3":"status-publish","4":"format-standard","5":"has-post-thumbnail","7":"category-espana","8":"tag-atrapado","9":"tag-breaking-news","10":"tag-breakingnews","11":"tag-coche","12":"tag-es","13":"tag-espana","14":"tag-featured-news","15":"tag-featurednews","16":"tag-fuerteventura","17":"tag-headlines","18":"tag-hombre","19":"tag-latest-news","20":"tag-latestnews","21":"tag-muere","22":"tag-news","23":"tag-noticias","24":"tag-noticias-destacadas","25":"tag-noticiasdestacadas","26":"tag-spain","27":"tag-titulares","28":"tag-ultimas-noticias","29":"tag-ultimasnoticias"},"share_on_mastodon":{"url":"","error":""},"_links":{"self":[{"href":"https:\/\/www.europesays.com\/es\/wp-json\/wp\/v2\/posts\/158938","targetHints":{"allow":["GET"]}}],"collection":[{"href":"https:\/\/www.europesays.com\/es\/wp-json\/wp\/v2\/posts"}],"about":[{"href":"https:\/\/www.europesays.com\/es\/wp-json\/wp\/v2\/types\/post"}],"author":[{"embeddable":true,"href":"https:\/\/www.europesays.com\/es\/wp-json\/wp\/v2\/users\/2"}],"replies":[{"embeddable":true,"href":"https:\/\/www.europesays.com\/es\/wp-json\/wp\/v2\/comments?post=158938"}],"version-history":[{"count":0,"href":"https:\/\/www.europesays.com\/es\/wp-json\/wp\/v2\/posts\/158938\/revisions"}],"wp:featuredmedia":[{"embeddable":true,"href":"https:\/\/www.europesays.com\/es\/wp-json\/wp\/v2\/media\/158939"}],"wp:attachment":[{"href":"https:\/\/www.europesays.com\/es\/wp-json\/wp\/v2\/media?parent=158938"}],"wp:term":[{"taxonomy":"category","embeddable":true,"href":"https:\/\/www.europesays.com\/es\/wp-json\/wp\/v2\/categories?post=158938"},{"taxonomy":"post_tag","embeddable":true,"href":"https:\/\/www.europesays.com\/es\/wp-json\/wp\/v2\/tags?post=158938"}],"curies":[{"name":"wp","href":"https:\/\/api.w.org\/{rel}","templated":true}]}}