{"id":158940,"date":"2025-10-06T05:28:23","date_gmt":"2025-10-06T05:28:23","guid":{"rendered":"https:\/\/www.europesays.com\/es\/158940\/"},"modified":"2025-10-06T05:28:23","modified_gmt":"2025-10-06T05:28:23","slug":"osasuna-conocera-manana-a-su-primer-rival-de-la-copa-del-rey","status":"publish","type":"post","link":"https:\/\/www.europesays.com\/es\/158940\/","title":{"rendered":"Osasuna conocer\u00e1 ma\u00f1ana a su primer rival de la Copa del Rey"},"content":{"rendered":"<p>\u00a0<\/p>\n<p>El Club Atl\u00e9tico Osasuna conocer\u00e1 a su primer rival para la Copa del Rey 2025\/26 el pr\u00f3ximo lunes. El sorteo, que se llevar\u00e1 a cabo en la RFEF, se celebrar\u00e1 a partir de las 13:00 horas y servir\u00e1 para que los rojillos conozcan a su primer adversario para el torneo copero\u00a0para una eliminatoria que se disputar\u00e1 los d\u00edas 28, 29 y 30 de octubre y que el cuadro navarro disputar\u00e1 como visitante.<\/p>\n<p class=\"title-m title-s\">Un sorteo con\u00a0una novedad: proximidad geogr\u00e1fica<\/p>\n<p>Como novedad, el sorteo del pr\u00f3ximo lunes distribuir\u00e1 a los equipos por grupos en funci\u00f3n de la proximidad geogr\u00e1fica. De esta manera, adem\u00e1s de la habitual distribuci\u00f3n en funci\u00f3n de la categor\u00eda, este curso la primera eliminatoria estar\u00e1 condicionada por la proximidad de los equipos. As\u00ed, Osasuna est\u00e1 encuadrado en el grupo 2\u00a0y podr\u00e1 quedar emparejado con equipos navarros, aragoneses, catalanes y baleares.\u00a0\u00a0<\/p>\n<p>Al igual que en ediciones anteriores, el sorteo emparejar\u00e1 a los equipos de mayor categor\u00eda con los de menor. En el caso de Osasuna, los posibles rivales son:\u00a0<\/p>\n<p>&#8211;\u00a0C. D. Valle de Eg\u00fc\u00e9s (Navarra, Tercera Federaci\u00f3n)<\/p>\n<p>&#8211;\u00a0CE\u00a0Const\u00e0ncia\u00a0(Islas Baleares, Tercera Federaci\u00f3n)<\/p>\n<p>&#8211;\u00a0CE Atl\u00e8tic<strong>\u00a0<\/strong>Lleida (Catalu\u00f1a, Segunda Federaci\u00f3n &#8211; Copa Federaci\u00f3n)<\/p>\n<p>&#8211;\u00a0Atl\u00e8tic Sant Just FC\u00a0(Catalu\u00f1a,\u00a0Lliga\u00a0Elit)<\/p>\n<p>&#8211;\u00a0CD Sant Jordi (Islas Baleares, Divisi\u00f3n de Honor Baleares)<\/p>\n","protected":false},"excerpt":{"rendered":"\u00a0 El Club Atl\u00e9tico Osasuna conocer\u00e1 a su primer rival para la Copa del Rey 2025\/26 el pr\u00f3ximo&hellip;\n","protected":false},"author":2,"featured_media":158941,"comment_status":"","ping_status":"","sticky":false,"template":"","format":"standard","meta":{"footnotes":""},"categories":[5],"tags":[17,18,25,24,13,14,11,19,20,9,10,15,16,23,12,21,22],"class_list":{"0":"post-158940","1":"post","2":"type-post","3":"status-publish","4":"format-standard","5":"has-post-thumbnail","7":"category-titulares","8":"tag-breaking-news","9":"tag-breakingnews","10":"tag-es","11":"tag-espana","12":"tag-featured-news","13":"tag-featurednews","14":"tag-headlines","15":"tag-latest-news","16":"tag-latestnews","17":"tag-news","18":"tag-noticias","19":"tag-noticias-destacadas","20":"tag-noticiasdestacadas","21":"tag-spain","22":"tag-titulares","23":"tag-ultimas-noticias","24":"tag-ultimasnoticias"},"share_on_mastodon":{"url":"","error":""},"_links":{"self":[{"href":"https:\/\/www.europesays.com\/es\/wp-json\/wp\/v2\/posts\/158940","targetHints":{"allow":["GET"]}}],"collection":[{"href":"https:\/\/www.europesays.com\/es\/wp-json\/wp\/v2\/posts"}],"about":[{"href":"https:\/\/www.europesays.com\/es\/wp-json\/wp\/v2\/types\/post"}],"author":[{"embeddable":true,"href":"https:\/\/www.europesays.com\/es\/wp-json\/wp\/v2\/users\/2"}],"replies":[{"embeddable":true,"href":"https:\/\/www.europesays.com\/es\/wp-json\/wp\/v2\/comments?post=158940"}],"version-history":[{"count":0,"href":"https:\/\/www.europesays.com\/es\/wp-json\/wp\/v2\/posts\/158940\/revisions"}],"wp:featuredmedia":[{"embeddable":true,"href":"https:\/\/www.europesays.com\/es\/wp-json\/wp\/v2\/media\/158941"}],"wp:attachment":[{"href":"https:\/\/www.europesays.com\/es\/wp-json\/wp\/v2\/media?parent=158940"}],"wp:term":[{"taxonomy":"category","embeddable":true,"href":"https:\/\/www.europesays.com\/es\/wp-json\/wp\/v2\/categories?post=158940"},{"taxonomy":"post_tag","embeddable":true,"href":"https:\/\/www.europesays.com\/es\/wp-json\/wp\/v2\/tags?post=158940"}],"curies":[{"name":"wp","href":"https:\/\/api.w.org\/{rel}","templated":true}]}}