{"id":158944,"date":"2025-10-06T05:35:11","date_gmt":"2025-10-06T05:35:11","guid":{"rendered":"https:\/\/www.europesays.com\/es\/158944\/"},"modified":"2025-10-06T05:35:11","modified_gmt":"2025-10-06T05:35:11","slug":"el-curioso-posteo-de-colapinto-con-una-sugerente-cancion-de-arjona","status":"publish","type":"post","link":"https:\/\/www.europesays.com\/es\/158944\/","title":{"rendered":"El curioso posteo de Colapinto con una sugerente canci\u00f3n de Arjona"},"content":{"rendered":"<p>&#13;<br \/>\n                    &#13;<br \/>\n                        &#13;<br \/>\n&#13;<\/p>\n<p>El piloto argentino dej\u00f3 en claro su fastidio luego de finalizar 16\u00b0 en el GP de Singapur y sorprendi\u00f3 a todos con su elecci\u00f3n musical.<\/p>\n<p>&#13;<br \/>\n<img decoding=\"async\" class=\"mainImg r16x9\" width=\"416\" height=\"234\" fetchpriority=\"high\" src=\"https:\/\/www.europesays.com\/es\/wp-content\/uploads\/2025\/10\/franco-colapinto_416x234.webp.webp\"  alt=\"Franco Colapinto\" title=\"Franco Colapinto\"\/> Franco Colapinto finaliz\u00f3 16 en el Gran Premio de Singapur de la F\u00f3rmula 1.<\/p>\n<p>La carrera nocturna en Marina Bay dej\u00f3 <a onclick=\"ga4SelectContentEvent(&quot;El curioso posteo de Colapinto con una sugerente canci\\u00f3n de Arjona&quot;, &quot;Automovilismo&quot;, &quot;Nota&quot;);\" href=\"https:\/\/www.tycsports.com\/automovilismo\/franco-colapinto-alpien-formula-1-gp-de-singapur-id690625.html\" target=\"_blank\" rel=\"nofollow noopener\">a <\/a><b><a onclick=\"ga4SelectContentEvent(&quot;El curioso posteo de Colapinto con una sugerente canci\\u00f3n de Arjona&quot;, &quot;Automovilismo&quot;, &quot;Nota&quot;);\" href=\"https:\/\/www.tycsports.com\/automovilismo\/franco-colapinto-alpien-formula-1-gp-de-singapur-id690625.html\" target=\"_blank\" rel=\"nofollow noopener\">Franco Colapinto<\/a><\/b><a onclick=\"ga4SelectContentEvent(&quot;El curioso posteo de Colapinto con una sugerente canci\\u00f3n de Arjona&quot;, &quot;Automovilismo&quot;, &quot;Nota&quot;);\" href=\"https:\/\/www.tycsports.com\/automovilismo\/franco-colapinto-alpien-formula-1-gp-de-singapur-id690625.html\" target=\"_blank\" rel=\"nofollow noopener\"> con un sabor amargo.<\/a> Si bien protagoniz\u00f3 una gran largada que lo llev\u00f3 a ganar tres lugares en las primeras curvas, el piloto bonaerense no logr\u00f3 sostener el ritmo y <b>finaliz\u00f3 16\u00ba en el Gran Premio de Singapur. <\/b>    <\/p>\n<p>&#13;<\/p>\n<p>Una vez terminada la competencia, expres\u00f3 su descontento en redes sociales. \u201cOtro d\u00eda dif\u00edcil, dando todo siempre, pero las cosas no salen. A seguir empujando siempre, ya vendr\u00e1 alguna buena\u201d, public\u00f3 en Instagram, con una llamativa canci\u00f3n:<b> \u00abHistoria de un taxi\u00bb, de Ricardo Arjona.<\/b>    <\/p>\n<p>M\u00e1s all\u00e1 del resultado final, hubo momentos destacados para el argentino. Uno de ellos fue su stint con neum\u00e1ticos medios, que le permiti\u00f3 sostenerse en pista m\u00e1s tiempo que varios rivales. Sin embargo, las limitaciones <b>del Alpine A525 volvieron a ser determinantes. Colapinto, de 22 a\u00f1os, volvi\u00f3 a se\u00f1alar al auto como el gran impedimento para luchar por puntos en la F1.<\/b><\/p>\n<p><img decoding=\"async\" class=\"mainImg\" fetchpriority=\"low\" loading=\"lazy\" src=\"https:\/\/www.europesays.com\/es\/wp-content\/uploads\/2025\/10\/posteo-franco-colapinto_w862.webp.webp\" alt=\"Posteo Franco Colapinto\" title=\"Posteo Franco Colapinto\"\/><\/p>\n<p>Pese a todo, volvi\u00f3 a superar a su compa\u00f1ero de equipo. En una escuder\u00eda que no levanta cabeza y se mantiene en el fondo del Mundial de Constructores, Colapinto termin\u00f3 por delante de Pierre Gasly (19\u00ba), algo que ya se volvi\u00f3 habitual. <b>El rendimiento individual del pilarense sigue siendo uno de los pocos focos positivos en un equipo que arrastra problemas t\u00e9cnicos desde el inicio del campeonato.<\/b>    <\/p>\n<p>Antes del GP, una respuesta suya se volvi\u00f3 viral en redes. En un video publicado por Alpine, le preguntaron qu\u00e9 canci\u00f3n escuchar\u00eda en loop. Colapinto eligi\u00f3 dos temas: \u201cTu jard\u00edn con enanitos\u201d y \u201cHistoria de taxi\u201d (de\u00a0 de Ricardo Arjona).<b> La inesperada menci\u00f3n al cantante guatemalteco gener\u00f3 revuelo entre sus seguidores y fue tomada con humor por el contexto: el A525<\/b>, lejos de ser un b\u00f3lido, fue comparado con el viejo taxi de la canci\u00f3n.<\/p>\n<p><img decoding=\"async\" class=\"mainImg r3x4\" fetchpriority=\"low\" loading=\"lazy\" src=\"https:\/\/www.europesays.com\/es\/wp-content\/uploads\/2025\/10\/colapinto_416x555.webp.webp\" alt=\"Colapinto\" title=\"Colapinto\"\/> Colapinto se mostr\u00f3 muy frustrado tras la carrera en Singapur (Jayce Illman\/Getty Images).<\/p>\n<p>Con 20 carreras disputadas \u2014sin contar Silverstone, donde no pudo largar\u2014, el argentino sigue acumulando experiencia. Aunque s<b>e fue con bronca de Singapur, cumpli\u00f3 con el objetivo personal de quedar por delante de su compa\u00f1ero tanto en clasificaci\u00f3n como en carrera<\/b>, algo que ya logr\u00f3 en varias fechas del a\u00f1o.    <\/p>\n<p>El presente del equipo franc\u00e9s no da respiro. Alpine sigue \u00faltimo en el campeonato y el A525 es considerado, por rendimiento general, el peor auto de la temporada. En ese contexto, cada avance de Colapinto se valora a\u00fan m\u00e1s, <b>mientras sigue desarroll\u00e1ndose como piloto en la m\u00e1xima categor\u00eda.<\/b><\/p>\n<p>El Gran Premio fue ganado por George Russell, d\u00e1ndole a Mercedes su segunda victoria del a\u00f1o. Lo escoltaron Max Verstappen y Lando Norris.<b> Los buenos resultados de Norris y Oscar Piastri aseguraron el t\u00edtulo de Constructores para McLaren, seis fechas antes del cierre de temporada. Piastri, adem\u00e1s, contin\u00faa liderando la tabla de Pilotos.<\/b><\/p>\n<p>La pr\u00f3xima fecha marcar\u00e1 el inicio del segundo tramo americano del calendario.<b> El 19 de octubre se correr\u00e1 en Austin, Texas, seguido por M\u00e9xico (26\/10), Brasil (9\/11) y Las Vegas (22\/11).<\/b> Colapinto buscar\u00e1 reencontrarse con un buen resultado en una gira que suele ofrecer sorpresas.<\/p>\n<p class=\"subs-tag\">&#13;<br \/>\n            &#13;<br \/>\n            &#13;<br \/>\n            &#13;<br \/>\n            &#13;<br \/>\n            &#13;<br \/>\n         No te pierdas nada<\/p>\n<p>        &#13;<br \/>\n            Recib\u00ed las \u00faltimas noticias de F1 \u00a1y m\u00e1s!    &#13;<br \/>\n    &#13;<\/p>\n<p>&#13;<br \/>\n    &#13;<br \/>\n       &#13;<br \/>\n&#13;<br \/>\n        Te puede interesar<a href=\"https:\/\/www.tycsports.com\/automovilismo\/canapino-gano-un-carreron-y-asi-quedo-la-copa-de-oro-del-turismo-carretera-id690660.html\" onclick=\"ga4SelectContentEvent(&quot;As\\u00ed qued\\u00f3 la Copa de Oro del TC, tras el carrer\\u00f3n que gan\\u00f3 Canapino&quot;,&quot;Automovilismo&quot;,&quot;page_nota-comun-2024-blo_4109&quot;,&quot;Juan Manuel Collazo&quot;);\" class=\"cardImageHolder\" rel=\"nofollow noopener\" target=\"_blank\">&#13;<br \/>\n                    &#13;<br \/>\n                    &#13;<br \/>\n                <img decoding=\"async\" class=\"cardImage r16x9\" width=\"416\" height=\"234\" fetchpriority=\"low\" loading=\"lazy\" src=\"https:\/\/www.europesays.com\/es\/wp-content\/uploads\/2025\/10\/canapino_416x234.webp\"  alt=\"As\u00ed qued\u00f3 la Copa de Oro del TC, tras el carrer\u00f3n que gan\u00f3 Canapino\" title=\"As\u00ed qued\u00f3 la Copa de Oro del TC, tras el carrer\u00f3n que gan\u00f3 Canapino\"\/><\/a><a href=\"https:\/\/www.tycsports.com\/automovilismo\/turismo-carretera-canapino-rossi-san-nicolas-maniobra-id690655.html\" onclick=\"ga4SelectContentEvent(&quot;La sensacional maniobra de Canapino a Rossi para ganar en San Nicol\\u00e1s&quot;,&quot;Automovilismo&quot;,&quot;page_nota-comun-2024-blo_4109&quot;,&quot;Alejandro Bochichio&quot;);\" class=\"cardImageHolder\" rel=\"nofollow noopener\" target=\"_blank\">&#13;<br \/>\n                    &#13;<br \/>\n                    &#13;<br \/>\n                <img decoding=\"async\" class=\"cardImage r16x9\" width=\"416\" height=\"234\" fetchpriority=\"low\" loading=\"lazy\" src=\"https:\/\/www.europesays.com\/es\/wp-content\/uploads\/2025\/10\/canapino-y-rossi-tc-en-san-nicolas_416x234.webp\"  alt=\"La sensacional maniobra de Canapino a Rossi para ganar en San Nicol\u00e1s\" title=\"La sensacional maniobra de Canapino a Rossi para ganar en San Nicol\u00e1s\"\/><\/a><a href=\"https:\/\/www.tycsports.com\/automovilismo\/la-promesa-del-nuevo-jefe-de-colapinto-en-alpine-vendran-dias-mejores-id690645.html\" onclick=\"ga4SelectContentEvent(&quot;La promesa del nuevo jefe de Colapinto en Alpine: \\&quot;Vendr\\u00e1n d\\u00edas mejores\\&quot;&quot;,&quot;Automovilismo&quot;,&quot;page_nota-comun-2024-blo_4109&quot;,&quot;Gabriel Cottone&quot;);\" class=\"cardImageHolder\" rel=\"nofollow noopener\" target=\"_blank\"><img decoding=\"async\" class=\"cardImage r16x9\" width=\"416\" height=\"234\" fetchpriority=\"low\" loading=\"lazy\" src=\"https:\/\/www.europesays.com\/es\/wp-content\/uploads\/2025\/10\/1759728910_518_steve-nielsen_416x234.webp.webp\"  alt=\"La promesa del nuevo jefe de Colapinto en Alpine: &quot;Vendr\u00e1n d\u00edas mejores&quot;\" title=\"La promesa del nuevo jefe de Colapinto en Alpine: &quot;Vendr\u00e1n d\u00edas mejores&quot;\"\/><\/a><a href=\"https:\/\/www.tycsports.com\/automovilismo\/lewis-hamilton-ferrari-sancionado-gp-de-singapur-formula-1-fernando-alonso-aniquilo-id690643.html\" onclick=\"ga4SelectContentEvent(&quot;Hamilton fue sancionado en el GP de Singapur y un rival lo aniquil\\u00f3: \\u201c\\u00c9l tiene siempre un poco de tolerancia\\u201d&quot;,&quot;Automovilismo&quot;,&quot;page_nota-comun-2024-blo_4109&quot;,&quot;Mat\\u00edas Besana&quot;);\" class=\"cardImageHolder\" rel=\"nofollow noopener\" target=\"_blank\"><img decoding=\"async\" class=\"cardImage r16x9\" width=\"416\" height=\"234\" fetchpriority=\"low\" loading=\"lazy\" src=\"https:\/\/www.europesays.com\/es\/wp-content\/uploads\/2025\/10\/lewis-hamilton-el-piloto-mas-ganador-de-la-historia-de-la-f1_416x234.webp\"  alt=\"Hamilton fue sancionado en el GP de Singapur y un rival lo aniquil\u00f3: \u201c\u00c9l tiene siempre un poco de tolerancia\u201d\" title=\"Hamilton fue sancionado en el GP de Singapur y un rival lo aniquil\u00f3: \u201c\u00c9l tiene siempre un poco de tolerancia\u201d\"\/><\/a><a href=\"https:\/\/www.tycsports.com\/automovilismo\/franco-colapinto-alpien-formula-1-gp-de-singapur-id690625.html\" onclick=\"ga4SelectContentEvent(&quot;La bronca de Colapinto por el rendimiento de Alpine: \\&quot;No entiendo por qu\\u00e9 vamos tan lento\\&quot;&quot;,&quot;Automovilismo&quot;,&quot;page_nota-comun-2024-blo_4109&quot;,&quot;Fernando Bajo &quot;);\" class=\"cardImageHolder\" rel=\"nofollow noopener\" target=\"_blank\"><img decoding=\"async\" class=\"cardImage r16x9\" width=\"416\" height=\"234\" fetchpriority=\"low\" loading=\"lazy\" src=\"https:\/\/www.europesays.com\/es\/wp-content\/uploads\/2025\/10\/1759728910_383_colapinto_416x234.webp\"  alt=\"La bronca de Colapinto por el rendimiento de Alpine: &quot;No entiendo por qu\u00e9 vamos tan lento&quot;\" title=\"La bronca de Colapinto por el rendimiento de Alpine: &quot;No entiendo por qu\u00e9 vamos tan lento&quot;\"\/><\/a><a href=\"https:\/\/www.tycsports.com\/automovilismo\/f1-alpine-franco-colapinto-pierre-gasly-mano-a-mano-id690626.html\" onclick=\"ga4SelectContentEvent(&quot;Colapinto vs. Gasly: as\\u00ed qued\\u00f3 el mano a mano en Alpine&quot;,&quot;Automovilismo&quot;,&quot;page_nota-comun-2024-blo_4109&quot;,&quot;Gabriel Cottone&quot;);\" class=\"cardImageHolder\" rel=\"nofollow noopener\" target=\"_blank\"><img decoding=\"async\" class=\"cardImage r16x9\" width=\"416\" height=\"234\" fetchpriority=\"low\" loading=\"lazy\" src=\"https:\/\/www.europesays.com\/es\/wp-content\/uploads\/2025\/10\/franco-colapinto-pierre-gasly_416x234.webp.webp\"  alt=\"Colapinto vs. Gasly: as\u00ed qued\u00f3 el mano a mano en Alpine\" title=\"Colapinto vs. Gasly: as\u00ed qued\u00f3 el mano a mano en Alpine\"\/><\/a>&#13;<br \/>\n&#13;<br \/>\n    &#13;<br \/>\n&#13;<br \/>\n&#13;<br \/>\n                  &#13;<\/p>\n","protected":false},"excerpt":{"rendered":"&#13; &#13; &#13; &#13; El piloto argentino dej\u00f3 en claro su fastidio luego de finalizar 16\u00b0 en el&hellip;\n","protected":false},"author":2,"featured_media":158945,"comment_status":"","ping_status":"","sticky":false,"template":"","format":"standard","meta":{"footnotes":""},"categories":[270],"tags":[1763,168,25,24,306,271,272,23,167],"class_list":{"0":"post-158944","1":"post","2":"type-post","3":"status-publish","4":"format-standard","5":"has-post-thumbnail","7":"category-formula-1","8":"tag-automovilismo","9":"tag-deportes","10":"tag-es","11":"tag-espana","12":"tag-f1","13":"tag-formula-1","14":"tag-formula1","15":"tag-spain","16":"tag-sports"},"share_on_mastodon":{"url":"","error":""},"_links":{"self":[{"href":"https:\/\/www.europesays.com\/es\/wp-json\/wp\/v2\/posts\/158944","targetHints":{"allow":["GET"]}}],"collection":[{"href":"https:\/\/www.europesays.com\/es\/wp-json\/wp\/v2\/posts"}],"about":[{"href":"https:\/\/www.europesays.com\/es\/wp-json\/wp\/v2\/types\/post"}],"author":[{"embeddable":true,"href":"https:\/\/www.europesays.com\/es\/wp-json\/wp\/v2\/users\/2"}],"replies":[{"embeddable":true,"href":"https:\/\/www.europesays.com\/es\/wp-json\/wp\/v2\/comments?post=158944"}],"version-history":[{"count":0,"href":"https:\/\/www.europesays.com\/es\/wp-json\/wp\/v2\/posts\/158944\/revisions"}],"wp:featuredmedia":[{"embeddable":true,"href":"https:\/\/www.europesays.com\/es\/wp-json\/wp\/v2\/media\/158945"}],"wp:attachment":[{"href":"https:\/\/www.europesays.com\/es\/wp-json\/wp\/v2\/media?parent=158944"}],"wp:term":[{"taxonomy":"category","embeddable":true,"href":"https:\/\/www.europesays.com\/es\/wp-json\/wp\/v2\/categories?post=158944"},{"taxonomy":"post_tag","embeddable":true,"href":"https:\/\/www.europesays.com\/es\/wp-json\/wp\/v2\/tags?post=158944"}],"curies":[{"name":"wp","href":"https:\/\/api.w.org\/{rel}","templated":true}]}}